{"id":32397,"date":"2026-02-17T05:30:00","date_gmt":"2026-02-17T08:30:00","guid":{"rendered":"https:\/\/correiodoestado.audiencelabs.com.br\/?p=32397"},"modified":"2026-02-12T18:06:16","modified_gmt":"2026-02-12T21:06:16","slug":"brasileiros-que-trabalham-no-comercio-precisam-obedecer-nova-regra-a-partir-de-1o-de-marco","status":"publish","type":"post","link":"https:\/\/correiodoestado.audiencelabs.com.br\/brasileiros-que-trabalham-no-comercio-precisam-obedecer-nova-regra-a-partir-de-1o-de-marco\/","title":{"rendered":"Brasileiros que trabalham no com\u00e9rcio precisam obedecer nova regra a partir de 1\u00ba de mar\u00e7o"},"content":{"rendered":"\n<p>A partir do dia 1\u00ba de mar\u00e7o, uma mudan\u00e7a relevante na legisla\u00e7\u00e3o trabalhista promete alterar a rotina do com\u00e9rcio brasileiro em geral, o que inclui lojas, supermercados e diversos outros servi\u00e7os de todo o pa\u00eds. A nova regra, estabelecida pela Portaria n\u00ba 3.665\/2023, do Minist\u00e9rio do Trabalho e Emprego, extingue a autoriza\u00e7\u00e3o autom\u00e1tica para o trabalho aos domingos e feriados. <\/p>\n\n\n\n<p>Na pr\u00e1tica, os estabelecimentos s\u00f3 poder\u00e3o funcionar nessas datas se houver um acordo formal com os funcion\u00e1rios, por meio de conven\u00e7\u00e3o coletiva, entre os sindicatos patronais e dos trabalhadores. At\u00e9 ent\u00e3o, muitas categorias do com\u00e9rcio contavam com permiss\u00e3o permanente para abrir aos finais de semana e feriados. <\/p>\n\n\n\n<figure class=\"wp-block-gallery has-nested-images columns-default is-cropped wp-block-gallery-1 is-layout-flex wp-block-gallery-is-layout-flex\">\n<figure class=\"wp-block-image size-large\"><img loading=\"lazy\" decoding=\"async\" width=\"984\" height=\"554\" data-id=\"29855\" src=\"https:\/\/correiodoestado.audiencelabs.com.br\/wp-content\/uploads\/2026\/01\/supermercado.webp\" alt=\"\" class=\"wp-image-29855\" srcset=\"https:\/\/correiodoestado.audiencelabs.com.br\/wp-content\/uploads\/2026\/01\/supermercado.webp 984w, https:\/\/correiodoestado.audiencelabs.com.br\/wp-content\/uploads\/2026\/01\/supermercado-300x169.webp 300w, https:\/\/correiodoestado.audiencelabs.com.br\/wp-content\/uploads\/2026\/01\/supermercado-768x432.webp 768w, https:\/\/correiodoestado.audiencelabs.com.br\/wp-content\/uploads\/2026\/01\/supermercado-750x422.webp 750w\" sizes=\"auto, (max-width: 984px) 100vw, 984px\" \/><figcaption class=\"wp-element-caption\">Cr\u00e9ditos: Marcelo Camargo\/Ag\u00eancia Brasil<\/figcaption><\/figure>\n<\/figure>\n\n\n\n<p>Agora, com a mudan\u00e7a, o Governo Federal retoma o entendimento de que o trabalho nesses dias deve ser definido por meio de negocia\u00e7\u00e3o entre as partes. Segundo o Minist\u00e9rio do Trabalho, a nova regra do com\u00e9rcio corrige distor\u00e7\u00f5es de gest\u00f5es anteriores e fortalece o di\u00e1logo sindical. Por outro lado, h\u00e1 preocupa\u00e7\u00e3o por parte do setor operacional no que diz respeito aos impactos na opera\u00e7\u00e3o e nas vendas.<\/p>\n\n\n\n<h2 class=\"wp-block-heading\">Nova regra para o com\u00e9rcio entra em vigor em mar\u00e7o<\/h2>\n\n\n\n<p>Vale destacar que a medida n\u00e3o pro\u00edbe o trabalho aos domingos e feriados, mas estabelece que ele deve ser negociado entre as partes. Se houver autoriza\u00e7\u00e3o, os com\u00e9rcios poder\u00e3o abrir normalmente nessas datas. A lista de segmentos que perdem a autoriza\u00e7\u00e3o autom\u00e1tica \u00e9 extensa. Entre os principais setores que passar\u00e3o a depender de acordo sindical para abrir est\u00e3o:<\/p>\n\n\n\n<ul class=\"wp-block-list\">\n<li><strong>Alimenta\u00e7\u00e3o:<\/strong> supermercados, hipermercados, feiras livres, a\u00e7ougues, peixarias e padarias.<\/li>\n\n\n\n<li><strong>Sa\u00fade e beleza:<\/strong> farm\u00e1cias (inclusive de manipula\u00e7\u00e3o), barbearias e sal\u00f5es de beleza.<\/li>\n\n\n\n<li><strong>Servi\u00e7os automotivos:<\/strong> postos de combust\u00edveis e lojas de acess\u00f3rios.<\/li>\n\n\n\n<li><strong>Lazer e turismo:<\/strong> hot\u00e9is, bares, restaurantes, casas de divers\u00f5es e locadoras de ve\u00edculos.<\/li>\n\n\n\n<li><strong>Com\u00e9rcio em geral:<\/strong> lojas de shopping centers e varejistas de roupas, m\u00f3veis e eletroeletr\u00f4nicos.<\/li>\n<\/ul>\n","protected":false},"excerpt":{"rendered":"<p>A partir do dia 1\u00ba de mar\u00e7o, uma mudan\u00e7a relevante na legisla\u00e7\u00e3o trabalhista promete alterar a rotina do com\u00e9rcio brasileiro em geral, o que inclui lojas, supermercados e diversos outros servi\u00e7os de todo o pa\u00eds. A nova regra, estabelecida pela Portaria n\u00ba 3.665\/2023, do Minist\u00e9rio do Trabalho e Emprego, extingue a autoriza\u00e7\u00e3o autom\u00e1tica para o [&hellip;]<\/p>\n","protected":false},"author":18,"featured_media":28871,"comment_status":"open","ping_status":"open","sticky":false,"template":"","format":"standard","meta":{"jnews-multi-image_gallery":[],"jnews_single_post":{"format":"standard"},"jnews_primary_category":[],"jnews_social_meta":[],"footnotes":""},"categories":[1],"tags":[],"class_list":["post-32397","post","type-post","status-publish","format-standard","has-post-thumbnail","hentry","category-mix"],"_links":{"self":[{"href":"https:\/\/correiodoestado.audiencelabs.com.br\/wp-json\/wp\/v2\/posts\/32397","targetHints":{"allow":["GET"]}}],"collection":[{"href":"https:\/\/correiodoestado.audiencelabs.com.br\/wp-json\/wp\/v2\/posts"}],"about":[{"href":"https:\/\/correiodoestado.audiencelabs.com.br\/wp-json\/wp\/v2\/types\/post"}],"author":[{"embeddable":true,"href":"https:\/\/correiodoestado.audiencelabs.com.br\/wp-json\/wp\/v2\/users\/18"}],"replies":[{"embeddable":true,"href":"https:\/\/correiodoestado.audiencelabs.com.br\/wp-json\/wp\/v2\/comments?post=32397"}],"version-history":[{"count":2,"href":"https:\/\/correiodoestado.audiencelabs.com.br\/wp-json\/wp\/v2\/posts\/32397\/revisions"}],"predecessor-version":[{"id":33054,"href":"https:\/\/correiodoestado.audiencelabs.com.br\/wp-json\/wp\/v2\/posts\/32397\/revisions\/33054"}],"wp:featuredmedia":[{"embeddable":true,"href":"https:\/\/correiodoestado.audiencelabs.com.br\/wp-json\/wp\/v2\/media\/28871"}],"wp:attachment":[{"href":"https:\/\/correiodoestado.audiencelabs.com.br\/wp-json\/wp\/v2\/media?parent=32397"}],"wp:term":[{"taxonomy":"category","embeddable":true,"href":"https:\/\/correiodoestado.audiencelabs.com.br\/wp-json\/wp\/v2\/categories?post=32397"},{"taxonomy":"post_tag","embeddable":true,"href":"https:\/\/correiodoestado.audiencelabs.com.br\/wp-json\/wp\/v2\/tags?post=32397"}],"curies":[{"name":"wp","href":"https:\/\/api.w.org\/{rel}","templated":true}]}}