{"id":32573,"date":"2026-02-12T08:16:00","date_gmt":"2026-02-12T11:16:00","guid":{"rendered":"https:\/\/correiodoestado.audiencelabs.com.br\/?p=32573"},"modified":"2026-02-12T08:40:27","modified_gmt":"2026-02-12T11:40:27","slug":"mansao-de-r-250-milhoes-e-colocada-a-venda-por-apresentador-que-pode-voltar-para-a-globo","status":"publish","type":"post","link":"https:\/\/correiodoestado.audiencelabs.com.br\/mansao-de-r-250-milhoes-e-colocada-a-venda-por-apresentador-que-pode-voltar-para-a-globo\/","title":{"rendered":"Mans\u00e3o de R$ 250 milh\u00f5es \u00e9 colocada \u00e0 venda por apresentador que pode voltar para a Globo"},"content":{"rendered":"\n<p>Um famoso ator e apresentador brasileiro \u00e9 propriet\u00e1rio de uma mans\u00e3o de luxo, considerada uma das mais caras do Brasil. M\u00e1rcio Garcia tem um im\u00f3vel avaliado em R$ 250 milh\u00f5es, que est\u00e1 \u00e0 venda em um dos endere\u00e7os mais exclusivos do Rio de Janeiro. No momento, h\u00e1 uma proposta na mesa para que o apresentador volte a trabalhar na Globo.<\/p>\n\n\n\n<p>De acordo com informa\u00e7\u00f5es publicadas pela&nbsp;Folha de S.Paulo, o M\u00e1rcio Garcia se encontrou na \u00faltima quinta-feira (5)&nbsp;com Amauri Soares, diretor-executivo da TV e dos Est\u00fadios Globo. No encontro, os dois conversaram sobre um projeto fechado e in\u00e9dito para a televis\u00e3o. O ator est\u00e1 afastado da maior emissora do pa\u00eds desde 2024.<\/p>\n\n\n\n<figure class=\"wp-block-gallery has-nested-images columns-default is-cropped wp-block-gallery-1 is-layout-flex wp-block-gallery-is-layout-flex\">\n<figure class=\"wp-block-image size-large\"><img loading=\"lazy\" decoding=\"async\" width=\"1024\" height=\"596\" data-id=\"32578\" src=\"https:\/\/correiodoestado.audiencelabs.com.br\/wp-content\/uploads\/2026\/02\/whatsapp-image-2025-05-07-at-14.16.22-1024x596-1.jpeg\" alt=\"\" class=\"wp-image-32578\" srcset=\"https:\/\/correiodoestado.audiencelabs.com.br\/wp-content\/uploads\/2026\/02\/whatsapp-image-2025-05-07-at-14.16.22-1024x596-1.jpeg 1024w, https:\/\/correiodoestado.audiencelabs.com.br\/wp-content\/uploads\/2026\/02\/whatsapp-image-2025-05-07-at-14.16.22-1024x596-1-300x175.jpeg 300w, https:\/\/correiodoestado.audiencelabs.com.br\/wp-content\/uploads\/2026\/02\/whatsapp-image-2025-05-07-at-14.16.22-1024x596-1-768x447.jpeg 768w, https:\/\/correiodoestado.audiencelabs.com.br\/wp-content\/uploads\/2026\/02\/whatsapp-image-2025-05-07-at-14.16.22-1024x596-1-750x437.jpeg 750w\" sizes=\"auto, (max-width: 1024px) 100vw, 1024px\" \/><figcaption class=\"wp-element-caption\">Cr\u00e9ditos: Instagram\/M\u00e1rcio Garcia<\/figcaption><\/figure>\n<\/figure>\n\n\n\n<p>Se o contrato for assinado, M\u00e1rcio Garcia retornar\u00e1 \u00e0 Globo pela terceira vez na carreira. A proposta apresentada j\u00e1 est\u00e1 toda estruturada, com formato definido e pensada para atender \u00e0s demandas atuais da televis\u00e3o aberta. A emissora aposta no rosto e carisma do conhecido ator para conquistar o p\u00fablico.<\/p>\n\n\n\n<h2 class=\"wp-block-heading\">Ex-ator da Globo coloca mans\u00e3o milion\u00e1ria \u00e0 venda<\/h2>\n\n\n\n<p>Enquanto negocia para voltar \u00e0 Globo, M\u00e1rcio Garcia ainda tenta vender a mans\u00e3o que fica no Jo\u00e1, na Zona Oeste do Rio de Janeiro, bem pr\u00f3xima \u00e0 Pedra da G\u00e1vea e com vista privilegiada para o mar, al\u00e9m do bairro da Barra da Tijuca. O terreno possui cerca de 6 mil metros quadrados, enquanto a \u00e1rea constru\u00edda soma algo em torno de 2 mil metros quadrados. Trata-se de um projeto arquitet\u00f4nico voltado \u00e0 privacidade e ao lazer.<\/p>\n\n\n\n<p>Ao todo, s\u00e3o sete su\u00edtes, 18 banheiros e tr\u00eas cozinhas, al\u00e9m de \u00e1reas de destaque como cinema privativo, boate exclusiva, academia completa, quadra de t\u00eanis e campo de futebol. O im\u00f3vel possui um ambiente de resort na \u00e1rea externa, com direito a piscina com duas raias semiol\u00edmpicas que se conectam aos espa\u00e7os comuns. O im\u00f3vel tamb\u00e9m disp\u00f5e de jacuzzi para at\u00e9 dez pessoas, assim como um mini campo de golfe.<\/p>\n","protected":false},"excerpt":{"rendered":"<p>Um famoso ator e apresentador brasileiro \u00e9 propriet\u00e1rio de uma mans\u00e3o de luxo, considerada uma das mais caras do Brasil. M\u00e1rcio Garcia tem um im\u00f3vel avaliado em R$ 250 milh\u00f5es, que est\u00e1 \u00e0 venda em um dos endere\u00e7os mais exclusivos do Rio de Janeiro. No momento, h\u00e1 uma proposta na mesa para que o apresentador [&hellip;]<\/p>\n","protected":false},"author":18,"featured_media":32577,"comment_status":"open","ping_status":"open","sticky":false,"template":"","format":"standard","meta":{"jnews-multi-image_gallery":[],"jnews_single_post":{"format":"standard"},"jnews_primary_category":[],"jnews_social_meta":[],"footnotes":""},"categories":[1],"tags":[],"class_list":["post-32573","post","type-post","status-publish","format-standard","has-post-thumbnail","hentry","category-mix"],"_links":{"self":[{"href":"https:\/\/correiodoestado.audiencelabs.com.br\/wp-json\/wp\/v2\/posts\/32573","targetHints":{"allow":["GET"]}}],"collection":[{"href":"https:\/\/correiodoestado.audiencelabs.com.br\/wp-json\/wp\/v2\/posts"}],"about":[{"href":"https:\/\/correiodoestado.audiencelabs.com.br\/wp-json\/wp\/v2\/types\/post"}],"author":[{"embeddable":true,"href":"https:\/\/correiodoestado.audiencelabs.com.br\/wp-json\/wp\/v2\/users\/18"}],"replies":[{"embeddable":true,"href":"https:\/\/correiodoestado.audiencelabs.com.br\/wp-json\/wp\/v2\/comments?post=32573"}],"version-history":[{"count":3,"href":"https:\/\/correiodoestado.audiencelabs.com.br\/wp-json\/wp\/v2\/posts\/32573\/revisions"}],"predecessor-version":[{"id":32714,"href":"https:\/\/correiodoestado.audiencelabs.com.br\/wp-json\/wp\/v2\/posts\/32573\/revisions\/32714"}],"wp:featuredmedia":[{"embeddable":true,"href":"https:\/\/correiodoestado.audiencelabs.com.br\/wp-json\/wp\/v2\/media\/32577"}],"wp:attachment":[{"href":"https:\/\/correiodoestado.audiencelabs.com.br\/wp-json\/wp\/v2\/media?parent=32573"}],"wp:term":[{"taxonomy":"category","embeddable":true,"href":"https:\/\/correiodoestado.audiencelabs.com.br\/wp-json\/wp\/v2\/categories?post=32573"},{"taxonomy":"post_tag","embeddable":true,"href":"https:\/\/correiodoestado.audiencelabs.com.br\/wp-json\/wp\/v2\/tags?post=32573"}],"curies":[{"name":"wp","href":"https:\/\/api.w.org\/{rel}","templated":true}]}}