{"id":32594,"date":"2026-02-17T15:30:00","date_gmt":"2026-02-17T18:30:00","guid":{"rendered":"https:\/\/correiodoestado.audiencelabs.com.br\/?p=32594"},"modified":"2026-02-11T14:25:06","modified_gmt":"2026-02-11T17:25:06","slug":"marca-xodo-dos-brasileiros-pode-demitir-6-000-colaboradores-por-queda-na-demanda","status":"publish","type":"post","link":"https:\/\/correiodoestado.audiencelabs.com.br\/marca-xodo-dos-brasileiros-pode-demitir-6-000-colaboradores-por-queda-na-demanda\/","title":{"rendered":"Marca xod\u00f3 dos brasileiros pode demitir 6.000 colaboradores por queda na demanda"},"content":{"rendered":"\n<p>De acordo com levantamento elaborado pela Brazil Panels, em parceria com a ag\u00eancia Conex\u00e3o Vasques, ficou comprovado que a Heineken \u00e9 a segunda cerveja mais vendida no pa\u00eds, atr\u00e1s apenas da Brahma. Apesar do prest\u00edgio no cen\u00e1rio cervejeiro, a marca holandesa anunciou um plano de reestrutura\u00e7\u00e3o que pode demitir 6 mil <a href=\"https:\/\/correiodoestado.com.br\/mix\/maior-marca-de-suplementos-do-brasil-encerra-ciclo-e-donos-se-despedem-de-800-colaboradores\/\" target=\"_blank\" rel=\"noopener\">colaboradores <\/a>em todo o planeta.<\/p>\n\n\n\n<p>Ap\u00f3s an\u00e1lises internas, foram revistas as proje\u00e7\u00f5es da segunda maior cervejaria do mundo. Diante do cen\u00e1rio atual, a medida adotada surpreendeu os funcion\u00e1rios por representar cerca de 7% do quadro total de trabalhadores. A t\u00edtulo de curiosidade, a marca prestigiada depende do servi\u00e7o de aproximadamente 87 mil colaboradores.<\/p>\n\n\n\n<figure class=\"wp-block-image size-large\"><img loading=\"lazy\" decoding=\"async\" width=\"1024\" height=\"682\" src=\"https:\/\/correiodoestado.audiencelabs.com.br\/wp-content\/uploads\/2025\/11\/21468_63D81F635A1AD63D-6-1024x682.webp\" alt=\"\" class=\"wp-image-18087\" srcset=\"https:\/\/correiodoestado.audiencelabs.com.br\/wp-content\/uploads\/2025\/11\/21468_63D81F635A1AD63D-6-1024x682.webp 1024w, https:\/\/correiodoestado.audiencelabs.com.br\/wp-content\/uploads\/2025\/11\/21468_63D81F635A1AD63D-6-300x200.webp 300w, https:\/\/correiodoestado.audiencelabs.com.br\/wp-content\/uploads\/2025\/11\/21468_63D81F635A1AD63D-6-768x511.webp 768w, https:\/\/correiodoestado.audiencelabs.com.br\/wp-content\/uploads\/2025\/11\/21468_63D81F635A1AD63D-6-750x499.webp 750w, https:\/\/correiodoestado.audiencelabs.com.br\/wp-content\/uploads\/2025\/11\/21468_63D81F635A1AD63D-6-1140x759.webp 1140w, https:\/\/correiodoestado.audiencelabs.com.br\/wp-content\/uploads\/2025\/11\/21468_63D81F635A1AD63D-6.webp 1200w\" sizes=\"auto, (max-width: 1024px) 100vw, 1024px\" \/><figcaption class=\"wp-element-caption\">Foto: Stella de Smit\/Unsplash<\/figcaption><\/figure>\n\n\n\n<p>Embora os questionamentos tenham sido levantados, a empresa holandesa afirmou que o objetivo da metodologia est\u00e1 diretamente ligado \u00e0 necessidade de adequar custos a um cen\u00e1rio de consumo enfraquecido. Conforme as estimativas da Heineken, os lucros para 2026 devem desacelerar, variando entre 2% e 6% nos pr\u00f3ximos meses.<\/p>\n\n\n\n<p>Coincidentemente, a mudan\u00e7a de curso ocorre semanas ap\u00f3s a sa\u00edda inesperada do CEO Dolf van den Brink. Enquanto procura um novo presidente-executivo, a marca intensifica as cobran\u00e7as por resultados mais consistentes. Na an\u00e1lise da diretoria, o programa tem o intuito de elevar a produtividade e simplificar opera\u00e7\u00f5es de forma mais enxuta. <\/p>\n\n\n\n<h2 class=\"wp-block-heading\">Colaboradores atingidos<\/h2>\n\n\n\n<p>Ainda que o processo esteja sendo desenhado, a c\u00fapula prev\u00ea que os colaboradores mais afetados estejam em atua\u00e7\u00e3o na Europa. Isso porque os mercados do continente em quest\u00e3o s\u00e3o considerados menos estrat\u00e9gicos, ao contr\u00e1rio do que ocorre no Brasil. Na pr\u00e1tica, o quadro ser\u00e1 reduzido nas \u00e1reas administrativas, cadeia de suprimentos e unidades regionais.<\/p>\n\n\n\n<p>Presente em quase 200 pa\u00edses, com portf\u00f3lio de 348 marcas de cerveja e sidra, a Heineken, em 2025, inaugurou uma nova f\u00e1brica em Passos (MG), com investimento de R$ 2,5 bilh\u00f5es. Em meio ao processo de demiss\u00e3o em outras partes do mundo, a empresa colocou o empreendimento em solo mineiro para focar em atender \u00e0 demanda por puro malte, com capacidade de 500 milh\u00f5es de litros\/ano.<\/p>\n","protected":false},"excerpt":{"rendered":"<p>Apesar do prest\u00edgio no cen\u00e1rio cervejeiro, a marca holandesa anunciou um plano de reestrutura\u00e7\u00e3o que pode demitir 6 mil colaboradores em todo o planeta<\/p>\n","protected":false},"author":8,"featured_media":32619,"comment_status":"open","ping_status":"open","sticky":false,"template":"","format":"standard","meta":{"jnews-multi-image_gallery":[],"jnews_single_post":{"format":"standard"},"jnews_primary_category":[],"jnews_social_meta":[],"footnotes":""},"categories":[1],"tags":[],"class_list":["post-32594","post","type-post","status-publish","format-standard","has-post-thumbnail","hentry","category-mix"],"_links":{"self":[{"href":"https:\/\/correiodoestado.audiencelabs.com.br\/wp-json\/wp\/v2\/posts\/32594","targetHints":{"allow":["GET"]}}],"collection":[{"href":"https:\/\/correiodoestado.audiencelabs.com.br\/wp-json\/wp\/v2\/posts"}],"about":[{"href":"https:\/\/correiodoestado.audiencelabs.com.br\/wp-json\/wp\/v2\/types\/post"}],"author":[{"embeddable":true,"href":"https:\/\/correiodoestado.audiencelabs.com.br\/wp-json\/wp\/v2\/users\/8"}],"replies":[{"embeddable":true,"href":"https:\/\/correiodoestado.audiencelabs.com.br\/wp-json\/wp\/v2\/comments?post=32594"}],"version-history":[{"count":2,"href":"https:\/\/correiodoestado.audiencelabs.com.br\/wp-json\/wp\/v2\/posts\/32594\/revisions"}],"predecessor-version":[{"id":33071,"href":"https:\/\/correiodoestado.audiencelabs.com.br\/wp-json\/wp\/v2\/posts\/32594\/revisions\/33071"}],"wp:featuredmedia":[{"embeddable":true,"href":"https:\/\/correiodoestado.audiencelabs.com.br\/wp-json\/wp\/v2\/media\/32619"}],"wp:attachment":[{"href":"https:\/\/correiodoestado.audiencelabs.com.br\/wp-json\/wp\/v2\/media?parent=32594"}],"wp:term":[{"taxonomy":"category","embeddable":true,"href":"https:\/\/correiodoestado.audiencelabs.com.br\/wp-json\/wp\/v2\/categories?post=32594"},{"taxonomy":"post_tag","embeddable":true,"href":"https:\/\/correiodoestado.audiencelabs.com.br\/wp-json\/wp\/v2\/tags?post=32594"}],"curies":[{"name":"wp","href":"https:\/\/api.w.org\/{rel}","templated":true}]}}