{"id":32656,"date":"2026-02-12T07:45:00","date_gmt":"2026-02-12T10:45:00","guid":{"rendered":"https:\/\/correiodoestado.audiencelabs.com.br\/?p=32656"},"modified":"2026-02-11T15:21:00","modified_gmt":"2026-02-11T18:21:00","slug":"china-decide-ajudar-pais-que-os-estados-unidos-deixaram-na-mao-com-r-417-milhoes","status":"publish","type":"post","link":"https:\/\/correiodoestado.audiencelabs.com.br\/china-decide-ajudar-pais-que-os-estados-unidos-deixaram-na-mao-com-r-417-milhoes\/","title":{"rendered":"China decide ajudar pa\u00eds que os Estados Unidos deixaram na m\u00e3o com R$ 417 milh\u00f5es"},"content":{"rendered":"\n<p>O porta-voz do Minist\u00e9rio das Rela\u00e7\u00f5es Exteriores da China, Lin Jian, declarou em uma coletiva de imprensa em Pequim, nesta quarta-feira (11), que o pa\u00eds asi\u00e1tico tem um compromiso de apoiar Cuba, na\u00e7\u00e3o que ainda sofre com as san\u00e7\u00f5es e com o bloqueio impostos pelo governo dos Estados Unidos nos \u00faltimos anos.<\/p>\n\n\n\n<p>Em janeiro de 2026, a China chegou a enviar 60 mil toneladas de arroz e uma ajuda emergencial no valor de 80 milh\u00f5es de d\u00f3lares (cerca de R$ 417 milh\u00f5es na cota\u00e7\u00e3o atual). A iniciativa teve como objetivo ajudar ao povo cubano a diminuir a escassez de alimentos causada pela crise energ\u00e9tica que afetou o pa\u00eds da Am\u00e9rica Central. <\/p>\n\n\n\n<figure class=\"wp-block-gallery has-nested-images columns-default is-cropped wp-block-gallery-1 is-layout-flex wp-block-gallery-is-layout-flex\">\n<figure class=\"wp-block-image size-large\"><img loading=\"lazy\" decoding=\"async\" width=\"1024\" height=\"748\" data-id=\"32661\" src=\"https:\/\/correiodoestado.audiencelabs.com.br\/wp-content\/uploads\/2026\/02\/cuba.webp\" alt=\"\" class=\"wp-image-32661\" srcset=\"https:\/\/correiodoestado.audiencelabs.com.br\/wp-content\/uploads\/2026\/02\/cuba.webp 1024w, https:\/\/correiodoestado.audiencelabs.com.br\/wp-content\/uploads\/2026\/02\/cuba-300x219.webp 300w, https:\/\/correiodoestado.audiencelabs.com.br\/wp-content\/uploads\/2026\/02\/cuba-768x561.webp 768w, https:\/\/correiodoestado.audiencelabs.com.br\/wp-content\/uploads\/2026\/02\/cuba-750x548.webp 750w\" sizes=\"auto, (max-width: 1024px) 100vw, 1024px\" \/><figcaption class=\"wp-element-caption\">Cr\u00e9ditos: Divulga\u00e7\u00e3o\/ Xinhua<\/figcaption><\/figure>\n<\/figure>\n\n\n\n<p>Durante o discurso, Lin Jian destacou ainda que a China discute assuntos relacionados ao envio de combust\u00edvel e uma nova ajuda financeira \u00e0 Cuba: \u201cA China, como sempre, fornecer\u00e1 a Cuba apoio e assist\u00eancia da melhor forma poss\u00edvel&#8221;, declarou o porta-voz do minist\u00e9rio. Na sequ\u00eancia, foi dito que o pa\u00eds asi\u00e1tico apoia a soberania nacional dos cubanos e est\u00e1 contr\u00e1ria \u00e0 interfer\u00eancias estrangeiras na ilha. <\/p>\n\n\n\n<h2 class=\"wp-block-heading\">China apoia Cuba publicamente ap\u00f3s san\u00e7\u00f5es dos Estados Unidos<\/h2>\n\n\n\n<p>\u201cA falta de energia tem prejudicado a produ\u00e7\u00e3o de alimentos, os servi\u00e7os de sa\u00fade e at\u00e9 mesmo o transporte p\u00fablico\u201d,\u00a0comentou Lin Jian, criticando o bloqueio energ\u00e9tico imposto pelos Estados Unidos do presidente republicano Donald Trump, que afeta principalmente os setores de energia, transporte e agricultura. <\/p>\n\n\n\n<p>Foi dito tamb\u00e9m que a crise tem afetado o dia a dia dos cubanos em diferentes aspectos. Um dos exemplos mencionados foi a suspens\u00e3o de voos internacionais devido \u00e0 falta de combust\u00edvel. A China mais uma vez se mostrou contr\u00e1ria \u00e0s a\u00e7\u00f5es dos Estados Unidos e refor\u00e7ou que vai seguir apoiando Cuba diante desse cen\u00e1rio. \u201cA China est\u00e1 ciente dos desafios que Cuba enfrenta e, como sempre, far\u00e1 o poss\u00edvel para ajudar a aliviar essas dificuldades\u201d, concluiu.<\/p>\n","protected":false},"excerpt":{"rendered":"<p>O porta-voz do Minist\u00e9rio das Rela\u00e7\u00f5es Exteriores da China, Lin Jian, declarou em uma coletiva de imprensa em Pequim, nesta quarta-feira (11), que o pa\u00eds asi\u00e1tico tem um compromiso de apoiar Cuba, na\u00e7\u00e3o que ainda sofre com as san\u00e7\u00f5es e com o bloqueio impostos pelo governo dos Estados Unidos nos \u00faltimos anos. Em janeiro de [&hellip;]<\/p>\n","protected":false},"author":18,"featured_media":27290,"comment_status":"open","ping_status":"open","sticky":false,"template":"","format":"standard","meta":{"jnews-multi-image_gallery":[],"jnews_single_post":{"format":"standard"},"jnews_primary_category":[],"jnews_social_meta":[],"footnotes":""},"categories":[1],"tags":[],"class_list":["post-32656","post","type-post","status-publish","format-standard","has-post-thumbnail","hentry","category-mix"],"_links":{"self":[{"href":"https:\/\/correiodoestado.audiencelabs.com.br\/wp-json\/wp\/v2\/posts\/32656","targetHints":{"allow":["GET"]}}],"collection":[{"href":"https:\/\/correiodoestado.audiencelabs.com.br\/wp-json\/wp\/v2\/posts"}],"about":[{"href":"https:\/\/correiodoestado.audiencelabs.com.br\/wp-json\/wp\/v2\/types\/post"}],"author":[{"embeddable":true,"href":"https:\/\/correiodoestado.audiencelabs.com.br\/wp-json\/wp\/v2\/users\/18"}],"replies":[{"embeddable":true,"href":"https:\/\/correiodoestado.audiencelabs.com.br\/wp-json\/wp\/v2\/comments?post=32656"}],"version-history":[{"count":1,"href":"https:\/\/correiodoestado.audiencelabs.com.br\/wp-json\/wp\/v2\/posts\/32656\/revisions"}],"predecessor-version":[{"id":32662,"href":"https:\/\/correiodoestado.audiencelabs.com.br\/wp-json\/wp\/v2\/posts\/32656\/revisions\/32662"}],"wp:featuredmedia":[{"embeddable":true,"href":"https:\/\/correiodoestado.audiencelabs.com.br\/wp-json\/wp\/v2\/media\/27290"}],"wp:attachment":[{"href":"https:\/\/correiodoestado.audiencelabs.com.br\/wp-json\/wp\/v2\/media?parent=32656"}],"wp:term":[{"taxonomy":"category","embeddable":true,"href":"https:\/\/correiodoestado.audiencelabs.com.br\/wp-json\/wp\/v2\/categories?post=32656"},{"taxonomy":"post_tag","embeddable":true,"href":"https:\/\/correiodoestado.audiencelabs.com.br\/wp-json\/wp\/v2\/tags?post=32656"}],"curies":[{"name":"wp","href":"https:\/\/api.w.org\/{rel}","templated":true}]}}