{"id":32675,"date":"2026-02-13T17:00:00","date_gmt":"2026-02-13T20:00:00","guid":{"rendered":"https:\/\/correiodoestado.audiencelabs.com.br\/?p=32675"},"modified":"2026-02-13T08:50:30","modified_gmt":"2026-02-13T11:50:30","slug":"governo-vai-comecar-a-bloquear-cartoes-de-credito-quando-o-titular-possuir-dividas-em-pais-europeu","status":"publish","type":"post","link":"https:\/\/correiodoestado.audiencelabs.com.br\/governo-vai-comecar-a-bloquear-cartoes-de-credito-quando-o-titular-possuir-dividas-em-pais-europeu\/","title":{"rendered":"Governo vai come\u00e7ar a bloquear cart\u00f5es de cr\u00e9dito quando o titular possuir d\u00edvidas em pa\u00eds europeu"},"content":{"rendered":"\n<p>Recentemente, a suspens\u00e3o cautelar de contas banc\u00e1rias e <a href=\"https:\/\/correiodoestado.com.br\/mix\/banco-central-desiste-de-modalidade-do-pix-que-chegaria-para-competir-com-cartoes-de-credito\/\" target=\"_blank\" rel=\"noopener\">cart\u00f5es de cr\u00e9dito<\/a> por parte da Ag\u00eancia Tribut\u00e1ria tornou-se um dos temas mais sens\u00edveis na gest\u00e3o de d\u00edvidas fiscais na\u00a0Espanha. Conforme informa\u00e7\u00f5es repassadas pela entidade, a cess\u00e3o tende a prejudicar pessoas f\u00edsicas e jur\u00eddicas com d\u00edvidas fiscais superiores a 600 mil euros (R$ 3,6 milh\u00f5es, na cota\u00e7\u00e3o atual).<\/p>\n\n\n\n<p>Com proje\u00e7\u00e3o para entrar em vigor nas pr\u00f3ximas semanas, a medida levantou diversos questionamentos por parte dos espanh\u00f3is. No entanto, o governo explicou que a san\u00e7\u00e3o faz parte de uma estrat\u00e9gia de redu\u00e7\u00e3o da inadimpl\u00eancia no pa\u00eds, al\u00e9m de servir para proteger-se contra manobras que possam frustrar a cobran\u00e7a de tributos.<\/p>\n\n\n\n<figure class=\"wp-block-image size-large\"><img loading=\"lazy\" decoding=\"async\" width=\"1024\" height=\"613\" src=\"https:\/\/correiodoestado.audiencelabs.com.br\/wp-content\/uploads\/2026\/02\/credit-card-1520400-1024x613.webp\" alt=\"\" class=\"wp-image-32677\" srcset=\"https:\/\/correiodoestado.audiencelabs.com.br\/wp-content\/uploads\/2026\/02\/credit-card-1520400-1024x613.webp 1024w, https:\/\/correiodoestado.audiencelabs.com.br\/wp-content\/uploads\/2026\/02\/credit-card-1520400-300x179.webp 300w, https:\/\/correiodoestado.audiencelabs.com.br\/wp-content\/uploads\/2026\/02\/credit-card-1520400-768x459.webp 768w, https:\/\/correiodoestado.audiencelabs.com.br\/wp-content\/uploads\/2026\/02\/credit-card-1520400-750x449.webp 750w, https:\/\/correiodoestado.audiencelabs.com.br\/wp-content\/uploads\/2026\/02\/credit-card-1520400-1140x682.webp 1140w, https:\/\/correiodoestado.audiencelabs.com.br\/wp-content\/uploads\/2026\/02\/credit-card-1520400.webp 1170w\" sizes=\"auto, (max-width: 1024px) 100vw, 1024px\" \/><figcaption class=\"wp-element-caption\">Cr\u00e9ditos: Stevepb\/Pixabay<\/figcaption><\/figure>\n\n\n\n<p>Na pr\u00e1tica, a suspens\u00e3o vai atingir contribuintes que est\u00e3o inclusos na lista de grandes devedores da Espanha. Apesar de a popula\u00e7\u00e3o acreditar que o mecanismo limita-se apenas ao bloqueio das contas banc\u00e1rias, a Ag\u00eancia Tribut\u00e1ria confirmou que tamb\u00e9m restringe os acessos aos servi\u00e7os essenciais dos cart\u00f5es de cr\u00e9dito.<\/p>\n\n\n\n<p>Em contrapartida, a reincid\u00eancia em atrasos, o n\u00e3o atendimento a notifica\u00e7\u00f5es e a manuten\u00e7\u00e3o de pend\u00eancias sem tentativa de regulariza\u00e7\u00e3o tendem a projetar o contribuinte a uma categoria de monitoramento especial. Nesse cen\u00e1rio, as autoridades confirmaram a abrang\u00eancia tanto para particulares quanto para empresas de diferentes portes.<\/p>\n\n\n\n<h2 class=\"wp-block-heading\">Como evitar o bloqueio dos cart\u00f5es de cr\u00e9dito?<\/h2>\n\n\n\n<p>Para aqueles que n\u00e3o desejam enfrentar san\u00e7\u00f5es mais dr\u00e1sticas, a <a href=\"https:\/\/diariodepernambuco.com.br\/dpmais\/justica-suspende-todas-as-contas-bancarias-e-exclui-todos-cartoes-de-creditos-no-brasil-nao-e-verdade\/?utm_source=lazy\" target=\"_blank\" rel=\"noreferrer noopener\"><\/a>Ag\u00eancia Tribut\u00e1ria recomenda manter a aten\u00e7\u00e3o redobrada \u00e0s obriga\u00e7\u00f5es fiscais do pa\u00eds. Em resumo, entre as principais orienta\u00e7\u00f5es est\u00e3o o acompanhamento frequente das notifica\u00e7\u00f5es oficiais, a manuten\u00e7\u00e3o de dados pessoais e financeiros atualizados e a comunica\u00e7\u00e3o ativa com institui\u00e7\u00f5es banc\u00e1rias.<\/p>\n\n\n\n<p>Entendendo que o mecanismo precisa ser de conhecimento p\u00fablico, a entidade explicou que a implementa\u00e7\u00e3o das suspens\u00f5es ser\u00e1 gradual, devendo tornar-se mais comum nos meses subsequentes. No mais, na an\u00e1lise de especialistas, \u00e9 imprescind\u00edvel que os contribuintes revisem a situa\u00e7\u00e3o fiscal o quanto antes, evitando restri\u00e7\u00f5es financeiras e transtornos futuros.<\/p>\n","protected":false},"excerpt":{"rendered":"<p>Recentemente, a suspens\u00e3o cautelar de contas banc\u00e1rias e cart\u00f5es de cr\u00e9dito por parte da Ag\u00eancia Tribut\u00e1ria tornou-se um dos temas mais sens\u00edveis na gest\u00e3o de d\u00edvidas fiscais na\u00a0Espanha<\/p>\n","protected":false},"author":8,"featured_media":32676,"comment_status":"open","ping_status":"open","sticky":false,"template":"","format":"standard","meta":{"jnews-multi-image_gallery":[],"jnews_single_post":{"format":"standard"},"jnews_primary_category":[],"jnews_social_meta":[],"footnotes":""},"categories":[1],"tags":[],"class_list":["post-32675","post","type-post","status-publish","format-standard","has-post-thumbnail","hentry","category-mix"],"_links":{"self":[{"href":"https:\/\/correiodoestado.audiencelabs.com.br\/wp-json\/wp\/v2\/posts\/32675","targetHints":{"allow":["GET"]}}],"collection":[{"href":"https:\/\/correiodoestado.audiencelabs.com.br\/wp-json\/wp\/v2\/posts"}],"about":[{"href":"https:\/\/correiodoestado.audiencelabs.com.br\/wp-json\/wp\/v2\/types\/post"}],"author":[{"embeddable":true,"href":"https:\/\/correiodoestado.audiencelabs.com.br\/wp-json\/wp\/v2\/users\/8"}],"replies":[{"embeddable":true,"href":"https:\/\/correiodoestado.audiencelabs.com.br\/wp-json\/wp\/v2\/comments?post=32675"}],"version-history":[{"count":2,"href":"https:\/\/correiodoestado.audiencelabs.com.br\/wp-json\/wp\/v2\/posts\/32675\/revisions"}],"predecessor-version":[{"id":32925,"href":"https:\/\/correiodoestado.audiencelabs.com.br\/wp-json\/wp\/v2\/posts\/32675\/revisions\/32925"}],"wp:featuredmedia":[{"embeddable":true,"href":"https:\/\/correiodoestado.audiencelabs.com.br\/wp-json\/wp\/v2\/media\/32676"}],"wp:attachment":[{"href":"https:\/\/correiodoestado.audiencelabs.com.br\/wp-json\/wp\/v2\/media?parent=32675"}],"wp:term":[{"taxonomy":"category","embeddable":true,"href":"https:\/\/correiodoestado.audiencelabs.com.br\/wp-json\/wp\/v2\/categories?post=32675"},{"taxonomy":"post_tag","embeddable":true,"href":"https:\/\/correiodoestado.audiencelabs.com.br\/wp-json\/wp\/v2\/tags?post=32675"}],"curies":[{"name":"wp","href":"https:\/\/api.w.org\/{rel}","templated":true}]}}