{"id":32708,"date":"2026-02-12T10:17:00","date_gmt":"2026-02-12T13:17:00","guid":{"rendered":"https:\/\/correiodoestado.audiencelabs.com.br\/?p=32708"},"modified":"2026-02-12T11:54:54","modified_gmt":"2026-02-12T14:54:54","slug":"primeiros-pacientes-que-vao-receber-vacina-contra-o-cancer-foram-selecionados-na-russia","status":"publish","type":"post","link":"https:\/\/correiodoestado.audiencelabs.com.br\/primeiros-pacientes-que-vao-receber-vacina-contra-o-cancer-foram-selecionados-na-russia\/","title":{"rendered":"Primeiros pacientes que v\u00e3o receber vacina contra o c\u00e2ncer foram selecionados na R\u00fassia"},"content":{"rendered":"\n<p>Considerada uma das doen\u00e7as que mais matam no mundo, o <a href=\"https:\/\/correiodoestado.com.br\/mix\/combinacao-de-medicamentos-feita-por-cientistas-pode-ser-a-resposta-contra-cancer\/\" target=\"_blank\" rel=\"noopener\">c\u00e2ncer <\/a>pode n\u00e3o ser mais um problema na realidade de milhares de pessoas. Isso porque, recentemente, profissionais da sa\u00fade selecionaram um grupo de pacientes que receber\u00e3o a vacina contra o crescimento desordenado e anormal de c\u00e9lulas. A a\u00e7\u00e3o ocorrer\u00e1 na R\u00fassia, abrangendo indiv\u00edduos tamb\u00e9m dos Estados Unidos, Holanda, Israel e outras na\u00e7\u00f5es.<\/p>\n\n\n\n<p>De acordo com a chefe da Ag\u00eancia Federal M\u00e9dico-Biol\u00f3gica, Veronika Skvortsova, os primeiros pacientes escolhidos para receber a vacina contra o c\u00e2ncer foram selecionados por meio de consultas. Nesse processo, avaliaram-se amostras de tumor coletadas, tendo em vista a necessidade de projetar os \u00edndices de resolu\u00e7\u00e3o contra a doen\u00e7a.<\/p>\n\n\n\n<figure class=\"wp-block-image size-large\"><img loading=\"lazy\" decoding=\"async\" width=\"1024\" height=\"613\" src=\"https:\/\/correiodoestado.audiencelabs.com.br\/wp-content\/uploads\/2025\/12\/vaina1-1024x613.webp\" alt=\"\" class=\"wp-image-24196\" srcset=\"https:\/\/correiodoestado.audiencelabs.com.br\/wp-content\/uploads\/2025\/12\/vaina1-1024x613.webp 1024w, https:\/\/correiodoestado.audiencelabs.com.br\/wp-content\/uploads\/2025\/12\/vaina1-300x179.webp 300w, https:\/\/correiodoestado.audiencelabs.com.br\/wp-content\/uploads\/2025\/12\/vaina1-768x459.webp 768w, https:\/\/correiodoestado.audiencelabs.com.br\/wp-content\/uploads\/2025\/12\/vaina1-750x449.webp 750w, https:\/\/correiodoestado.audiencelabs.com.br\/wp-content\/uploads\/2025\/12\/vaina1-1140x682.webp 1140w, https:\/\/correiodoestado.audiencelabs.com.br\/wp-content\/uploads\/2025\/12\/vaina1.webp 1170w\" sizes=\"auto, (max-width: 1024px) 100vw, 1024px\" \/><figcaption class=\"wp-element-caption\">Cr\u00e9ditos: Divulga\u00e7\u00e3o\/Butantan<\/figcaption><\/figure>\n\n\n\n<h2 class=\"wp-block-heading\">Como a vacina contra o c\u00e2ncer funcionar\u00e1?<\/h2>\n\n\n<style>@media (min-width: 992px) {\n    .recomendadorV2Area1 {\n        width: 280px;\n    }\n    .recomendadorV2Area2 {\n        padding: 0px 20px;\n        width: calc(100% - 280px);\n    }\n}\n\n@media (max-width: 992px) {\n    .recomendadorV2Button {\n        margin: 0 auto;\n    }\n    .recomendadorV2Area {\n        flex-direction: column;\n        text-align: center;\n    }\n    .recomendadorV2Area2 {\n        padding: 0px 20px;\n    }\n}\n\n.recomendadorV2Area {\n    background: #eeeeee3d;\n    border-radius: 10px;\n    padding: 15px;\n    display: flex;\n    margin: 15px auto;\n    border: 1px solid #00000014;\n    max-width: 800px;\n}\n\n.recomendadorV2Area1 img {\n    width: 280px;\n    height: auto;\n    border-radius: 8px;\n}\n\n.linkrecomendadorv2 {\n    text-decoration: none !important;\n}\n\n.recomendadorV2Area2 .recomendadorV2Type {\n    text-transform: uppercase;\n    font-weight: 500;\n    font-size: 11px;\n    letter-spacing: 2px;\n    color: #666;\n    margin: 12px 0;\n    display: block;\n}\n\n.recomendadorV2Title h2 {\n    padding-top: 0px !important;\n    margin: 0px !important;\n    border-left: none !important;\n    padding-left: 0px !important;\n    line-height: 1.3;\n    color: #000 !important;\n    font-size: 24px;\n    margin-bottom: 12px !important;\n}\n\n.recomendadorV2Desc {\n    color: #333;\n    margin: 12px 0px !important;\n    font-size: 15px;\n    line-height: 1.5;\n}\n\n.recomendadorV2Button {\n    width: auto;\n    max-width: 200px;\n    margin: 0;\n    display: inline-flex;\n    align-items: center;\n    background: #1D3557;\n    border-radius: 8px;\n    color: #fff;\n    height: 36px;\n    justify-content: center;\n    text-align: center;\n    font-size: 14px;\n    padding: 0 20px;\n    transition: background-color 0.2s ease;\n}\n\n.recomendadorV2Button:hover {\n    background: #2a4d7a;\n}\n\n.recomendadorV2Button:after {\n    margin-top: -2px;\n    content: \"\u2192\";\n    padding: 0px 0px 0px 8px;\n}\n\n.recomendadorV2Alert {\n    text-align: left;\n    font-size: 11px;\n    margin-top: 8px;\n    color: #666;\n}\n\n.recomendadorFixedArea {\n    width: 100%;\n    display: flex;\n    justify-content: center;\n    align-items: center;\n}\n\n@media (min-width: 992px) {\n    #recomendadorFixed {\n        width: 32% !important;\n        left: 5%;\n    }\n    .recomendadorCloseFixed{\n        right: inherit !important;\n        left: 378px !important;\n    }\n}\n\n#recomendadorFixed {\n    width: 90%;\n    box-shadow: 0 10px 20px 0px #00000057;\n    display: none;\n    height: 90px;\n    background: #F6F6F6;\n    position: fixed;\n    flex-direction: row;\n    bottom: 10px;\n    z-index: 9999;\n    border-radius: 16px;\n    padding: 7px 10px;\n}\n\n.recomendadorLeftArea {\n    width: 160px;\n}\n\n.recomendadorRightArea h2 {\n    padding-top: 0px;\n    margin: 2px 0px 4px 0px !important;\n    font-weight: 400;\n    text-align: center;\n    padding-left: 0px !important;\n    color: #000 !important;\n    border-left: none !important;\n    line-height: 20px;\n    font-size: 12px !important;\n}\n\n.recomendadorImgFixed {\n    overflow: hidden;\n    padding: 8px 6px;\n    height: 100%;\n}\n\n.recomendadorImgFixed img {\n    height: 100% !important;\n    border-radius: 16px;\n}\n\n.recomendadorRightArea {\n    padding-top: 6px;\n    display: flex;\n    width: calc(100% - 130px);\n    justify-content: space-between;\n    align-items: center;\n    flex-direction: column;\n}\n\n.recomendadorButtonFixed {\n    margin: 0 auto;\n    background: #1D3557;\n    width: 80%;\n    text-align: center;\n    font-size: 10px;\n    color: #FFF;\n    padding: 2px 10px;\n    border-radius: 3px;\n}\n\n.recomendadorButtonFixed:after {\n    margin-top: -3px;\n    content: \"\u2192\";\n    padding: 0px 0px 0px 10px;\n}\n\n.recomendadorAlertFixed {\n    font-weight: 400;\n    text-align: center;\n    color: #484848;\n    font-size: 8px;\n}\n\n.recomendadorCloseFixed {\n    z-index: 99999;\n    display: none;\n    right: 0px;\n    left: inherit;\n    bottom: 99px;\n    position: fixed;\n    justify-content: center;\n    background: #F6F6F6;\n    width: 25px;\n    align-items: center;\n    height: 25px;\n    font-weight: 800;\n    border-radius: 50%;\n    border: 1px solid #EBEBEB;\n}\n\n.recomendadorV2Desc{\n    color: #000000;\n    margin: 20px 0px;\n}\n\n@media (max-width: 576px) {\n    .recomendadorV2Area {\n      padding: 10px;\n      max-width: 100%;\n    }\n  \n    .recomendadorV2Area1 img {\n      width: 100%;\n      border-radius: 6px;\n    }\n  \n    .recomendadorV2Area2 .recomendadorV2Type {\n      font-size: 9px;\n      letter-spacing: 1px;\n      margin: 8px 0;\n    }\n  \n    .recomendadorV2Title h2 {\n      font-size: 18px !important;\n      margin-bottom: 8px !important;\n      line-height: 1.2;\n    }\n  \n    .recomendadorV2Desc {\n      font-size: 14px;\n      margin: 8px 0 !important;\n      line-height: 1.4;\n    }\n  \n    .recomendadorV2Button {\n      font-size: 12px;\n      height: 30px;\n      padding: 0 12px;\n      max-width: 160px;\n    }\n  \n    .recomendadorV2Button:after {\n      padding-left: 6px;\n    }\n  }\n  <\/style>\n        <div class=\"lazyblock-recomendador-v2-2jDGz wp-block-lazyblock-recomendador-v2\">\n        <a class=\"linkrecomendadorv2\" href=\"https:\/\/correiodoestado.com.br\/mix\/whatsapp-acaba-de-ser-bloqueado-em-todo-o-pais-e-governo-faz-pronunciamento-oficial-na-russia\/?utm_source=lazy\" target=\"_blank\" rel=\"noopener\">\n            <div class=\"recomendadorV2Area\">\n            <div class=\"recomendadorV2Area1\">\n                <div class=\"recomendadorV2Img\">\n                <img class=\"lazyloaded\" decoding=\"async\" src=\"https:\/\/correiodoestado.com.br\/mix\/wp-content\/uploads\/2026\/02\/aplicativo_0410211424-1140x570.jpg\" data-src=\"https:\/\/correiodoestado.com.br\/mix\/wp-content\/uploads\/2026\/02\/aplicativo_0410211424-1140x570.jpg\" alt=\"\">\n                <\/div>\n            <\/div>\n            <div class=\"recomendadorV2Area2\">\n                <div class=\"recomendadorV2Type\">\n                    <span>Alerta Global<\/span>\n                <\/div>\n                <div class=\"recomendadorV2Title\">\n                <h2><span>WhatsApp bloqueado \ud83d\udeab<\/span><\/h2>\n                <\/div>\n                <div class=\"recomendadorV2Desc\">\n                <span>Governo anuncia bloqueio do app no pa\u00eds<\/span>\n                <\/div>\n                <div class=\"recomendadorV2Button\">Entenda tudo<\/div>\n                <div class=\"recomendadorV2Alert\"><\/div>\n            <\/div>\n            <\/div>\n        <\/a>\n        <div>\n            <div style=\"z-index:99999;\" id=\"buttonClose\" onclick=\"closeRecomendadorFixed()\">\n            <div class=\"recomendadorCloseFixed\">X<\/div>\n            <\/div>\n            <a href=\"https:\/\/correiodoestado.com.br\/mix\/whatsapp-acaba-de-ser-bloqueado-em-todo-o-pais-e-governo-faz-pronunciamento-oficial-na-russia\/?utm_source=lazy\" target=\"_blank\" rel=\"noopener\">\n            <div class=\"recomendadorFixedArea\">\n                <div id=\"recomendadorFixed\">\n                <div class=\"recomendadorLeftArea\">\n                    <div class=\"recomendadorImgFixed\">\n                    <img class=\"lazyload\" decoding=\"async\" src=\"https:\/\/correiodoestado.com.br\/mix\/wp-content\/uploads\/2026\/02\/aplicativo_0410211424-1140x570.jpg\" alt=\"\">\n                    <\/div>\n                <\/div>\n                <div class=\"recomendadorRightArea\">\n                    <div class=\"recomendadorTitleFixed\">\n                    <h2><span>WhatsApp bloqueado \ud83d\udeab<\/span><\/h2>\n                    <\/div>\n                    <div class=\"recomendadorButtonFixed\">Entenda tudo<\/div>\n                    <div class=\"recomendadorAlertFixed\"><\/div>\n                <\/div>\n                <\/div>\n            <\/div>\n            <\/a>\n        <\/div>\n        <\/div>\n\n\n\n<p>Embora os questionamentos existam, ao final do ano passado, o <a href=\"https:\/\/yandex.ru\/an\/count\/WlKejI_zOoVX2LdX0ZqN0FFfeRxMbX16Ji2SG1Llc83Uv7jZT4J0Um41tSG6R4iEA9NA0xf0dy_bpfxjT-vyrzVEr-zulU4Ezsf5-hb15VgPvhbp2dKwezAfzFcyfROTjQLGvzEMGftsK-gK2jMeMej-S52NQ521Vgm_H4jAL20IIqWZP0ZLg5gBQXnKfnqmPLC2hxEZwQ3IHwTYG40aXK77qKGJ3zyBh3nvqDbX8ii8W5-qlAdOe5nNW7Q3Cbq1sWtASmLeDoZB5Q3Te1nNW7O3hbW1sWsuOGLeD-225Q3TWFjLW7O3xbw0TWDka0Aq6t2z2j1603upDP5IYp9NG1P6MKhEryIKD1H5PgmPShgq-8av_24yuuFNU-2QyFFWmyw41bG3VELH920BO5100SvZKssqSO3ZgIfpFjymsNZzdCtk0vji0FiDtm0sSF6cRdd3rjSHfjrf43Vvtj0ATpicDU8ONTVr6fs37c5a3yOgJqTek5TU37L1Qla0YL0eSHJcX480NmxeMhOBq8vmOR86zzLYq7QGWkHBa-IYNfQ5hOKTDPJOp9R2rGkPxCqLC0KpJ9a2bwQmzHHqc0bb2uDtOZ7afewzOzAZm6B4FaQdOSmmNnWGw2p8WAlX2qot0v8FPHDSErbDFJ_NvFgvvkv_exyoVp5CaQuV7W0lyOF_MvR_NHfnyhrB8qu-bqa6zNS1qBQ-TgQnxsTd6lkOPWzTc6Ncqdk129STYswKeS43m3c5wNq0EASmlKs0plewmhGxRrx6-R9VqkHBboT_C3YtB3-cFJY195mWMFxhcte04V_vBQthJ4qzW8Z_lFPFeacbxVcizxflF2nYrIKIZapoY3c8bokLIgKG3o98zj9G-QNqt6Ae8pP57VoGyC1dRAJvXc010KAiygtJ-3VsU8lDc8Tv7pUK0pA-XidvuMgTTNj2G5BMRjqHMW_2JamPtGOZEiWAU-I61qNA5unVgiAyoQ78Gwmp8CNnA6FYjq3TVw_ov0wJ~2?test-tag=160528697655313&amp;banner-sizes=eyI3MjA1NzYxMTYzODUxODgyNSI6IjY1MHg0MTcifQ%3D%3D&amp;ctime=1770895219469&amp;actual-format=13&amp;pcodever=1303844&amp;banner-test-tags=eyI3MjA1NzYxMTYzODUxODgyNSI6IjQyOTUwOTAxOTMifQ%3D%3D&amp;rendered-direct-assets=eyI3MjA1NzYxMTYzODUxODgyNSI6NDF9&amp;width=650&amp;height=417&amp;stat-id=42&amp;pcode-active-testids=1485712%2C0%2C9&amp;subDesignId=1000870001\" target=\"_blank\" rel=\"noreferrer noopener\"><\/a>Minist\u00e9rio da Sa\u00fade aprovou o uso cl\u00ednico da vacina terap\u00eautica personalizada contra o c\u00e2ncer, Oncopept,&nbsp;da Ag\u00eancia Federal de Medicina e Biologia (FMBA) da R\u00fassia, para o tratamento do c\u00e2ncer colorretal. Na pr\u00e1tica, a tecnologia baseia-se em uma an\u00e1lise minuciosa do material gen\u00e9tico do tumor. <\/p>\n\n\n\n<p>Conforme os pesquisadores por detr\u00e1s da dose, \u00e9 utilizado um algoritmo bioinform\u00e1tico exclusivo, em que s\u00e3o identificadas muta\u00e7\u00f5es espec\u00edficas, que s\u00e3o usadas para sintetizar um conjunto personalizado de pept\u00eddeos (fragmentos proteicos muito curtos). Quando administrados ao paciente, esses pept\u00eddeos treinam o sistema imunol\u00f3gico para reconhecer e destruir as c\u00e9lulas tumorais com precis\u00e3o.<\/p>\n\n\n\n<p>De acordo com Veronika Skvortsova, nos testes pr\u00e9-cl\u00ednicos, a vacina foi enquadrada como segura, levando a uma redu\u00e7\u00e3o no tamanho dos tumores e uma desacelera\u00e7\u00e3o na sua progress\u00e3o, que teria variado de 60% a 80%, dependendo das caracter\u00edsticas da doen\u00e7a. No mais, a pesquisa teria indicado um aumento nas taxas de sobreviv\u00eancia.<\/p>\n\n\n\n<h2 class=\"wp-block-heading\">Cr\u00edticas \u00e0 vacina<\/h2>\n\n\n\n<p>Apesar de a informa\u00e7\u00e3o empolgar a popula\u00e7\u00e3o mundial, a dose \u00e9 vista com certo ceticismo na comunidade cient\u00edfica pela aus\u00eancia da publica\u00e7\u00e3o de dados em revistas cient\u00edficas. Por sua vez, a pesquisa em fun\u00e7\u00e3o da vacina foi realizada durante anos por especialistas, sendo os \u00faltimos tr\u00eas dedicados aos estudos pr\u00e9-cl\u00ednicos obrigat\u00f3rios.<\/p>\n\n\n\n<p>&#8220;Todos os dados deveriam ser compartilhados em revistas cient\u00edficas, que s\u00e3o revisados por pares. \u00c9 o que atesta a qualidade dos estudos e embasa as an\u00e1lises das ag\u00eancias. N\u00e3o sabemos como foram os estudos pr\u00e9-cl\u00ednicos, que mol\u00e9culas s\u00e3o essas, como v\u00e3o ser os testes cl\u00ednicos&#8221;, explica o vice-presidente da Sociedade Brasileira de Imuniza\u00e7\u00f5es (SBIm), Renato Kfouri.<\/p>\n\n\n\n<p>No caso da aposta russa, al\u00e9m de n\u00e3o haver dados publicados em revistas de prest\u00edgio, as autoridades do pa\u00eds europeu n\u00e3o especificaram se o aval aguardado seria para o in\u00edcio dos testes cl\u00ednicos em humanos, seguindo o protocolo necess\u00e1rio para uso na popula\u00e7\u00e3o, ou se seria diretamente para a aplica\u00e7\u00e3o em pacientes fora de estudos.<\/p>\n","protected":false},"excerpt":{"rendered":"<p>Considerada uma das doen\u00e7as que mais matam no mundo, o c\u00e2ncer pode n\u00e3o ser mais um problema na realidade de milhares de pessoas<\/p>\n","protected":false},"author":8,"featured_media":32711,"comment_status":"open","ping_status":"open","sticky":false,"template":"","format":"standard","meta":{"jnews-multi-image_gallery":[],"jnews_single_post":{"format":"standard"},"jnews_primary_category":[],"jnews_social_meta":[],"footnotes":""},"categories":[1],"tags":[],"class_list":["post-32708","post","type-post","status-publish","format-standard","has-post-thumbnail","hentry","category-mix"],"_links":{"self":[{"href":"https:\/\/correiodoestado.audiencelabs.com.br\/wp-json\/wp\/v2\/posts\/32708","targetHints":{"allow":["GET"]}}],"collection":[{"href":"https:\/\/correiodoestado.audiencelabs.com.br\/wp-json\/wp\/v2\/posts"}],"about":[{"href":"https:\/\/correiodoestado.audiencelabs.com.br\/wp-json\/wp\/v2\/types\/post"}],"author":[{"embeddable":true,"href":"https:\/\/correiodoestado.audiencelabs.com.br\/wp-json\/wp\/v2\/users\/8"}],"replies":[{"embeddable":true,"href":"https:\/\/correiodoestado.audiencelabs.com.br\/wp-json\/wp\/v2\/comments?post=32708"}],"version-history":[{"count":2,"href":"https:\/\/correiodoestado.audiencelabs.com.br\/wp-json\/wp\/v2\/posts\/32708\/revisions"}],"predecessor-version":[{"id":32776,"href":"https:\/\/correiodoestado.audiencelabs.com.br\/wp-json\/wp\/v2\/posts\/32708\/revisions\/32776"}],"wp:featuredmedia":[{"embeddable":true,"href":"https:\/\/correiodoestado.audiencelabs.com.br\/wp-json\/wp\/v2\/media\/32711"}],"wp:attachment":[{"href":"https:\/\/correiodoestado.audiencelabs.com.br\/wp-json\/wp\/v2\/media?parent=32708"}],"wp:term":[{"taxonomy":"category","embeddable":true,"href":"https:\/\/correiodoestado.audiencelabs.com.br\/wp-json\/wp\/v2\/categories?post=32708"},{"taxonomy":"post_tag","embeddable":true,"href":"https:\/\/correiodoestado.audiencelabs.com.br\/wp-json\/wp\/v2\/tags?post=32708"}],"curies":[{"name":"wp","href":"https:\/\/api.w.org\/{rel}","templated":true}]}}