{"id":33124,"date":"2026-02-21T05:00:00","date_gmt":"2026-02-21T08:00:00","guid":{"rendered":"https:\/\/correiodoestado.audiencelabs.com.br\/?p=33124"},"modified":"2026-02-18T10:35:10","modified_gmt":"2026-02-18T13:35:10","slug":"ilha-paradisiaca-surpreende-turistas-com-multa-de-r-500-para-quem-usar-caixas-de-som-nas-praias","status":"publish","type":"post","link":"https:\/\/correiodoestado.audiencelabs.com.br\/ilha-paradisiaca-surpreende-turistas-com-multa-de-r-500-para-quem-usar-caixas-de-som-nas-praias\/","title":{"rendered":"Ilha paradis\u00edaca surpreende turistas com multa de R$ 500 para quem usar caixas de som nas praias"},"content":{"rendered":"\n<p>A Prefeitura de Florian\u00f3polis implementou um novo decreto que pro\u00edbe o uso de caixas de som e equipamentos sonoros nas praias da cidade.A proibi\u00e7\u00e3o abrange qualquer tipo de equipamento que amplifique som, incluindo alto-falantes e som automotivo.<\/p>\n\n\n\n<p>O decreto estabelece que o uso de caixas de som \u00e9 proibido independentemente do volume, sempre que causar perturba\u00e7\u00e3o. Aqueles que descumprirem a norma estar\u00e3o sujeitos a uma multa de R$ 500, al\u00e9m da apreens\u00e3o imediata do equipamento sonoro.<\/p>\n\n\n\n<p>O valor da penalidade ser\u00e1 dobrado em caso de reincid\u00eancia. Para reaver o equipamento apreendido, o infrator deve pagar a multa e comprovar a propriedade do item, iniciando um processo administrativo.<\/p>\n\n\n\n<figure class=\"wp-block-gallery has-nested-images columns-default is-cropped wp-block-gallery-1 is-layout-flex wp-block-gallery-is-layout-flex\">\n<figure class=\"wp-block-image size-large\"><img loading=\"lazy\" decoding=\"async\" width=\"900\" height=\"602\" data-id=\"33125\" src=\"https:\/\/correiodoestado.audiencelabs.com.br\/wp-content\/uploads\/2026\/02\/Captura-de-tela-2026-02-18-103123.png\" alt=\"\" class=\"wp-image-33125\" srcset=\"https:\/\/correiodoestado.audiencelabs.com.br\/wp-content\/uploads\/2026\/02\/Captura-de-tela-2026-02-18-103123.png 900w, https:\/\/correiodoestado.audiencelabs.com.br\/wp-content\/uploads\/2026\/02\/Captura-de-tela-2026-02-18-103123-300x201.png 300w, https:\/\/correiodoestado.audiencelabs.com.br\/wp-content\/uploads\/2026\/02\/Captura-de-tela-2026-02-18-103123-768x514.png 768w, https:\/\/correiodoestado.audiencelabs.com.br\/wp-content\/uploads\/2026\/02\/Captura-de-tela-2026-02-18-103123-750x502.png 750w\" sizes=\"auto, (max-width: 900px) 100vw, 900px\" \/><figcaption class=\"wp-element-caption\">Cr\u00e9ditos: Unsplash<\/figcaption><\/figure>\n<\/figure>\n\n\n\n<h2 class=\"wp-block-heading\">Fiscaliza\u00e7\u00e3o e responsabilidade<\/h2>\n\n\n\n<p>A fiscaliza\u00e7\u00e3o da nova norma ser\u00e1 realizada pela Guarda Municipal, em conjunto com a Fiscaliza\u00e7\u00e3o de Posturas e \u00f3rg\u00e3os conveniados. A Secretaria Municipal de Seguran\u00e7a e Ordem P\u00fablica ser\u00e1 respons\u00e1vel pela divulga\u00e7\u00e3o dos canais de den\u00fancia e pela guarda dos equipamentos apreendidos.&nbsp;<\/p>\n\n\n\n<p>Se o equipamento estiver na posse de um menor, a responsabilidade pela infra\u00e7\u00e3o recair\u00e1 sobre os pais ou respons\u00e1veis legais. O decreto prev\u00ea exce\u00e7\u00f5es apenas para eventos p\u00fablicos, festas e shows que tenham sido previamente autorizados pelo munic\u00edpio.<\/p>\n\n\n\n<p>Para esses eventos, \u00e9 necess\u00e1rio atender a todas as exig\u00eancias de licenciamento e condi\u00e7\u00f5es t\u00e9cnicas e ambientais. O n\u00e3o cumprimento dessas condi\u00e7\u00f5es resultar\u00e1 na revoga\u00e7\u00e3o da autoriza\u00e7\u00e3o e na aplica\u00e7\u00e3o das penalidades cab\u00edveis.<\/p>\n\n\n\n<p>A regulamenta\u00e7\u00e3o tem como principal objetivo assegurar uma conviv\u00eancia harmoniosa nas praias de Florian\u00f3polis. Com a proibi\u00e7\u00e3o do uso de caixas de som, a Prefeitura busca reduzir a polui\u00e7\u00e3o sonora e promover um ambiente mais tranquilo para moradores e visitantes. O decreto entrou em vigor na data de sua publica\u00e7\u00e3o, em 16 de dezembro de 2025,.<\/p>\n","protected":false},"excerpt":{"rendered":"<p>A Prefeitura de Florian\u00f3polis implementou um novo decreto que pro\u00edbe o uso de caixas de som e equipamentos sonoros nas praias da cidade.A proibi\u00e7\u00e3o abrange qualquer tipo de equipamento que amplifique som, incluindo alto-falantes e som automotivo. O decreto estabelece que o uso de caixas de som \u00e9 proibido independentemente do volume, sempre que causar [&hellip;]<\/p>\n","protected":false},"author":13,"featured_media":33126,"comment_status":"open","ping_status":"open","sticky":false,"template":"","format":"standard","meta":{"jnews-multi-image_gallery":[],"jnews_single_post":{"format":"standard"},"jnews_primary_category":[],"jnews_social_meta":[],"footnotes":""},"categories":[1],"tags":[],"class_list":["post-33124","post","type-post","status-publish","format-standard","has-post-thumbnail","hentry","category-mix"],"_links":{"self":[{"href":"https:\/\/correiodoestado.audiencelabs.com.br\/wp-json\/wp\/v2\/posts\/33124","targetHints":{"allow":["GET"]}}],"collection":[{"href":"https:\/\/correiodoestado.audiencelabs.com.br\/wp-json\/wp\/v2\/posts"}],"about":[{"href":"https:\/\/correiodoestado.audiencelabs.com.br\/wp-json\/wp\/v2\/types\/post"}],"author":[{"embeddable":true,"href":"https:\/\/correiodoestado.audiencelabs.com.br\/wp-json\/wp\/v2\/users\/13"}],"replies":[{"embeddable":true,"href":"https:\/\/correiodoestado.audiencelabs.com.br\/wp-json\/wp\/v2\/comments?post=33124"}],"version-history":[{"count":1,"href":"https:\/\/correiodoestado.audiencelabs.com.br\/wp-json\/wp\/v2\/posts\/33124\/revisions"}],"predecessor-version":[{"id":33127,"href":"https:\/\/correiodoestado.audiencelabs.com.br\/wp-json\/wp\/v2\/posts\/33124\/revisions\/33127"}],"wp:featuredmedia":[{"embeddable":true,"href":"https:\/\/correiodoestado.audiencelabs.com.br\/wp-json\/wp\/v2\/media\/33126"}],"wp:attachment":[{"href":"https:\/\/correiodoestado.audiencelabs.com.br\/wp-json\/wp\/v2\/media?parent=33124"}],"wp:term":[{"taxonomy":"category","embeddable":true,"href":"https:\/\/correiodoestado.audiencelabs.com.br\/wp-json\/wp\/v2\/categories?post=33124"},{"taxonomy":"post_tag","embeddable":true,"href":"https:\/\/correiodoestado.audiencelabs.com.br\/wp-json\/wp\/v2\/tags?post=33124"}],"curies":[{"name":"wp","href":"https:\/\/api.w.org\/{rel}","templated":true}]}}