{"id":33256,"date":"2026-02-18T16:18:00","date_gmt":"2026-02-18T19:18:00","guid":{"rendered":"https:\/\/correiodoestado.audiencelabs.com.br\/?p=33256"},"modified":"2026-02-18T16:14:40","modified_gmt":"2026-02-18T19:14:40","slug":"apenas-uma-pais-da-america-latina-aparece-entre-os-que-possuem-a-melhor-qualidade-de-vida-do-mundo","status":"publish","type":"post","link":"https:\/\/correiodoestado.audiencelabs.com.br\/apenas-uma-pais-da-america-latina-aparece-entre-os-que-possuem-a-melhor-qualidade-de-vida-do-mundo\/","title":{"rendered":"Apenas uma pa\u00eds da Am\u00e9rica Latina aparece entre os que possuem a melhor qualidade de vida do mundo"},"content":{"rendered":"\n<p>Embora o Brasil seja o maior pa\u00eds do continente sul-americano, n\u00e3o assume o protagonismo em outras quest\u00f5es sociais. De acordo com o \u00cdndice de Qualidade de Vida 2025 da Numbeo, o <a href=\"https:\/\/correiodoestado.com.br\/mix\/mudanca-na-contabilizacao-das-faltas-de-alunos-e-professores-sera-realizada-para-melhorar-a-frequencia-nas-escolas-e-faculdades-do-uruguai\/\" target=\"_blank\" rel=\"noopener\">Uruguai <\/a>\u00e9 a \u00fanica na\u00e7\u00e3o da Am\u00e9rica Latina a figurar no rol das melhores posicionadas do mundo. O levantamento levou em considera\u00e7\u00e3o servi\u00e7os essenciais \u00e0 popula\u00e7\u00e3o.<\/p>\n\n\n\n<p>Segundo a an\u00e1lise de especialistas, o territ\u00f3rio uruguaio recebeu \u00edndice de 137,21 pontos, o que projetou o pa\u00eds para a 48\u00aa posi\u00e7\u00e3o mundial. Para que conseguisse o destaque entre as demais federa\u00e7\u00f5es latino-americanas, o Uruguai investiu em um ambiente pol\u00edtico est\u00e1vel, baixos n\u00edveis de criminalidade,\u00a0sistema de sa\u00fade\u00a0acess\u00edvel e boa qualidade ambiental.<\/p>\n\n\n\n<figure class=\"wp-block-image size-full\"><img loading=\"lazy\" decoding=\"async\" width=\"847\" height=\"580\" src=\"https:\/\/correiodoestado.audiencelabs.com.br\/wp-content\/uploads\/2026\/02\/photo-1583166614653-1a1956372d9c.avif\" alt=\"\" class=\"wp-image-33269\" \/><figcaption class=\"wp-element-caption\">Cr\u00e9ditos: Unsplash<\/figcaption><\/figure>\n\n\n\n<p>A n\u00edvel de compara\u00e7\u00e3o, enquanto os uruguaios tiveram a melhor posi\u00e7\u00e3o entre os pa\u00edses da Am\u00e9rica Latina, o Brasil somente apareceu na s\u00e9tima coloca\u00e7\u00e3o. O territ\u00f3rio brasileiro foi superado por Costa Rica, Equador, M\u00e9xico, Panam\u00e1 e Argentina. Em contrapartida, ficou \u00e0 frente de Col\u00f4mbia, Bol\u00edvia, Peru e Venezuela.<\/p>\n\n\n\n<h2 class=\"wp-block-heading\">Por quais motivos o Uruguai se destaca?<\/h2>\n\n\n\n<p>Estimado em 3,5 milh\u00f5es de habitantes, o pa\u00eds vizinho ao Brasil tornou-se uma refer\u00eancia por unificar um ambiente pol\u00edtico est\u00e1vel e um sistema de sa\u00fade acess\u00edvel aos moradores. O mecanismo em quest\u00e3o serviu para impulsionar a economia local, tendo em vista que o desenvolvimento da sociedade acarretou no maior interesse dos turistas.<\/p>\n\n\n\n<p>Em contrapartida, \u00e9 v\u00e1lido destacar que a seguran\u00e7a de qualidade, investimentos em educa\u00e7\u00e3o, infraestrutura, lazer e cultura apresentam consequ\u00eancias importantes. Sobretudo, o custo de vida no pa\u00eds \u00e9 elevado, fator que liga o sinal de alerta daqueles que procuram unir acesso a servi\u00e7os eficientes, mas sem desprender valores ascendentes.<\/p>\n","protected":false},"excerpt":{"rendered":"<p>Embora o Brasil seja o maior pa\u00eds do continente sul-americano, n\u00e3o assume o protagonismo em outras quest\u00f5es sociais, como qualidade de vida<\/p>\n","protected":false},"author":8,"featured_media":33270,"comment_status":"open","ping_status":"open","sticky":false,"template":"","format":"standard","meta":{"jnews-multi-image_gallery":[],"jnews_single_post":{"format":"standard"},"jnews_primary_category":[],"jnews_social_meta":[],"footnotes":""},"categories":[1],"tags":[],"class_list":["post-33256","post","type-post","status-publish","format-standard","has-post-thumbnail","hentry","category-mix"],"_links":{"self":[{"href":"https:\/\/correiodoestado.audiencelabs.com.br\/wp-json\/wp\/v2\/posts\/33256","targetHints":{"allow":["GET"]}}],"collection":[{"href":"https:\/\/correiodoestado.audiencelabs.com.br\/wp-json\/wp\/v2\/posts"}],"about":[{"href":"https:\/\/correiodoestado.audiencelabs.com.br\/wp-json\/wp\/v2\/types\/post"}],"author":[{"embeddable":true,"href":"https:\/\/correiodoestado.audiencelabs.com.br\/wp-json\/wp\/v2\/users\/8"}],"replies":[{"embeddable":true,"href":"https:\/\/correiodoestado.audiencelabs.com.br\/wp-json\/wp\/v2\/comments?post=33256"}],"version-history":[{"count":1,"href":"https:\/\/correiodoestado.audiencelabs.com.br\/wp-json\/wp\/v2\/posts\/33256\/revisions"}],"predecessor-version":[{"id":33271,"href":"https:\/\/correiodoestado.audiencelabs.com.br\/wp-json\/wp\/v2\/posts\/33256\/revisions\/33271"}],"wp:featuredmedia":[{"embeddable":true,"href":"https:\/\/correiodoestado.audiencelabs.com.br\/wp-json\/wp\/v2\/media\/33270"}],"wp:attachment":[{"href":"https:\/\/correiodoestado.audiencelabs.com.br\/wp-json\/wp\/v2\/media?parent=33256"}],"wp:term":[{"taxonomy":"category","embeddable":true,"href":"https:\/\/correiodoestado.audiencelabs.com.br\/wp-json\/wp\/v2\/categories?post=33256"},{"taxonomy":"post_tag","embeddable":true,"href":"https:\/\/correiodoestado.audiencelabs.com.br\/wp-json\/wp\/v2\/tags?post=33256"}],"curies":[{"name":"wp","href":"https:\/\/api.w.org\/{rel}","templated":true}]}}