{"id":33517,"date":"2026-03-07T09:00:00","date_gmt":"2026-03-07T12:00:00","guid":{"rendered":"https:\/\/correiodoestado.audiencelabs.com.br\/?p=33517"},"modified":"2026-03-06T19:07:38","modified_gmt":"2026-03-06T22:07:38","slug":"cidade-classificada-como-a-melhor-do-brasil-para-viver-possui-33-ilhas-e-visual-deslumbrante","status":"publish","type":"post","link":"https:\/\/correiodoestado.audiencelabs.com.br\/cidade-classificada-como-a-melhor-do-brasil-para-viver-possui-33-ilhas-e-visual-deslumbrante\/","title":{"rendered":"Cidade classificada como a melhor do Brasil para viver possui 33 ilhas e visual deslumbrante"},"content":{"rendered":"\n<p>De acordo com o levantamento efetuado pela Veja Neg\u00f3cios, em parceria com a ag\u00eancia Austin Rating, a capital do Esp\u00edrito Santo, <a href=\"https:\/\/correiodoestado.com.br\/mix\/melhor-cidade-para-viver-no-brasil-e-tambem-o-melhor-lugar-para-visitar-no-espirito-santo\/\" target=\"_blank\" rel=\"noopener\">Vit\u00f3ria<\/a>, foi eleita a melhor cidade para se morar no Brasil. Composto por pouco mais de 322 mil habitantes e 33 ilhas de tirar o f\u00f4lego, o munic\u00edpio tem atra\u00eddo milhares de turistas, especialmente pela din\u00e2mica entre servi\u00e7os b\u00e1sicos de qualidade.<\/p>\n\n\n\n<p>Diante de uma avalia\u00e7\u00e3o minuciosa, levando em considera\u00e7\u00e3o 5.570 cidades brasileiras, Vit\u00f3ria destacou-se no tocante aos 253 indicadores. Entre as principais refer\u00eancias est\u00e3o a efici\u00eancia fiscal, o desempenho econ\u00f4mico, a inclus\u00e3o social e a conectividade digital. Como resultado da jun\u00e7\u00e3o dos mecanismos, o munic\u00edpio n\u00e3o enfrenta dificuldades para atrair pessoas de todas as regi\u00f5es do mundo.<\/p>\n\n\n\n<figure class=\"wp-block-image size-full\"><img loading=\"lazy\" decoding=\"async\" width=\"800\" height=\"532\" src=\"https:\/\/correiodoestado.audiencelabs.com.br\/wp-content\/uploads\/2026\/02\/ampliada@2x-1.jpg\" alt=\"\" class=\"wp-image-33518\" srcset=\"https:\/\/correiodoestado.audiencelabs.com.br\/wp-content\/uploads\/2026\/02\/ampliada@2x-1.jpg 800w, https:\/\/correiodoestado.audiencelabs.com.br\/wp-content\/uploads\/2026\/02\/ampliada@2x-1-300x200.jpg 300w, https:\/\/correiodoestado.audiencelabs.com.br\/wp-content\/uploads\/2026\/02\/ampliada@2x-1-768x511.jpg 768w, https:\/\/correiodoestado.audiencelabs.com.br\/wp-content\/uploads\/2026\/02\/ampliada@2x-1-750x499.jpg 750w\" sizes=\"auto, (max-width: 800px) 100vw, 800px\" \/><figcaption class=\"wp-element-caption\">Cr\u00e9ditos: Leonardo Silveira\/Prefeitura de Vit\u00f3ria<\/figcaption><\/figure>\n\n\n\n<p>Para entender o dinamismo operado pela capital do Esp\u00edrito Santo,\u00a0os indicadores mostraram 99,24% de taxa de escolariza\u00e7\u00e3o de 6 a 14 anos e 92,69% de domic\u00edlios com acesso \u00e0 internet. Em continuidade, ganhou destaque por investir na seguran\u00e7a, infraestrutura, al\u00e9m da alian\u00e7a entre finan\u00e7as equilibradas com a oferta de servi\u00e7os eficientes.<\/p>\n\n\n\n<p>&#8220;Isso \u00e9 fruto de um trabalho coletivo, que envolve a dedica\u00e7\u00e3o da gest\u00e3o, dos servidores e de toda a popula\u00e7\u00e3o capixaba. O resultado refor\u00e7a a cidade como um centro de inova\u00e7\u00e3o e abre oportunidades para novas parcerias. A troca de conhecimento no evento consolida o compromisso da gest\u00e3o com a busca cont\u00ednua por melhorias para a popula\u00e7\u00e3o&#8221;, destacou o prefeito de Vit\u00f3ria, Lorenzo Pazolini.<\/p>\n\n\n\n<h2 class=\"wp-block-heading\">Valoriza\u00e7\u00e3o imobili\u00e1ria mais alta do Brasil<\/h2>\n\n\n\n<p>Conforme o FipeZAP, principal \u00edndice de pre\u00e7os de im\u00f3veis residenciais e comerciais no Brasil, Vit\u00f3ria \u00e9 a capital com o metro quadrado mais caro do pa\u00eds. No ano de 2025, a valoriza\u00e7\u00e3o imobili\u00e1ria da cidade aumentou 15,13%, o que significa que as cifras das resid\u00eancias apresentaram valoriza\u00e7\u00e3o maior do que o custo de vida m\u00e9dio da popula\u00e7\u00e3o.<\/p>\n\n\n\n<p>Diante do levantamento, a capital capixaba deteve o metro quadrado mais caro do pa\u00eds, correspondendo a R$ 14.108. Em contrapartida, assumiu o terceiro lugar no ranking geral, ficando atr\u00e1s de Balne\u00e1rio Cambori\u00fa (SC), R$ 14.906, e\u00a0Itapema (SC), R$ 14.843. A ascens\u00e3o \u00e9 motivada pela excelente qualidade de vida, boa infraestrutura, economia baseada em servi\u00e7os e limita\u00e7\u00e3o geogr\u00e1fica.<\/p>\n","protected":false},"excerpt":{"rendered":"<p>De acordo com o levantamento efetuado pela Veja Neg\u00f3cios, em parceria com a ag\u00eancia Austin Rating, a capital do Esp\u00edrito Santo, Vit\u00f3ria, foi eleita a melhor cidade para se morar no Brasil<\/p>\n","protected":false},"author":8,"featured_media":33519,"comment_status":"open","ping_status":"open","sticky":false,"template":"","format":"standard","meta":{"jnews-multi-image_gallery":[],"jnews_single_post":{"format":"standard"},"jnews_primary_category":[],"jnews_social_meta":[],"footnotes":""},"categories":[1],"tags":[],"class_list":["post-33517","post","type-post","status-publish","format-standard","has-post-thumbnail","hentry","category-mix"],"_links":{"self":[{"href":"https:\/\/correiodoestado.audiencelabs.com.br\/wp-json\/wp\/v2\/posts\/33517","targetHints":{"allow":["GET"]}}],"collection":[{"href":"https:\/\/correiodoestado.audiencelabs.com.br\/wp-json\/wp\/v2\/posts"}],"about":[{"href":"https:\/\/correiodoestado.audiencelabs.com.br\/wp-json\/wp\/v2\/types\/post"}],"author":[{"embeddable":true,"href":"https:\/\/correiodoestado.audiencelabs.com.br\/wp-json\/wp\/v2\/users\/8"}],"replies":[{"embeddable":true,"href":"https:\/\/correiodoestado.audiencelabs.com.br\/wp-json\/wp\/v2\/comments?post=33517"}],"version-history":[{"count":2,"href":"https:\/\/correiodoestado.audiencelabs.com.br\/wp-json\/wp\/v2\/posts\/33517\/revisions"}],"predecessor-version":[{"id":33712,"href":"https:\/\/correiodoestado.audiencelabs.com.br\/wp-json\/wp\/v2\/posts\/33517\/revisions\/33712"}],"wp:featuredmedia":[{"embeddable":true,"href":"https:\/\/correiodoestado.audiencelabs.com.br\/wp-json\/wp\/v2\/media\/33519"}],"wp:attachment":[{"href":"https:\/\/correiodoestado.audiencelabs.com.br\/wp-json\/wp\/v2\/media?parent=33517"}],"wp:term":[{"taxonomy":"category","embeddable":true,"href":"https:\/\/correiodoestado.audiencelabs.com.br\/wp-json\/wp\/v2\/categories?post=33517"},{"taxonomy":"post_tag","embeddable":true,"href":"https:\/\/correiodoestado.audiencelabs.com.br\/wp-json\/wp\/v2\/tags?post=33517"}],"curies":[{"name":"wp","href":"https:\/\/api.w.org\/{rel}","templated":true}]}}