{"id":34008,"date":"2026-04-03T08:30:37","date_gmt":"2026-04-03T11:30:37","guid":{"rendered":"https:\/\/correiodoestado.audiencelabs.com.br\/?p=34008"},"modified":"2026-04-02T19:17:29","modified_gmt":"2026-04-02T22:17:29","slug":"governo-determina-que-todas-as-escolas-adicionem-nova-disciplina-obrigatoria-durante-o-ano-letivo-da-colombia","status":"publish","type":"post","link":"https:\/\/correiodoestado.audiencelabs.com.br\/governo-determina-que-todas-as-escolas-adicionem-nova-disciplina-obrigatoria-durante-o-ano-letivo-da-colombia\/","title":{"rendered":"Governo determina que todas as escolas adicionem nova disciplina obrigat\u00f3ria durante o ano letivo da Col\u00f4mbia"},"content":{"rendered":"\n<p>A partir de 2026, o sistema educacional da Col\u00f4mbia vai iniciar a inclus\u00e3o obrigat\u00f3ria de um novo idioma estrangeiro nas escolas p\u00fablicas, gra\u00e7as \u00e0s exig\u00eancias do mercado global, \u00e0 mobilidade acad\u00eamica e \u00e0s oportunidades de forma\u00e7\u00e3o t\u00e9cnica internacional. A medida tem como foco seguir a  moderniza\u00e7\u00e3o curricular da Am\u00e9rica Latina, assim como vem sendo feito no Brasil.<\/p>\n\n\n\n<p>Na rede p\u00fablica colombiana, o idioma alem\u00e3o ser\u00e1 incorporado de forma progressiva ao curr\u00edculo oficial. A implementa\u00e7\u00e3o come\u00e7ar\u00e1 em institui\u00e7\u00f5es selecionadas e ampliada em seguida conforme a capacidade de cada rede. A proposta vai al\u00e9m do ensino te\u00f3rico: o idioma dever\u00e1 funcionar como instrumento pr\u00e1tico para acesso a universidades estrangeiras, interc\u00e2mbios, forma\u00e7\u00e3o t\u00e9cnica especializada e inser\u00e7\u00e3o em empresas multinacionais.<\/p>\n\n\n\n<figure class=\"wp-block-gallery has-nested-images columns-default is-cropped wp-block-gallery-1 is-layout-flex wp-block-gallery-is-layout-flex\">\n<figure class=\"wp-block-image size-large\"><img loading=\"lazy\" decoding=\"async\" width=\"1024\" height=\"613\" data-id=\"34012\" src=\"https:\/\/correiodoestado.audiencelabs.com.br\/wp-content\/uploads\/2026\/02\/toms0671-1024x613.webp\" alt=\"\" class=\"wp-image-34012\" srcset=\"https:\/\/correiodoestado.audiencelabs.com.br\/wp-content\/uploads\/2026\/02\/toms0671-1024x613.webp 1024w, https:\/\/correiodoestado.audiencelabs.com.br\/wp-content\/uploads\/2026\/02\/toms0671-300x179.webp 300w, https:\/\/correiodoestado.audiencelabs.com.br\/wp-content\/uploads\/2026\/02\/toms0671-768x459.webp 768w, https:\/\/correiodoestado.audiencelabs.com.br\/wp-content\/uploads\/2026\/02\/toms0671-750x449.webp 750w, https:\/\/correiodoestado.audiencelabs.com.br\/wp-content\/uploads\/2026\/02\/toms0671-1140x682.webp 1140w, https:\/\/correiodoestado.audiencelabs.com.br\/wp-content\/uploads\/2026\/02\/toms0671.webp 1170w\" sizes=\"auto, (max-width: 1024px) 100vw, 1024px\" \/><figcaption class=\"wp-element-caption\">Cr\u00e9ditos: Tomaz Silva\/Ag\u00eancia Brasil <\/figcaption><\/figure>\n<\/figure>\n\n\n\n<p>J\u00e1 no Brasil, o ano letivo de 2026 fica marcado pela aplica\u00e7\u00e3o obrigat\u00f3ria do novo modelo de Ensino M\u00e9dio institu\u00eddo pela Lei 14.945\/2024. A reforma amplia a Forma\u00e7\u00e3o Geral B\u00e1sica para 2.400 horas, reduz os itiner\u00e1rios formativos em rela\u00e7\u00e3o ao formato anterior e mant\u00e9m os itens previstos pela Base Nacional Comum Curricular. A mudan\u00e7a vale para escolas p\u00fablicas e privadas em todo o territ\u00f3rio nacional.<\/p>\n\n\n\n<h2 class=\"wp-block-heading\">Escolas da Col\u00f4mbia v\u00e3o colocar idioma alem\u00e3o na grade curricular<\/h2>\n\n\n\n<p>A escolha do alem\u00e3o como disciplina estrat\u00e9gica na Col\u00f4mbia est\u00e1 relacionada ao peso econ\u00f4mico e tecnol\u00f3gico da Alemanha. O idioma \u00e9 relevante em setores como ind\u00fastria, engenharia, inova\u00e7\u00e3o cient\u00edfica e educa\u00e7\u00e3o t\u00e9cnica avan\u00e7ada, fortalecendo parcerias bilaterais e ampliando horizontes profissionais para os jovens colombianos. O pa\u00eds europeu, inclusive, tem incentivado a chegada de trabalhadores estrangeiros.<\/p>\n\n\n\n<p>A implementa\u00e7\u00e3o ser\u00e1 coordenada pelo Minist\u00e9rio da Educa\u00e7\u00e3o da Col\u00f4mbia, respons\u00e1vel por definir cronogramas, metas de profici\u00eancia e materiais did\u00e1ticos. O processo conta com apoio institucional do Goethe-Institut e da Embaixada da Alemanha na Col\u00f4mbia, garantindo suporte t\u00e9cnico e cultural para a iniciativa.<\/p>\n","protected":false},"excerpt":{"rendered":"<p>A partir de 2026, o sistema educacional da Col\u00f4mbia vai iniciar a inclus\u00e3o obrigat\u00f3ria de um novo idioma estrangeiro nas escolas p\u00fablicas, gra\u00e7as \u00e0s exig\u00eancias do mercado global, \u00e0 mobilidade acad\u00eamica e \u00e0s oportunidades de forma\u00e7\u00e3o t\u00e9cnica internacional. A medida tem como foco seguir a moderniza\u00e7\u00e3o curricular da Am\u00e9rica Latina, assim como vem sendo feito [&hellip;]<\/p>\n","protected":false},"author":18,"featured_media":32267,"comment_status":"open","ping_status":"open","sticky":false,"template":"","format":"standard","meta":{"jnews-multi-image_gallery":[],"jnews_single_post":{"format":"standard"},"jnews_primary_category":[],"jnews_social_meta":[],"footnotes":""},"categories":[1],"tags":[],"class_list":["post-34008","post","type-post","status-publish","format-standard","has-post-thumbnail","hentry","category-mix"],"_links":{"self":[{"href":"https:\/\/correiodoestado.audiencelabs.com.br\/wp-json\/wp\/v2\/posts\/34008","targetHints":{"allow":["GET"]}}],"collection":[{"href":"https:\/\/correiodoestado.audiencelabs.com.br\/wp-json\/wp\/v2\/posts"}],"about":[{"href":"https:\/\/correiodoestado.audiencelabs.com.br\/wp-json\/wp\/v2\/types\/post"}],"author":[{"embeddable":true,"href":"https:\/\/correiodoestado.audiencelabs.com.br\/wp-json\/wp\/v2\/users\/18"}],"replies":[{"embeddable":true,"href":"https:\/\/correiodoestado.audiencelabs.com.br\/wp-json\/wp\/v2\/comments?post=34008"}],"version-history":[{"count":2,"href":"https:\/\/correiodoestado.audiencelabs.com.br\/wp-json\/wp\/v2\/posts\/34008\/revisions"}],"predecessor-version":[{"id":39440,"href":"https:\/\/correiodoestado.audiencelabs.com.br\/wp-json\/wp\/v2\/posts\/34008\/revisions\/39440"}],"wp:featuredmedia":[{"embeddable":true,"href":"https:\/\/correiodoestado.audiencelabs.com.br\/wp-json\/wp\/v2\/media\/32267"}],"wp:attachment":[{"href":"https:\/\/correiodoestado.audiencelabs.com.br\/wp-json\/wp\/v2\/media?parent=34008"}],"wp:term":[{"taxonomy":"category","embeddable":true,"href":"https:\/\/correiodoestado.audiencelabs.com.br\/wp-json\/wp\/v2\/categories?post=34008"},{"taxonomy":"post_tag","embeddable":true,"href":"https:\/\/correiodoestado.audiencelabs.com.br\/wp-json\/wp\/v2\/tags?post=34008"}],"curies":[{"name":"wp","href":"https:\/\/api.w.org\/{rel}","templated":true}]}}