{"id":34355,"date":"2026-04-03T15:25:16","date_gmt":"2026-04-03T18:25:16","guid":{"rendered":"https:\/\/correiodoestado.audiencelabs.com.br\/?p=34355"},"modified":"2026-03-23T08:42:54","modified_gmt":"2026-03-23T11:42:54","slug":"cachorros-que-cocam-a-orelha-todos-os-dias-podem-estar-sofrendo-com-problema-serio","status":"publish","type":"post","link":"https:\/\/correiodoestado.audiencelabs.com.br\/cachorros-que-cocam-a-orelha-todos-os-dias-podem-estar-sofrendo-com-problema-serio\/","title":{"rendered":"Cachorros que co\u00e7am a orelha todos os dias podem estar sofrendo com problema s\u00e9rio"},"content":{"rendered":"\n<p>Co\u00e7ar a orelha \u00e9 visto como um comportamento natural dos cachorros, mas os tutores precisam ficar atentos quando esse simples gesto se torna di\u00e1rio ou insistente. Nesses casos, pode indicar que o animal est\u00e1 com um problema de sa\u00fade. A causa mais comum \u00e9 a otite, inflama\u00e7\u00e3o no canal auditivo que raramente est\u00e1 associada apenas ao ac\u00famulo de sujeira. O sintoma recorrente deve ser encarado como sinal de alerta.<\/p>\n\n\n\n<p>Na maior parte dos casos, o quadro tem origem al\u00e9rgica. Rea\u00e7\u00f5es a determinados alimentos, poeira, \u00e1caros ou fatores ambientais provocam inflama\u00e7\u00e3o na pele do ouvido dos c\u00e3es, elevam a produ\u00e7\u00e3o de cera e criam condi\u00e7\u00f5es favor\u00e1veis \u00e0 multiplica\u00e7\u00e3o de fungos e bact\u00e9rias. Dessa forma, a infec\u00e7\u00e3o costuma surgir como consequ\u00eancia de um processo inflamat\u00f3rio.<\/p>\n\n\n\n<figure class=\"wp-block-gallery has-nested-images columns-default is-cropped wp-block-gallery-1 is-layout-flex wp-block-gallery-is-layout-flex\">\n<figure class=\"wp-block-image size-large\"><img loading=\"lazy\" decoding=\"async\" width=\"1024\" height=\"613\" data-id=\"34357\" src=\"https:\/\/correiodoestado.audiencelabs.com.br\/wp-content\/uploads\/2026\/02\/tutores_com_caes_no_parcao_espaco_exclusivo_para_cachorros_na_praca_ayrton_senna_do_brasil_rvsa_abr_103020210147-1-1024x613.webp\" alt=\"\" class=\"wp-image-34357\" srcset=\"https:\/\/correiodoestado.audiencelabs.com.br\/wp-content\/uploads\/2026\/02\/tutores_com_caes_no_parcao_espaco_exclusivo_para_cachorros_na_praca_ayrton_senna_do_brasil_rvsa_abr_103020210147-1-1024x613.webp 1024w, https:\/\/correiodoestado.audiencelabs.com.br\/wp-content\/uploads\/2026\/02\/tutores_com_caes_no_parcao_espaco_exclusivo_para_cachorros_na_praca_ayrton_senna_do_brasil_rvsa_abr_103020210147-1-300x179.webp 300w, https:\/\/correiodoestado.audiencelabs.com.br\/wp-content\/uploads\/2026\/02\/tutores_com_caes_no_parcao_espaco_exclusivo_para_cachorros_na_praca_ayrton_senna_do_brasil_rvsa_abr_103020210147-1-768x459.webp 768w, https:\/\/correiodoestado.audiencelabs.com.br\/wp-content\/uploads\/2026\/02\/tutores_com_caes_no_parcao_espaco_exclusivo_para_cachorros_na_praca_ayrton_senna_do_brasil_rvsa_abr_103020210147-1-750x449.webp 750w, https:\/\/correiodoestado.audiencelabs.com.br\/wp-content\/uploads\/2026\/02\/tutores_com_caes_no_parcao_espaco_exclusivo_para_cachorros_na_praca_ayrton_senna_do_brasil_rvsa_abr_103020210147-1-1140x682.webp 1140w, https:\/\/correiodoestado.audiencelabs.com.br\/wp-content\/uploads\/2026\/02\/tutores_com_caes_no_parcao_espaco_exclusivo_para_cachorros_na_praca_ayrton_senna_do_brasil_rvsa_abr_103020210147-1.webp 1170w\" sizes=\"auto, (max-width: 1024px) 100vw, 1024px\" \/><figcaption class=\"wp-element-caption\">Cr\u00e9ditos: Rovena Rosa\/Ag\u00eancia Brasil <\/figcaption><\/figure>\n<\/figure>\n\n\n\n<p>Se a inflama\u00e7\u00e3o n\u00e3o for tratada de forma adequa, pode evoluir e se tornar cr\u00f4nica. Quando as inflama\u00e7\u00f5es acontecem com certa frequ\u00eancia, tendem a engrossar o canal auditivo, aumentar a secre\u00e7\u00e3o e at\u00e9 estreitar a passagem de ar. Esse ciclo formado por alergia, inflama\u00e7\u00e3o, infec\u00e7\u00e3o e melhora tempor\u00e1ria favorece reca\u00eddas frequentes e dificulta o controle definitivo do problema.<\/p>\n\n\n\n<h2 class=\"wp-block-heading\">Cachorros podem estar sujeitos \u00e0 inflama\u00e7\u00f5es nesses casos<\/h2>\n\n\n\n<p>Especialistas apontam que algumas ra\u00e7as apresentam maior predisposi\u00e7\u00e3o a desenvolver otite, como por exemplo Cocker Spaniel, Golden Retriever, Labrador Retriever, Bulldog, Shih Tzu e Basset Hound. Ainda assim, os profissionais ressaltam que co\u00e7ar as orelhas todos os dias n\u00e3o \u00e9 considerado normal em nenhuma ra\u00e7a.<\/p>\n\n\n\n<p>Outros sinais que merecem aten\u00e7\u00e3o incluem odor forte, vermelhid\u00e3o, secre\u00e7\u00e3o escura ou amarelada, dor ao toque e o h\u00e1bito constante de sacudir a cabe\u00e7a. Veterin\u00e1rios alertam que a automedica\u00e7\u00e3o e a limpeza excessiva n\u00e3o s\u00e3o recomendados, pois podem agravar o quadro cl\u00ednico. A orienta\u00e7\u00e3o \u00e9 procurar avalia\u00e7\u00e3o profissional nos primeiros sintomas para evitar complica\u00e7\u00f5es e preservar o bem-estar dos cachorros.<\/p>\n","protected":false},"excerpt":{"rendered":"<p>Co\u00e7ar a orelha \u00e9 visto como um comportamento natural dos cachorros, mas os tutores precisam ficar atentos quando esse simples gesto se torna di\u00e1rio ou insistente. Nesses casos, pode indicar que o animal est\u00e1 com um problema de sa\u00fade. A causa mais comum \u00e9 a otite, inflama\u00e7\u00e3o no canal auditivo que raramente est\u00e1 associada apenas [&hellip;]<\/p>\n","protected":false},"author":18,"featured_media":34356,"comment_status":"open","ping_status":"open","sticky":false,"template":"","format":"standard","meta":{"jnews-multi-image_gallery":[],"jnews_single_post":{"format":"standard"},"jnews_primary_category":[],"jnews_social_meta":[],"footnotes":""},"categories":[1],"tags":[],"class_list":["post-34355","post","type-post","status-publish","format-standard","has-post-thumbnail","hentry","category-mix"],"_links":{"self":[{"href":"https:\/\/correiodoestado.audiencelabs.com.br\/wp-json\/wp\/v2\/posts\/34355","targetHints":{"allow":["GET"]}}],"collection":[{"href":"https:\/\/correiodoestado.audiencelabs.com.br\/wp-json\/wp\/v2\/posts"}],"about":[{"href":"https:\/\/correiodoestado.audiencelabs.com.br\/wp-json\/wp\/v2\/types\/post"}],"author":[{"embeddable":true,"href":"https:\/\/correiodoestado.audiencelabs.com.br\/wp-json\/wp\/v2\/users\/18"}],"replies":[{"embeddable":true,"href":"https:\/\/correiodoestado.audiencelabs.com.br\/wp-json\/wp\/v2\/comments?post=34355"}],"version-history":[{"count":2,"href":"https:\/\/correiodoestado.audiencelabs.com.br\/wp-json\/wp\/v2\/posts\/34355\/revisions"}],"predecessor-version":[{"id":39449,"href":"https:\/\/correiodoestado.audiencelabs.com.br\/wp-json\/wp\/v2\/posts\/34355\/revisions\/39449"}],"wp:featuredmedia":[{"embeddable":true,"href":"https:\/\/correiodoestado.audiencelabs.com.br\/wp-json\/wp\/v2\/media\/34356"}],"wp:attachment":[{"href":"https:\/\/correiodoestado.audiencelabs.com.br\/wp-json\/wp\/v2\/media?parent=34355"}],"wp:term":[{"taxonomy":"category","embeddable":true,"href":"https:\/\/correiodoestado.audiencelabs.com.br\/wp-json\/wp\/v2\/categories?post=34355"},{"taxonomy":"post_tag","embeddable":true,"href":"https:\/\/correiodoestado.audiencelabs.com.br\/wp-json\/wp\/v2\/tags?post=34355"}],"curies":[{"name":"wp","href":"https:\/\/api.w.org\/{rel}","templated":true}]}}