{"id":35125,"date":"2026-03-08T06:30:00","date_gmt":"2026-03-08T09:30:00","guid":{"rendered":"https:\/\/correiodoestado.audiencelabs.com.br\/?p=35125"},"modified":"2026-03-05T14:48:10","modified_gmt":"2026-03-05T17:48:10","slug":"blindado-com-tracao-6x6-pesa-18-toneladas-sobrevive-a-minas-e-e-considerado-uma-fortaleza-do-exercito-brasileiro","status":"publish","type":"post","link":"https:\/\/correiodoestado.audiencelabs.com.br\/blindado-com-tracao-6x6-pesa-18-toneladas-sobrevive-a-minas-e-e-considerado-uma-fortaleza-do-exercito-brasileiro\/","title":{"rendered":"Blindado com tra\u00e7\u00e3o 6&#215;6 pesa 18 toneladas, sobrevive a minas e \u00e9 considerado uma fortaleza do Ex\u00e9rcito Brasileiro"},"content":{"rendered":"\n<p>O Ex\u00e9rcito Brasileiro tem avan\u00e7ado na moderniza\u00e7\u00e3o de sua frota militar com a incorpora\u00e7\u00e3o do VBTP-MR Guarani, blindado sobre rodas desenvolvido para renovar a infantaria mecanizada. O modelo foi concebido para garantir maior mobilidade em rodovias, um desempenho consistente em terrenos irregulares e capacidade anf\u00edbia, caracter\u00edsticas consideradas estrat\u00e9gicas para a diversidade geogr\u00e1fica do pa\u00eds.<\/p>\n\n\n\n<p>Em apresenta\u00e7\u00f5es e materiais t\u00e9cnicos divulgados publicamente, o ve\u00edculo aparece com peso aproximado de 18 toneladas em configura\u00e7\u00e3o operacional, podendo variar de acordo com os equipamentos embarcados e os kits adicionais de blindagem. O projeto prev\u00ea a substitui\u00e7\u00e3o gradual de viaturas antigas, consolidando uma plataforma nacional produzida em parceria com a Iveco Defence Vehicles.<\/p>\n\n\n\n<figure class=\"wp-block-gallery has-nested-images columns-default is-cropped wp-block-gallery-1 is-layout-flex wp-block-gallery-is-layout-flex\">\n<figure class=\"wp-block-image size-large\"><img loading=\"lazy\" decoding=\"async\" width=\"1024\" height=\"613\" data-id=\"35127\" src=\"https:\/\/correiodoestado.audiencelabs.com.br\/wp-content\/uploads\/2026\/03\/dia_do_exercito_antcrz_abr_1904222678-1024x613.webp\" alt=\"\" class=\"wp-image-35127\" srcset=\"https:\/\/correiodoestado.audiencelabs.com.br\/wp-content\/uploads\/2026\/03\/dia_do_exercito_antcrz_abr_1904222678-1024x613.webp 1024w, https:\/\/correiodoestado.audiencelabs.com.br\/wp-content\/uploads\/2026\/03\/dia_do_exercito_antcrz_abr_1904222678-300x179.webp 300w, https:\/\/correiodoestado.audiencelabs.com.br\/wp-content\/uploads\/2026\/03\/dia_do_exercito_antcrz_abr_1904222678-768x459.webp 768w, https:\/\/correiodoestado.audiencelabs.com.br\/wp-content\/uploads\/2026\/03\/dia_do_exercito_antcrz_abr_1904222678-750x449.webp 750w, https:\/\/correiodoestado.audiencelabs.com.br\/wp-content\/uploads\/2026\/03\/dia_do_exercito_antcrz_abr_1904222678-1140x682.webp 1140w, https:\/\/correiodoestado.audiencelabs.com.br\/wp-content\/uploads\/2026\/03\/dia_do_exercito_antcrz_abr_1904222678.webp 1170w\" sizes=\"auto, (max-width: 1024px) 100vw, 1024px\" \/><figcaption class=\"wp-element-caption\">Cr\u00e9ditos: Antonio Cruz\/Ag\u00eancia Brasil <\/figcaption><\/figure>\n<\/figure>\n\n\n\n<p>Do ponto de vista mec\u00e2nico, o Guarani adota tra\u00e7\u00e3o 6\u00d76 e \u00e9 equipado com motor FPT Cursor 9, com pot\u00eancia divulgada de 383 cavalos. A velocidade m\u00e1xima em rodovias \u00e9 estimada em cerca de 110 km\/h. J\u00e1 em terrenos n\u00e3o pavimentados, foi projetado para manter a capacidade de deslocamento em condi\u00e7\u00f5es comuns ao territ\u00f3rio do Brasil, como areia, lama e estradas de terra.<\/p>\n\n\n<style>@media (min-width: 992px) {\n    .recomendadorV2Area1 {\n        width: 280px;\n    }\n    .recomendadorV2Area2 {\n        padding: 0px 20px;\n        width: calc(100% - 280px);\n    }\n}\n\n@media (max-width: 992px) {\n    .recomendadorV2Button {\n        margin: 0 auto;\n    }\n    .recomendadorV2Area {\n        flex-direction: column;\n        text-align: center;\n    }\n    .recomendadorV2Area2 {\n        padding: 0px 20px;\n    }\n}\n\n.recomendadorV2Area {\n    background: #eeeeee3d;\n    border-radius: 10px;\n    padding: 15px;\n    display: flex;\n    margin: 15px auto;\n    border: 1px solid #00000014;\n    max-width: 800px;\n}\n\n.recomendadorV2Area1 img {\n    width: 280px;\n    height: auto;\n    border-radius: 8px;\n}\n\n.linkrecomendadorv2 {\n    text-decoration: none !important;\n}\n\n.recomendadorV2Area2 .recomendadorV2Type {\n    text-transform: uppercase;\n    font-weight: 500;\n    font-size: 11px;\n    letter-spacing: 2px;\n    color: #666;\n    margin: 12px 0;\n    display: block;\n}\n\n.recomendadorV2Title h2 {\n    padding-top: 0px !important;\n    margin: 0px !important;\n    border-left: none !important;\n    padding-left: 0px !important;\n    line-height: 1.3;\n    color: #000 !important;\n    font-size: 24px;\n    margin-bottom: 12px !important;\n}\n\n.recomendadorV2Desc {\n    color: #333;\n    margin: 12px 0px !important;\n    font-size: 15px;\n    line-height: 1.5;\n}\n\n.recomendadorV2Button {\n    width: auto;\n    max-width: 200px;\n    margin: 0;\n    display: inline-flex;\n    align-items: center;\n    background: #1D3557;\n    border-radius: 8px;\n    color: #fff;\n    height: 36px;\n    justify-content: center;\n    text-align: center;\n    font-size: 14px;\n    padding: 0 20px;\n    transition: background-color 0.2s ease;\n}\n\n.recomendadorV2Button:hover {\n    background: #2a4d7a;\n}\n\n.recomendadorV2Button:after {\n    margin-top: -2px;\n    content: \"\u2192\";\n    padding: 0px 0px 0px 8px;\n}\n\n.recomendadorV2Alert {\n    text-align: left;\n    font-size: 11px;\n    margin-top: 8px;\n    color: #666;\n}\n\n.recomendadorFixedArea {\n    width: 100%;\n    display: flex;\n    justify-content: center;\n    align-items: center;\n}\n\n@media (min-width: 992px) {\n    #recomendadorFixed {\n        width: 32% !important;\n        left: 5%;\n    }\n    .recomendadorCloseFixed{\n        right: inherit !important;\n        left: 378px !important;\n    }\n}\n\n#recomendadorFixed {\n    width: 90%;\n    box-shadow: 0 10px 20px 0px #00000057;\n    display: none;\n    height: 90px;\n    background: #F6F6F6;\n    position: fixed;\n    flex-direction: row;\n    bottom: 10px;\n    z-index: 9999;\n    border-radius: 16px;\n    padding: 7px 10px;\n}\n\n.recomendadorLeftArea {\n    width: 160px;\n}\n\n.recomendadorRightArea h2 {\n    padding-top: 0px;\n    margin: 2px 0px 4px 0px !important;\n    font-weight: 400;\n    text-align: center;\n    padding-left: 0px !important;\n    color: #000 !important;\n    border-left: none !important;\n    line-height: 20px;\n    font-size: 12px !important;\n}\n\n.recomendadorImgFixed {\n    overflow: hidden;\n    padding: 8px 6px;\n    height: 100%;\n}\n\n.recomendadorImgFixed img {\n    height: 100% !important;\n    border-radius: 16px;\n}\n\n.recomendadorRightArea {\n    padding-top: 6px;\n    display: flex;\n    width: calc(100% - 130px);\n    justify-content: space-between;\n    align-items: center;\n    flex-direction: column;\n}\n\n.recomendadorButtonFixed {\n    margin: 0 auto;\n    background: #1D3557;\n    width: 80%;\n    text-align: center;\n    font-size: 10px;\n    color: #FFF;\n    padding: 2px 10px;\n    border-radius: 3px;\n}\n\n.recomendadorButtonFixed:after {\n    margin-top: -3px;\n    content: \"\u2192\";\n    padding: 0px 0px 0px 10px;\n}\n\n.recomendadorAlertFixed {\n    font-weight: 400;\n    text-align: center;\n    color: #484848;\n    font-size: 8px;\n}\n\n.recomendadorCloseFixed {\n    z-index: 99999;\n    display: none;\n    right: 0px;\n    left: inherit;\n    bottom: 99px;\n    position: fixed;\n    justify-content: center;\n    background: #F6F6F6;\n    width: 25px;\n    align-items: center;\n    height: 25px;\n    font-weight: 800;\n    border-radius: 50%;\n    border: 1px solid #EBEBEB;\n}\n\n.recomendadorV2Desc{\n    color: #000000;\n    margin: 20px 0px;\n}\n\n@media (max-width: 576px) {\n    .recomendadorV2Area {\n      padding: 10px;\n      max-width: 100%;\n    }\n  \n    .recomendadorV2Area1 img {\n      width: 100%;\n      border-radius: 6px;\n    }\n  \n    .recomendadorV2Area2 .recomendadorV2Type {\n      font-size: 9px;\n      letter-spacing: 1px;\n      margin: 8px 0;\n    }\n  \n    .recomendadorV2Title h2 {\n      font-size: 18px !important;\n      margin-bottom: 8px !important;\n      line-height: 1.2;\n    }\n  \n    .recomendadorV2Desc {\n      font-size: 14px;\n      margin: 8px 0 !important;\n      line-height: 1.4;\n    }\n  \n    .recomendadorV2Button {\n      font-size: 12px;\n      height: 30px;\n      padding: 0 12px;\n      max-width: 160px;\n    }\n  \n    .recomendadorV2Button:after {\n      padding-left: 6px;\n    }\n  }\n  <\/style>\n        <div class=\"lazyblock-recomendador-v2-2jDGz wp-block-lazyblock-recomendador-v2\">\n        <a class=\"linkrecomendadorv2\" href=\"https:\/\/correiodoestado.com.br\/mix\/empregados-clt-vao-curtir-folga-no-dia-do-aniversario-sem-ir-ao-trabalho-quando-nova-lei-for-aprovada\/?utm_source=lazy\" target=\"_blank\" rel=\"noopener\">\n            <div class=\"recomendadorV2Area\">\n            <div class=\"recomendadorV2Area1\">\n                <div class=\"recomendadorV2Img\">\n                <img class=\"lazyloaded\" decoding=\"async\" src=\"https:\/\/correiodoestado.com.br\/mix\/wp-content\/uploads\/2026\/03\/day-off-750x375.jpg\" data-src=\"https:\/\/correiodoestado.com.br\/mix\/wp-content\/uploads\/2026\/03\/day-off-750x375.jpg\" alt=\"\">\n                <\/div>\n            <\/div>\n            <div class=\"recomendadorV2Area2\">\n                <div class=\"recomendadorV2Type\">\n                    <span>Nova proposta<\/span>\n                <\/div>\n                <div class=\"recomendadorV2Title\">\n                <h2><span>Folga no niver \ud83c\udf89<\/span><\/h2>\n                <\/div>\n                <div class=\"recomendadorV2Desc\">\n                <span>CLT pode ganhar dia livre no anivers\u00e1rio<\/span>\n                <\/div>\n                <div class=\"recomendadorV2Button\">Veja detalhes<\/div>\n                <div class=\"recomendadorV2Alert\"><\/div>\n            <\/div>\n            <\/div>\n        <\/a>\n        <div>\n            <div style=\"z-index:99999;\" id=\"buttonClose\" onclick=\"closeRecomendadorFixed()\">\n            <div class=\"recomendadorCloseFixed\">X<\/div>\n            <\/div>\n            <a href=\"https:\/\/correiodoestado.com.br\/mix\/empregados-clt-vao-curtir-folga-no-dia-do-aniversario-sem-ir-ao-trabalho-quando-nova-lei-for-aprovada\/?utm_source=lazy\" target=\"_blank\" rel=\"noopener\">\n            <div class=\"recomendadorFixedArea\">\n                <div id=\"recomendadorFixed\">\n                <div class=\"recomendadorLeftArea\">\n                    <div class=\"recomendadorImgFixed\">\n                    <img class=\"lazyload\" decoding=\"async\" src=\"https:\/\/correiodoestado.com.br\/mix\/wp-content\/uploads\/2026\/03\/day-off-750x375.jpg\" alt=\"\">\n                    <\/div>\n                <\/div>\n                <div class=\"recomendadorRightArea\">\n                    <div class=\"recomendadorTitleFixed\">\n                    <h2><span>Folga no niver \ud83c\udf89<\/span><\/h2>\n                    <\/div>\n                    <div class=\"recomendadorButtonFixed\">Veja detalhes<\/div>\n                    <div class=\"recomendadorAlertFixed\"><\/div>\n                <\/div>\n                <\/div>\n            <\/div>\n            <\/a>\n        <\/div>\n        <\/div>\n\n\n\n<h2 class=\"wp-block-heading\">Blindado do Ex\u00e9rcito tem caracter\u00edsticas que chamam a aten\u00e7\u00e3o<\/h2>\n\n\n\n<p>A aptid\u00e3o anf\u00edbia faz parte do conceito original do blindado. Registros p\u00fablicos indicam a presen\u00e7a de duas h\u00e9lices traseiras para propuls\u00e3o na \u00e1gua, acionadas por sistema pr\u00f3prio do ve\u00edculo. Nessas condi\u00e7\u00f5es, a velocidade costuma ser apontada entre 9 e 10 km\/h, dependendo do ambiente e da carga transportada.<\/p>\n\n\n\n<p>No campo da prote\u00e7\u00e3o, o Guarani \u00e9 descrito como um blindado voltado \u00e0 resist\u00eancia contra minas terrestres e artefatos explosivos improvisados. O casco em formato de \u201cV\u201d foi projetado para desviar a onda de choque para as laterais, reduzindo o impacto sob a cabine e dando maior seguran\u00e7a aos soldados. Documentos t\u00e9cnicos mencionam ainda uma resist\u00eancia equivalente a explos\u00f5es de at\u00e9 6 kg de carga, dentro dos par\u00e2metros da categoria.<\/p>\n","protected":false},"excerpt":{"rendered":"<p>O Ex\u00e9rcito Brasileiro tem avan\u00e7ado na moderniza\u00e7\u00e3o de sua frota militar com a incorpora\u00e7\u00e3o do VBTP-MR Guarani, blindado sobre rodas desenvolvido para renovar a infantaria mecanizada. O modelo foi concebido para garantir maior mobilidade em rodovias, um desempenho consistente em terrenos irregulares e capacidade anf\u00edbia, caracter\u00edsticas consideradas estrat\u00e9gicas para a diversidade geogr\u00e1fica do pa\u00eds. Em [&hellip;]<\/p>\n","protected":false},"author":18,"featured_media":35126,"comment_status":"open","ping_status":"open","sticky":false,"template":"","format":"standard","meta":{"jnews-multi-image_gallery":[],"jnews_single_post":{"format":"standard"},"jnews_primary_category":[],"jnews_social_meta":[],"footnotes":""},"categories":[1],"tags":[],"class_list":["post-35125","post","type-post","status-publish","format-standard","has-post-thumbnail","hentry","category-mix"],"_links":{"self":[{"href":"https:\/\/correiodoestado.audiencelabs.com.br\/wp-json\/wp\/v2\/posts\/35125","targetHints":{"allow":["GET"]}}],"collection":[{"href":"https:\/\/correiodoestado.audiencelabs.com.br\/wp-json\/wp\/v2\/posts"}],"about":[{"href":"https:\/\/correiodoestado.audiencelabs.com.br\/wp-json\/wp\/v2\/types\/post"}],"author":[{"embeddable":true,"href":"https:\/\/correiodoestado.audiencelabs.com.br\/wp-json\/wp\/v2\/users\/18"}],"replies":[{"embeddable":true,"href":"https:\/\/correiodoestado.audiencelabs.com.br\/wp-json\/wp\/v2\/comments?post=35125"}],"version-history":[{"count":4,"href":"https:\/\/correiodoestado.audiencelabs.com.br\/wp-json\/wp\/v2\/posts\/35125\/revisions"}],"predecessor-version":[{"id":35868,"href":"https:\/\/correiodoestado.audiencelabs.com.br\/wp-json\/wp\/v2\/posts\/35125\/revisions\/35868"}],"wp:featuredmedia":[{"embeddable":true,"href":"https:\/\/correiodoestado.audiencelabs.com.br\/wp-json\/wp\/v2\/media\/35126"}],"wp:attachment":[{"href":"https:\/\/correiodoestado.audiencelabs.com.br\/wp-json\/wp\/v2\/media?parent=35125"}],"wp:term":[{"taxonomy":"category","embeddable":true,"href":"https:\/\/correiodoestado.audiencelabs.com.br\/wp-json\/wp\/v2\/categories?post=35125"},{"taxonomy":"post_tag","embeddable":true,"href":"https:\/\/correiodoestado.audiencelabs.com.br\/wp-json\/wp\/v2\/tags?post=35125"}],"curies":[{"name":"wp","href":"https:\/\/api.w.org\/{rel}","templated":true}]}}