{"id":35357,"date":"2026-04-03T14:40:06","date_gmt":"2026-04-03T17:40:06","guid":{"rendered":"https:\/\/correiodoestado.audiencelabs.com.br\/?p=35357"},"modified":"2026-03-23T08:42:46","modified_gmt":"2026-03-23T11:42:46","slug":"escola-publica-pode-impedir-que-aluno-entre-para-estudar-por-falta-de-uniforme","status":"publish","type":"post","link":"https:\/\/correiodoestado.audiencelabs.com.br\/escola-publica-pode-impedir-que-aluno-entre-para-estudar-por-falta-de-uniforme\/","title":{"rendered":"Escola p\u00fablica pode impedir que aluno entre para estudar por falta de uniforme?"},"content":{"rendered":"\n<p>O uso de uniforme \u00e9 uma pr\u00e1tica comum nas escolas p\u00fablicas brasileiras, adotada para facilitar a identifica\u00e7\u00e3o dos alunos, refor\u00e7ar a seguran\u00e7a e fortalecer o sentimento de pertencimento \u00e0 comunidade escolar. No entanto, uma d\u00favida frequente entre pais e respons\u00e1veis \u00e9 se a institui\u00e7\u00e3o pode impedir que o estudante assista \u00e0s aulas por estar sem a roupa exigida.<\/p>\n\n\n\n<p>De forma geral, as escolas n\u00e3o podem proibir. A Constitui\u00e7\u00e3o Federal do Brasil garante a educa\u00e7\u00e3o como direito de todos e dever do Estado e o Estatuto da Crian\u00e7a e do Adolescente (ECA) tamb\u00e9m assegura o acesso e a perman\u00eancia na escola. Diante desse cen\u00e1rio, barrar a entrada exclusivamente por falta de uniforme pode ser considerado uma medida desproporcional, especialmente quando h\u00e1 dificuldade financeira envolvida no caso.<\/p>\n\n\n\n<figure class=\"wp-block-gallery has-nested-images columns-default is-cropped wp-block-gallery-1 is-layout-flex wp-block-gallery-is-layout-flex\">\n<figure class=\"wp-block-image size-large\"><img loading=\"lazy\" decoding=\"async\" width=\"1024\" height=\"683\" data-id=\"35363\" src=\"https:\/\/correiodoestado.audiencelabs.com.br\/wp-content\/uploads\/2026\/03\/52686817614_150b0bbf37_k-1024x683.jpg\" alt=\"\" class=\"wp-image-35363\" srcset=\"https:\/\/correiodoestado.audiencelabs.com.br\/wp-content\/uploads\/2026\/03\/52686817614_150b0bbf37_k-1024x683.jpg 1024w, https:\/\/correiodoestado.audiencelabs.com.br\/wp-content\/uploads\/2026\/03\/52686817614_150b0bbf37_k-300x200.jpg 300w, https:\/\/correiodoestado.audiencelabs.com.br\/wp-content\/uploads\/2026\/03\/52686817614_150b0bbf37_k-768x512.jpg 768w, https:\/\/correiodoestado.audiencelabs.com.br\/wp-content\/uploads\/2026\/03\/52686817614_150b0bbf37_k-1536x1024.jpg 1536w, https:\/\/correiodoestado.audiencelabs.com.br\/wp-content\/uploads\/2026\/03\/52686817614_150b0bbf37_k-750x500.jpg 750w, https:\/\/correiodoestado.audiencelabs.com.br\/wp-content\/uploads\/2026\/03\/52686817614_150b0bbf37_k-1140x760.jpg 1140w, https:\/\/correiodoestado.audiencelabs.com.br\/wp-content\/uploads\/2026\/03\/52686817614_150b0bbf37_k.jpg 2047w\" sizes=\"auto, (max-width: 1024px) 100vw, 1024px\" \/><figcaption class=\"wp-element-caption\">Cr\u00e9ditos: Renato Alves\/Ag\u00eancia Bras\u00edlia<\/figcaption><\/figure>\n<\/figure>\n\n\n\n<p>Isso n\u00e3o impede que a escola estabele\u00e7a regras internas e determine o uso obrigat\u00f3rio do uniforme. A dire\u00e7\u00e3o pode orientar o aluno, comunicar os respons\u00e1veis e estipular prazos para a regulariza\u00e7\u00e3o. No entanto, o que n\u00e3o se recomenda \u00e9 a exclus\u00e3o imediata do estudante das atividades escolares como forma de puni\u00e7\u00e3o.<\/p>\n\n\n\n<h2 class=\"wp-block-heading\">Legisla\u00e7\u00e3o permite entrada de alunos na escola mesmo sem uniforme<\/h2>\n\n\n\n<p>Especialistas em direito educacional apontam que a prioridade deve ser a garantia do aprendizado. Impedir o acesso \u00e0 sala de aula pode gerar constrangimento, afetar o desempenho e at\u00e9 contribuir para evas\u00e3o escolar, sem resolver efetivamente a quest\u00e3o do descumprimento da norma.<\/p>\n\n\n\n<p>Dessa forma, embora o uniforme possa constar como exig\u00eancia formal, a legisla\u00e7\u00e3o brasileira prioriza o direito \u00e0 educa\u00e7\u00e3o. A solu\u00e7\u00e3o mais adequada costuma envolver di\u00e1logo, orienta\u00e7\u00e3o e, quando necess\u00e1rio, apoio por meio de pol\u00edticas p\u00fablicas ou programas sociais, garantindo que nenhum aluno deixe de estudar por esse motivo.<\/p>\n","protected":false},"excerpt":{"rendered":"<p>O uso de uniforme \u00e9 uma pr\u00e1tica comum nas escolas p\u00fablicas brasileiras, adotada para facilitar a identifica\u00e7\u00e3o dos alunos, refor\u00e7ar a seguran\u00e7a e fortalecer o sentimento de pertencimento \u00e0 comunidade escolar. No entanto, uma d\u00favida frequente entre pais e respons\u00e1veis \u00e9 se a institui\u00e7\u00e3o pode impedir que o estudante assista \u00e0s aulas por estar sem [&hellip;]<\/p>\n","protected":false},"author":18,"featured_media":35364,"comment_status":"open","ping_status":"open","sticky":false,"template":"","format":"standard","meta":{"jnews-multi-image_gallery":[],"jnews_single_post":{"format":"standard"},"jnews_primary_category":[],"jnews_social_meta":[],"footnotes":""},"categories":[1],"tags":[],"class_list":["post-35357","post","type-post","status-publish","format-standard","has-post-thumbnail","hentry","category-mix"],"_links":{"self":[{"href":"https:\/\/correiodoestado.audiencelabs.com.br\/wp-json\/wp\/v2\/posts\/35357","targetHints":{"allow":["GET"]}}],"collection":[{"href":"https:\/\/correiodoestado.audiencelabs.com.br\/wp-json\/wp\/v2\/posts"}],"about":[{"href":"https:\/\/correiodoestado.audiencelabs.com.br\/wp-json\/wp\/v2\/types\/post"}],"author":[{"embeddable":true,"href":"https:\/\/correiodoestado.audiencelabs.com.br\/wp-json\/wp\/v2\/users\/18"}],"replies":[{"embeddable":true,"href":"https:\/\/correiodoestado.audiencelabs.com.br\/wp-json\/wp\/v2\/comments?post=35357"}],"version-history":[{"count":2,"href":"https:\/\/correiodoestado.audiencelabs.com.br\/wp-json\/wp\/v2\/posts\/35357\/revisions"}],"predecessor-version":[{"id":39448,"href":"https:\/\/correiodoestado.audiencelabs.com.br\/wp-json\/wp\/v2\/posts\/35357\/revisions\/39448"}],"wp:featuredmedia":[{"embeddable":true,"href":"https:\/\/correiodoestado.audiencelabs.com.br\/wp-json\/wp\/v2\/media\/35364"}],"wp:attachment":[{"href":"https:\/\/correiodoestado.audiencelabs.com.br\/wp-json\/wp\/v2\/media?parent=35357"}],"wp:term":[{"taxonomy":"category","embeddable":true,"href":"https:\/\/correiodoestado.audiencelabs.com.br\/wp-json\/wp\/v2\/categories?post=35357"},{"taxonomy":"post_tag","embeddable":true,"href":"https:\/\/correiodoestado.audiencelabs.com.br\/wp-json\/wp\/v2\/tags?post=35357"}],"curies":[{"name":"wp","href":"https:\/\/api.w.org\/{rel}","templated":true}]}}