{"id":35377,"date":"2026-03-05T04:45:00","date_gmt":"2026-03-05T07:45:00","guid":{"rendered":"https:\/\/correiodoestado.audiencelabs.com.br\/?p=35377"},"modified":"2026-03-04T15:45:43","modified_gmt":"2026-03-04T18:45:43","slug":"novo-onibus-eletrico-surpreende-pelo-tamanho-e-vai-operar-no-brasil-levando-ate-160-passageiros","status":"publish","type":"post","link":"https:\/\/correiodoestado.audiencelabs.com.br\/novo-onibus-eletrico-surpreende-pelo-tamanho-e-vai-operar-no-brasil-levando-ate-160-passageiros\/","title":{"rendered":"Novo \u00f4nibus el\u00e9trico surpreende pelo tamanho e vai operar no Brasil levando at\u00e9 160 passageiros"},"content":{"rendered":"\n<p>Com o objetivo de expandir os investimentos na mobilidade urbana de S\u00e3o Paulo, novos transportes p\u00fablicos foram colocados \u00e0 disposi\u00e7\u00e3o da popula\u00e7\u00e3o. De acordo com o Di\u00e1rio do Transporte, os primeiros <a href=\"https:\/\/correiodoestado.com.br\/mix\/lula-libera-r-2-bilhoes-e-cidades-por-todo-o-brasil-terao-onibus-com-ar-condicionado\/\" target=\"_blank\" rel=\"noopener\">\u00f4nibus <\/a>el\u00e9tricos com tecnologia 100% brasileira tiveram as produ\u00e7\u00f5es encabe\u00e7adas em S\u00e3o Bernardo do Campo.<\/p>\n\n\n\n<p>Reconhecendo o fluxo elevado de passageiros diariamente, os modelos contam com mais de 20 metros de comprimento e v\u00e3o compor a frota do BRT-ABC. De acordo com o planejamento inicial, os \u00f4nibus ficar\u00e3o respons\u00e1veis por interligar as cidades de S\u00e3o Bernardo do Campo, Santo Andr\u00e9, S\u00e3o Caetano do Sul e a capital paulista at\u00e9 os terminais Tamanduate\u00ed e Sacom\u00e3.<\/p>\n\n\n\n<figure class=\"wp-block-image size-full\"><img loading=\"lazy\" decoding=\"async\" width=\"1262\" height=\"710\" src=\"https:\/\/correiodoestado.audiencelabs.com.br\/wp-content\/uploads\/2026\/03\/BISRTSNBB5JVNNF637Z35MP7YM.avif\" alt=\"\" class=\"wp-image-35381\" \/><figcaption class=\"wp-element-caption\">Cr\u00e9ditos: Divulga\u00e7\u00e3o\/Eletra<\/figcaption><\/figure>\n\n\n\n<p>A fim de entender todo o funcionamento das opera\u00e7\u00f5es, as primeiras unidades foram entregues, mas os testes somente devem ocorrer nos pr\u00f3ximos dias. Isso porque o BRT-ABC vai contar com 92 ve\u00edculos de grande porte, mas os outros lotes ser\u00e3o formados por tecnologia E-Trol, que funciona tanto a bateria como conectados \u00e0 fia\u00e7\u00e3o a\u00e9rea.<\/p>\n\n\n\n<h2 class=\"wp-block-heading\">Mais detalhes sobre os novos \u00f4nibus<\/h2>\n\n\n\n<p>Em s\u00edntese, o Corredor BRT-ABC \u00e9 composto por 17,5 km em cada sentido, necessitando de melhorias na malha urbana. Com produ\u00e7\u00e3o 100% brasileira, munindo tecnologia de tra\u00e7\u00e3o e eletrifica\u00e7\u00e3o da marca Eletra, os modelos s\u00e3o apresentados com baterias, motores e inversores da WEG, chassi Mercedes-Benz (modelo O500 UDA) e carroceria Caio (modelo E-Millennium Superarticulado).<\/p>\n\n\n\n<p>No mais, tamb\u00e9m ser\u00e3o apresentados com:<\/p>\n\n\n\n<ul class=\"wp-block-list\">\n<li>Comprimento total de 21,5 metros;<\/li>\n\n\n\n<li>Capacidade para cerca de 160 passageiros cada;<\/li>\n\n\n\n<li>Piso baixo para acessibilidade;<\/li>\n\n\n\n<li>Ar-condicionado com sa\u00eddas individuais que podem ser abertas ou fechadas pelos passageiros;<\/li>\n\n\n\n<li>Zero emiss\u00e3o de gases poluentes;<\/li>\n\n\n\n<li>N\u00edvel de ru\u00eddo bem reduzido;<\/li>\n\n\n\n<li>Wi-fi para acesso \u00e0 internet gratuita;<\/li>\n\n\n\n<li>Tomadas USB para recarga de baterias de celulares, notebooks e outros dispositivos m\u00f3veis;<\/li>\n\n\n\n<li>C\u00e2meras de controle de acesso nas portas e de r\u00e9;<\/li>\n\n\n\n<li>Espa\u00e7o espec\u00edfico para c\u00e3o-guia e cadeira de rodas;<\/li>\n\n\n\n<li>Janelas com vidros que possuem tratamento contra incid\u00eancia de raios ultravioletas do Sol;<\/li>\n\n\n\n<li>Sistemas de som que anunciam as pr\u00f3ximas paradas;<\/li>\n\n\n\n<li>Bala\u00fastres em relevo perto das portas para indica\u00e7\u00e3o a pessoas com restri\u00e7\u00f5es visuais, bem como bot\u00f5es de solicita\u00e7\u00e3o de parada com inscri\u00e7\u00e3o em braile.<\/li>\n<\/ul>\n","protected":false},"excerpt":{"rendered":"<p>Segundo o Di\u00e1rio do Transporte, os primeiros \u00f4nibus el\u00e9tricos com tecnologia brasileira tiveram as produ\u00e7\u00f5es encabe\u00e7adas em S\u00e3o Bernardo do Campo<\/p>\n","protected":false},"author":8,"featured_media":35380,"comment_status":"open","ping_status":"open","sticky":false,"template":"","format":"standard","meta":{"jnews-multi-image_gallery":[],"jnews_single_post":{"format":"standard"},"jnews_primary_category":[],"jnews_social_meta":[],"footnotes":""},"categories":[1],"tags":[],"class_list":["post-35377","post","type-post","status-publish","format-standard","has-post-thumbnail","hentry","category-mix"],"_links":{"self":[{"href":"https:\/\/correiodoestado.audiencelabs.com.br\/wp-json\/wp\/v2\/posts\/35377","targetHints":{"allow":["GET"]}}],"collection":[{"href":"https:\/\/correiodoestado.audiencelabs.com.br\/wp-json\/wp\/v2\/posts"}],"about":[{"href":"https:\/\/correiodoestado.audiencelabs.com.br\/wp-json\/wp\/v2\/types\/post"}],"author":[{"embeddable":true,"href":"https:\/\/correiodoestado.audiencelabs.com.br\/wp-json\/wp\/v2\/users\/8"}],"replies":[{"embeddable":true,"href":"https:\/\/correiodoestado.audiencelabs.com.br\/wp-json\/wp\/v2\/comments?post=35377"}],"version-history":[{"count":2,"href":"https:\/\/correiodoestado.audiencelabs.com.br\/wp-json\/wp\/v2\/posts\/35377\/revisions"}],"predecessor-version":[{"id":35736,"href":"https:\/\/correiodoestado.audiencelabs.com.br\/wp-json\/wp\/v2\/posts\/35377\/revisions\/35736"}],"wp:featuredmedia":[{"embeddable":true,"href":"https:\/\/correiodoestado.audiencelabs.com.br\/wp-json\/wp\/v2\/media\/35380"}],"wp:attachment":[{"href":"https:\/\/correiodoestado.audiencelabs.com.br\/wp-json\/wp\/v2\/media?parent=35377"}],"wp:term":[{"taxonomy":"category","embeddable":true,"href":"https:\/\/correiodoestado.audiencelabs.com.br\/wp-json\/wp\/v2\/categories?post=35377"},{"taxonomy":"post_tag","embeddable":true,"href":"https:\/\/correiodoestado.audiencelabs.com.br\/wp-json\/wp\/v2\/tags?post=35377"}],"curies":[{"name":"wp","href":"https:\/\/api.w.org\/{rel}","templated":true}]}}