{"id":35528,"date":"2026-03-05T15:35:00","date_gmt":"2026-03-05T18:35:00","guid":{"rendered":"https:\/\/correiodoestado.audiencelabs.com.br\/?p=35528"},"modified":"2026-03-05T12:38:13","modified_gmt":"2026-03-05T15:38:13","slug":"modric-encontrou-outra-forma-de-ganhar-milhoes-alem-de-jogar-futebol","status":"publish","type":"post","link":"https:\/\/correiodoestado.audiencelabs.com.br\/modric-encontrou-outra-forma-de-ganhar-milhoes-alem-de-jogar-futebol\/","title":{"rendered":"Modri\u0107 encontrou outra forma de ganhar milh\u00f5es al\u00e9m de jogar futebol"},"content":{"rendered":"\n<p>Reconhecido como o melhor jogador do mundo em 2018, Luka Modri\u0107 quebrou a hegemonia de uma d\u00e9cada encabe\u00e7ada por Lionel Messi e <a href=\"https:\/\/correiodoestado.com.br\/mix\/revelado-paradeiro-de-cristiano-ronaldo-apos-ataques-no-oriente-medio\/\" target=\"_blank\" rel=\"noopener\">Cristiano Ronaldo<\/a> perante a Bola de Ouro. Embora o prest\u00edgio na modalidade siga em evid\u00eancia, o croata decidiu ampliar sua dinastia em outro segmento.<\/p>\n\n\n\n<p>No ano de 2020, o meio-campista surpreendeu seus f\u00e3s ao fundar a empresa imobili\u00e1ria Modri\u0107 Family SL, em Madrid. Diante do aumento das receitas em um curto per\u00edodo de tempo, em 2022, investiu na startup croatao-americana Sportening, e tr\u00eas anos depois tornou-se copropriet\u00e1rio com 50% da Zeppelin Craft Brewery, na Cro\u00e1cia.<\/p>\n\n\n\n<figure class=\"wp-block-image size-full\"><img loading=\"lazy\" decoding=\"async\" width=\"828\" height=\"539\" src=\"https:\/\/correiodoestado.audiencelabs.com.br\/wp-content\/uploads\/2026\/03\/WhatsApp-Image-2026-03-05-at-12.33.35.jpeg\" alt=\"\" class=\"wp-image-35529\" srcset=\"https:\/\/correiodoestado.audiencelabs.com.br\/wp-content\/uploads\/2026\/03\/WhatsApp-Image-2026-03-05-at-12.33.35.jpeg 828w, https:\/\/correiodoestado.audiencelabs.com.br\/wp-content\/uploads\/2026\/03\/WhatsApp-Image-2026-03-05-at-12.33.35-300x195.jpeg 300w, https:\/\/correiodoestado.audiencelabs.com.br\/wp-content\/uploads\/2026\/03\/WhatsApp-Image-2026-03-05-at-12.33.35-768x500.jpeg 768w, https:\/\/correiodoestado.audiencelabs.com.br\/wp-content\/uploads\/2026\/03\/WhatsApp-Image-2026-03-05-at-12.33.35-750x488.jpeg 750w\" sizes=\"auto, (max-width: 828px) 100vw, 828px\" \/><figcaption class=\"wp-element-caption\">Cr\u00e9ditos: Reprodu\u00e7\u00e3o\/Instagram\/@lukamodric10<\/figcaption><\/figure>\n\n\n\n<p>Como se n\u00e3o bastasse investir seu tempo em tr\u00eas companhias e na carreira como jogador profissional de futebol, o meia, em abril do ano passado, tornou-se copropriet\u00e1rio minorit\u00e1rio do clube gal\u00eas Swansea City. Conforme o jornalista Fabrizio Romano, a ideia do craque \u00e9 ajudar o plantel a retornar para as disputas da Premier League.<\/p>\n\n\n\n<p>\u201cEle se interessa pelo lado empresarial, pelo desenvolvimento de jovens atletas, pelo aspecto t\u00e1tico e por tudo que n\u00e3o vivenciou como jogador. Ele j\u00e1 ajudou nas negocia\u00e7\u00f5es, conversando com poss\u00edveis refor\u00e7os e apresentando o projeto do Swansea. Se o alvo \u00e9 um meio-campista, n\u00e3o existe aval maior do que receber uma liga\u00e7\u00e3o de Modric\u201d, disse o CEO do clube, Tom Gorringe.<\/p>\n\n\n\n<h2 class=\"wp-block-heading\">Estadia em alto n\u00edvel no futebol europeu<\/h2>\n\n\n\n<p>Anunciado como refor\u00e7o do Milan em meados de 2025, Luka Modri\u0107 tem contrato v\u00e1lido com os italianos at\u00e9 meados da atual temporada. Apesar de ter completado 40 anos, o croata segue atuando em grande estilo, mesmo confrontando gera\u00e7\u00f5es mais jovens. Em sua estadia pela It\u00e1lia, apresenta dois gols e tr\u00eas assist\u00eancias ao longo de 29 partidas disputadas.<\/p>\n\n\n\n<p>Embora esteja concentrado em faturar o Campeonato Italiano ao final da atual temporada, Luka deseja encerrar sua carreira com a chance de disputar a \u00faltima Copa do Mundo. Considerado um dos pilares da delega\u00e7\u00e3o comandada pelo t\u00e9cnico Zlatko Dali\u0107, o craque deve marcar presen\u00e7a no torneio. Conforme o sorteio realizado, a Cro\u00e1cia disputar\u00e1 a fase de grupos ao lado de Inglaterra, Gana e Panam\u00e1.<\/p>\n","protected":false},"excerpt":{"rendered":"<p>Reconhecido como o melhor jogador do mundo em 2018, Luka Modri\u0107 quebrou a hegemonia de uma d\u00e9cada encabe\u00e7ada por Lionel Messi e Cristiano Ronaldo<\/p>\n","protected":false},"author":8,"featured_media":35530,"comment_status":"open","ping_status":"open","sticky":false,"template":"","format":"standard","meta":{"jnews-multi-image_gallery":[],"jnews_single_post":{"format":"standard"},"jnews_primary_category":[],"jnews_social_meta":[],"footnotes":""},"categories":[1],"tags":[],"class_list":["post-35528","post","type-post","status-publish","format-standard","has-post-thumbnail","hentry","category-mix"],"_links":{"self":[{"href":"https:\/\/correiodoestado.audiencelabs.com.br\/wp-json\/wp\/v2\/posts\/35528","targetHints":{"allow":["GET"]}}],"collection":[{"href":"https:\/\/correiodoestado.audiencelabs.com.br\/wp-json\/wp\/v2\/posts"}],"about":[{"href":"https:\/\/correiodoestado.audiencelabs.com.br\/wp-json\/wp\/v2\/types\/post"}],"author":[{"embeddable":true,"href":"https:\/\/correiodoestado.audiencelabs.com.br\/wp-json\/wp\/v2\/users\/8"}],"replies":[{"embeddable":true,"href":"https:\/\/correiodoestado.audiencelabs.com.br\/wp-json\/wp\/v2\/comments?post=35528"}],"version-history":[{"count":3,"href":"https:\/\/correiodoestado.audiencelabs.com.br\/wp-json\/wp\/v2\/posts\/35528\/revisions"}],"predecessor-version":[{"id":35732,"href":"https:\/\/correiodoestado.audiencelabs.com.br\/wp-json\/wp\/v2\/posts\/35528\/revisions\/35732"}],"wp:featuredmedia":[{"embeddable":true,"href":"https:\/\/correiodoestado.audiencelabs.com.br\/wp-json\/wp\/v2\/media\/35530"}],"wp:attachment":[{"href":"https:\/\/correiodoestado.audiencelabs.com.br\/wp-json\/wp\/v2\/media?parent=35528"}],"wp:term":[{"taxonomy":"category","embeddable":true,"href":"https:\/\/correiodoestado.audiencelabs.com.br\/wp-json\/wp\/v2\/categories?post=35528"},{"taxonomy":"post_tag","embeddable":true,"href":"https:\/\/correiodoestado.audiencelabs.com.br\/wp-json\/wp\/v2\/tags?post=35528"}],"curies":[{"name":"wp","href":"https:\/\/api.w.org\/{rel}","templated":true}]}}