{"id":35535,"date":"2026-03-05T14:47:00","date_gmt":"2026-03-05T17:47:00","guid":{"rendered":"https:\/\/correiodoestado.audiencelabs.com.br\/?p=35535"},"modified":"2026-03-06T11:40:24","modified_gmt":"2026-03-06T14:40:24","slug":"empresa-que-fazia-parte-do-imperio-de-eike-batista-tera-ativos-leiloados-com-lance-minimo-de-r-63-milhoes","status":"publish","type":"post","link":"https:\/\/correiodoestado.audiencelabs.com.br\/empresa-que-fazia-parte-do-imperio-de-eike-batista-tera-ativos-leiloados-com-lance-minimo-de-r-63-milhoes\/","title":{"rendered":"Empresa que fazia parte do imp\u00e9rio de Eike Batista ter\u00e1 ativos leiloados com lance m\u00ednimo de R$ 63 milh\u00f5es"},"content":{"rendered":"\n<p>Devido ao excesso de projetos imaturos, alto endividamento e falta de gest\u00e3o t\u00e9cnica, a MMX, mineradora fundada por <a href=\"https:\/\/correiodoestado.com.br\/mix\/eike-batista-localizou-tesouro-de-4-bilhoes-no-sub-solo-brasileiro\/\" target=\"_blank\" rel=\"noopener\">Eike Batista<\/a>, decretou fal\u00eancia em 2021. Por outro lado, nesta quinta-feira (5), os ativos da companhia estabelecida no Porto do Sudeste, na Ba\u00eda de Sepetiba, Itagua\u00ed, foram colocados a leil\u00e3o por lance m\u00ednimo de R$ 63 milh\u00f5es.<\/p>\n\n\n\n<p>A princ\u00edpio, o certame foi marcado para ocorrer em meados de 2025, mas por imparcialidades do Minist\u00e9rio P\u00fablico e do Superior Tribunal de Justi\u00e7a (STJ), precisou ser adiado. No entanto, ap\u00f3s determina\u00e7\u00e3o judicial, o leil\u00e3o ocorrer\u00e1 sem problemas maiores. Na pr\u00e1tica, a fal\u00eancia foi institu\u00edda ap\u00f3s a derrocada da antiga EBX, holding de empresas de Eike Batista.<\/p>\n\n\n\n<figure class=\"wp-block-image size-large\"><img loading=\"lazy\" decoding=\"async\" width=\"1024\" height=\"613\" src=\"https:\/\/correiodoestado.audiencelabs.com.br\/wp-content\/uploads\/2025\/11\/1099557-wdoli_abr_112920175799_1-1024x613.webp\" alt=\"\" class=\"wp-image-17614\" srcset=\"https:\/\/correiodoestado.audiencelabs.com.br\/wp-content\/uploads\/2025\/11\/1099557-wdoli_abr_112920175799_1-1024x613.webp 1024w, https:\/\/correiodoestado.audiencelabs.com.br\/wp-content\/uploads\/2025\/11\/1099557-wdoli_abr_112920175799_1-300x179.webp 300w, https:\/\/correiodoestado.audiencelabs.com.br\/wp-content\/uploads\/2025\/11\/1099557-wdoli_abr_112920175799_1-768x459.webp 768w, https:\/\/correiodoestado.audiencelabs.com.br\/wp-content\/uploads\/2025\/11\/1099557-wdoli_abr_112920175799_1-750x449.webp 750w, https:\/\/correiodoestado.audiencelabs.com.br\/wp-content\/uploads\/2025\/11\/1099557-wdoli_abr_112920175799_1-1140x682.webp 1140w, https:\/\/correiodoestado.audiencelabs.com.br\/wp-content\/uploads\/2025\/11\/1099557-wdoli_abr_112920175799_1.webp 1170w\" sizes=\"auto, (max-width: 1024px) 100vw, 1024px\" \/><figcaption class=\"wp-element-caption\">Cr\u00e9ditos: Wilson Dias\/Ag\u00eancia Brasil<\/figcaption><\/figure>\n\n\n\n<p>A n\u00edvel de curiosidade, o certame inclui 9.519.226 deb\u00eantures convers\u00edveis em a\u00e7\u00f5es do Porto do Sudeste, al\u00e9m de 6.336.766 a\u00e7\u00f5es ordin\u00e1rias da empresa. Aliando todos os ativos, a empresa est\u00e1 avaliada em R$ 57,88 milh\u00f5es pela B23 Capital Assessores Financeiros. Em resumo, o lance m\u00ednimo foi decretado em R$ 60 milh\u00f5es, enquanto R$ 3 milh\u00f5es ser\u00e3o adicionados para serem usados para quitar d\u00edvidas jur\u00eddicas.<\/p>\n\n\n<style>@media (min-width: 992px) {\n    .recomendadorV2Area1 {\n        width: 280px;\n    }\n    .recomendadorV2Area2 {\n        padding: 0px 20px;\n        width: calc(100% - 280px);\n    }\n}\n\n@media (max-width: 992px) {\n    .recomendadorV2Button {\n        margin: 0 auto;\n    }\n    .recomendadorV2Area {\n        flex-direction: column;\n        text-align: center;\n    }\n    .recomendadorV2Area2 {\n        padding: 0px 20px;\n    }\n}\n\n.recomendadorV2Area {\n    background: #eeeeee3d;\n    border-radius: 10px;\n    padding: 15px;\n    display: flex;\n    margin: 15px auto;\n    border: 1px solid #00000014;\n    max-width: 800px;\n}\n\n.recomendadorV2Area1 img {\n    width: 280px;\n    height: auto;\n    border-radius: 8px;\n}\n\n.linkrecomendadorv2 {\n    text-decoration: none !important;\n}\n\n.recomendadorV2Area2 .recomendadorV2Type {\n    text-transform: uppercase;\n    font-weight: 500;\n    font-size: 11px;\n    letter-spacing: 2px;\n    color: #666;\n    margin: 12px 0;\n    display: block;\n}\n\n.recomendadorV2Title h2 {\n    padding-top: 0px !important;\n    margin: 0px !important;\n    border-left: none !important;\n    padding-left: 0px !important;\n    line-height: 1.3;\n    color: #000 !important;\n    font-size: 24px;\n    margin-bottom: 12px !important;\n}\n\n.recomendadorV2Desc {\n    color: #333;\n    margin: 12px 0px !important;\n    font-size: 15px;\n    line-height: 1.5;\n}\n\n.recomendadorV2Button {\n    width: auto;\n    max-width: 200px;\n    margin: 0;\n    display: inline-flex;\n    align-items: center;\n    background: #1D3557;\n    border-radius: 8px;\n    color: #fff;\n    height: 36px;\n    justify-content: center;\n    text-align: center;\n    font-size: 14px;\n    padding: 0 20px;\n    transition: background-color 0.2s ease;\n}\n\n.recomendadorV2Button:hover {\n    background: #2a4d7a;\n}\n\n.recomendadorV2Button:after {\n    margin-top: -2px;\n    content: \"\u2192\";\n    padding: 0px 0px 0px 8px;\n}\n\n.recomendadorV2Alert {\n    text-align: left;\n    font-size: 11px;\n    margin-top: 8px;\n    color: #666;\n}\n\n.recomendadorFixedArea {\n    width: 100%;\n    display: flex;\n    justify-content: center;\n    align-items: center;\n}\n\n@media (min-width: 992px) {\n    #recomendadorFixed {\n        width: 32% !important;\n        left: 5%;\n    }\n    .recomendadorCloseFixed{\n        right: inherit !important;\n        left: 378px !important;\n    }\n}\n\n#recomendadorFixed {\n    width: 90%;\n    box-shadow: 0 10px 20px 0px #00000057;\n    display: none;\n    height: 90px;\n    background: #F6F6F6;\n    position: fixed;\n    flex-direction: row;\n    bottom: 10px;\n    z-index: 9999;\n    border-radius: 16px;\n    padding: 7px 10px;\n}\n\n.recomendadorLeftArea {\n    width: 160px;\n}\n\n.recomendadorRightArea h2 {\n    padding-top: 0px;\n    margin: 2px 0px 4px 0px !important;\n    font-weight: 400;\n    text-align: center;\n    padding-left: 0px !important;\n    color: #000 !important;\n    border-left: none !important;\n    line-height: 20px;\n    font-size: 12px !important;\n}\n\n.recomendadorImgFixed {\n    overflow: hidden;\n    padding: 8px 6px;\n    height: 100%;\n}\n\n.recomendadorImgFixed img {\n    height: 100% !important;\n    border-radius: 16px;\n}\n\n.recomendadorRightArea {\n    padding-top: 6px;\n    display: flex;\n    width: calc(100% - 130px);\n    justify-content: space-between;\n    align-items: center;\n    flex-direction: column;\n}\n\n.recomendadorButtonFixed {\n    margin: 0 auto;\n    background: #1D3557;\n    width: 80%;\n    text-align: center;\n    font-size: 10px;\n    color: #FFF;\n    padding: 2px 10px;\n    border-radius: 3px;\n}\n\n.recomendadorButtonFixed:after {\n    margin-top: -3px;\n    content: \"\u2192\";\n    padding: 0px 0px 0px 10px;\n}\n\n.recomendadorAlertFixed {\n    font-weight: 400;\n    text-align: center;\n    color: #484848;\n    font-size: 8px;\n}\n\n.recomendadorCloseFixed {\n    z-index: 99999;\n    display: none;\n    right: 0px;\n    left: inherit;\n    bottom: 99px;\n    position: fixed;\n    justify-content: center;\n    background: #F6F6F6;\n    width: 25px;\n    align-items: center;\n    height: 25px;\n    font-weight: 800;\n    border-radius: 50%;\n    border: 1px solid #EBEBEB;\n}\n\n.recomendadorV2Desc{\n    color: #000000;\n    margin: 20px 0px;\n}\n\n@media (max-width: 576px) {\n    .recomendadorV2Area {\n      padding: 10px;\n      max-width: 100%;\n    }\n  \n    .recomendadorV2Area1 img {\n      width: 100%;\n      border-radius: 6px;\n    }\n  \n    .recomendadorV2Area2 .recomendadorV2Type {\n      font-size: 9px;\n      letter-spacing: 1px;\n      margin: 8px 0;\n    }\n  \n    .recomendadorV2Title h2 {\n      font-size: 18px !important;\n      margin-bottom: 8px !important;\n      line-height: 1.2;\n    }\n  \n    .recomendadorV2Desc {\n      font-size: 14px;\n      margin: 8px 0 !important;\n      line-height: 1.4;\n    }\n  \n    .recomendadorV2Button {\n      font-size: 12px;\n      height: 30px;\n      padding: 0 12px;\n      max-width: 160px;\n    }\n  \n    .recomendadorV2Button:after {\n      padding-left: 6px;\n    }\n  }\n  <\/style>\n        <div class=\"lazyblock-recomendador-v2-2jDGz wp-block-lazyblock-recomendador-v2\">\n        <a class=\"linkrecomendadorv2\" href=\"https:\/\/correiodoestado.com.br\/mix\/mina-de-ouro-de-r-14-bilhao-vai-gerar-2-000-empregos-em-cidade-brasileira-com-menos-de-6-mil-habitantes\/?utm_source=lazy\" target=\"_blank\" rel=\"noopener\">\n            <div class=\"recomendadorV2Area\">\n            <div class=\"recomendadorV2Area1\">\n                <div class=\"recomendadorV2Img\">\n                <img class=\"lazyloaded\" decoding=\"async\" src=\"https:\/\/correiodoestado.com.br\/mix\/wp-content\/uploads\/2025\/10\/um-close-de-uma-mao-de-mineiro-coberta-de-poeira-de-ouro-segurando-uma-pequena-pepita-de-ouro_1327465-59626-e1761662524349-740x375.jpg\" data-src=\"https:\/\/correiodoestado.com.br\/mix\/wp-content\/uploads\/2025\/10\/um-close-de-uma-mao-de-mineiro-coberta-de-poeira-de-ouro-segurando-uma-pequena-pepita-de-ouro_1327465-59626-e1761662524349-740x375.jpg\" alt=\"\">\n                <\/div>\n            <\/div>\n            <div class=\"recomendadorV2Area2\">\n                <div class=\"recomendadorV2Type\">\n                    <span>Mina bilion\u00e1ria<\/span>\n                <\/div>\n                <div class=\"recomendadorV2Title\">\n                <h2><span>Ouro no Brasil \ud83e\ude99<\/span><\/h2>\n                <\/div>\n                <div class=\"recomendadorV2Desc\">\n                <span>Projeto de R$1,4 bi cria 2 mil empregos<\/span>\n                <\/div>\n                <div class=\"recomendadorV2Button\">Ver cidade<\/div>\n                <div class=\"recomendadorV2Alert\"><\/div>\n            <\/div>\n            <\/div>\n        <\/a>\n        <div>\n            <div style=\"z-index:99999;\" id=\"buttonClose\" onclick=\"closeRecomendadorFixed()\">\n            <div class=\"recomendadorCloseFixed\">X<\/div>\n            <\/div>\n            <a href=\"https:\/\/correiodoestado.com.br\/mix\/mina-de-ouro-de-r-14-bilhao-vai-gerar-2-000-empregos-em-cidade-brasileira-com-menos-de-6-mil-habitantes\/?utm_source=lazy\" target=\"_blank\" rel=\"noopener\">\n            <div class=\"recomendadorFixedArea\">\n                <div id=\"recomendadorFixed\">\n                <div class=\"recomendadorLeftArea\">\n                    <div class=\"recomendadorImgFixed\">\n                    <img class=\"lazyload\" decoding=\"async\" src=\"https:\/\/correiodoestado.com.br\/mix\/wp-content\/uploads\/2025\/10\/um-close-de-uma-mao-de-mineiro-coberta-de-poeira-de-ouro-segurando-uma-pequena-pepita-de-ouro_1327465-59626-e1761662524349-740x375.jpg\" alt=\"\">\n                    <\/div>\n                <\/div>\n                <div class=\"recomendadorRightArea\">\n                    <div class=\"recomendadorTitleFixed\">\n                    <h2><span>Ouro no Brasil \ud83e\ude99<\/span><\/h2>\n                    <\/div>\n                    <div class=\"recomendadorButtonFixed\">Ver cidade<\/div>\n                    <div class=\"recomendadorAlertFixed\"><\/div>\n                <\/div>\n                <\/div>\n            <\/div>\n            <\/a>\n        <\/div>\n        <\/div>\n\n\n\n<p>Para os interessados, o leil\u00e3o ser\u00e1 feito em sistema de stalking horse offer, ou seja, existe um proponente com prefer\u00eancia para arrematar o ativo pelo valor m\u00ednimo determinado pela Justi\u00e7a. O prest\u00edgio foi colocado nas m\u00e3os do Planck Investimentos em Infraestrututura. Como resultado, \u00e9 necess\u00e1rio cobrir a oferta da companhia para que as a\u00e7\u00f5es sejam adquiridas.<\/p>\n\n\n\n<h2 class=\"wp-block-heading\">Mais detalhes do leil\u00e3o da ex-empresa de Eike Batista<\/h2>\n\n\n\n<p>A princ\u00edpio, o certame ser\u00e1 realizado presencialmente \u00e0s 15h (hor\u00e1rio de Bras\u00edlia), pelo leiloeiro Erick Soares Teles, na sala de audi\u00eancias da 4\u00aa Vara Empresarial da Justi\u00e7a do Estado do Rio de Janeiro, no Centro. Seguindo o protocolo, todas as ofertas ser\u00e3o analisadas e os participantes poder\u00e3o realizar propostas maiores, conforme os lances forem revelados.<\/p>\n","protected":false},"excerpt":{"rendered":"<p>Devido ao excesso de projetos imaturos, alto endividamento e falta de gest\u00e3o t\u00e9cnica, uma mineradora fundada por Eike Batista decretou fal\u00eancia em 2021 e agora ser\u00e1 vendida<\/p>\n","protected":false},"author":8,"featured_media":24977,"comment_status":"open","ping_status":"open","sticky":false,"template":"","format":"standard","meta":{"jnews-multi-image_gallery":[],"jnews_single_post":{"format":"standard"},"jnews_primary_category":[],"jnews_social_meta":[],"footnotes":""},"categories":[1],"tags":[],"class_list":["post-35535","post","type-post","status-publish","format-standard","has-post-thumbnail","hentry","category-mix"],"_links":{"self":[{"href":"https:\/\/correiodoestado.audiencelabs.com.br\/wp-json\/wp\/v2\/posts\/35535","targetHints":{"allow":["GET"]}}],"collection":[{"href":"https:\/\/correiodoestado.audiencelabs.com.br\/wp-json\/wp\/v2\/posts"}],"about":[{"href":"https:\/\/correiodoestado.audiencelabs.com.br\/wp-json\/wp\/v2\/types\/post"}],"author":[{"embeddable":true,"href":"https:\/\/correiodoestado.audiencelabs.com.br\/wp-json\/wp\/v2\/users\/8"}],"replies":[{"embeddable":true,"href":"https:\/\/correiodoestado.audiencelabs.com.br\/wp-json\/wp\/v2\/comments?post=35535"}],"version-history":[{"count":3,"href":"https:\/\/correiodoestado.audiencelabs.com.br\/wp-json\/wp\/v2\/posts\/35535\/revisions"}],"predecessor-version":[{"id":35733,"href":"https:\/\/correiodoestado.audiencelabs.com.br\/wp-json\/wp\/v2\/posts\/35535\/revisions\/35733"}],"wp:featuredmedia":[{"embeddable":true,"href":"https:\/\/correiodoestado.audiencelabs.com.br\/wp-json\/wp\/v2\/media\/24977"}],"wp:attachment":[{"href":"https:\/\/correiodoestado.audiencelabs.com.br\/wp-json\/wp\/v2\/media?parent=35535"}],"wp:term":[{"taxonomy":"category","embeddable":true,"href":"https:\/\/correiodoestado.audiencelabs.com.br\/wp-json\/wp\/v2\/categories?post=35535"},{"taxonomy":"post_tag","embeddable":true,"href":"https:\/\/correiodoestado.audiencelabs.com.br\/wp-json\/wp\/v2\/tags?post=35535"}],"curies":[{"name":"wp","href":"https:\/\/api.w.org\/{rel}","templated":true}]}}