{"id":35538,"date":"2026-03-05T17:00:00","date_gmt":"2026-03-05T20:00:00","guid":{"rendered":"https:\/\/correiodoestado.audiencelabs.com.br\/?p=35538"},"modified":"2026-03-05T14:17:19","modified_gmt":"2026-03-05T17:17:19","slug":"sao-paulo-garante-reforco-de-r-75-milhoes-apos-saidas-de-alisson-e-ferraresi","status":"publish","type":"post","link":"https:\/\/correiodoestado.audiencelabs.com.br\/sao-paulo-garante-reforco-de-r-75-milhoes-apos-saidas-de-alisson-e-ferraresi\/","title":{"rendered":"S\u00e3o Paulo garante refor\u00e7o de R$ 75 milh\u00f5es ap\u00f3s sa\u00eddas de Alisson e Ferraresi"},"content":{"rendered":"\n<p>Com a janela de transfer\u00eancia internacional fechada, o departamento de futebol do <a href=\"https:\/\/correiodoestado.com.br\/mix\/jogador-aceita-perder-r-53-milhoes-para-rescindir-contrato-com-o-sao-paulo\/\" target=\"_blank\" rel=\"noopener\">S\u00e3o Paulo<\/a> surpreendeu seus torcedores ao oficializar os empr\u00e9stimos de Alisson, ao Fluminense, e Ferraresi, ao Botafogo. Apesar das dispensas tempor\u00e1rias, o tricolor recalculou a rota para sacramentar um novo acordo. Nesta quinta-feira (5), a institui\u00e7\u00e3o se acertou com a Unimed Seguros, fa\u00e7anha que ir\u00e1 resultar em R$ 75 milh\u00f5es.<\/p>\n\n\n\n<p>Precisando de investimentos para a sequ\u00eancia da temporada, o Tricolor do Morumbi alinhou os \u00faltimos detalhes para tornar a Unimed uma de suas patrocinadoras. A empresa ser\u00e1 respons\u00e1vel por estampar a marca na barra traseira dos uniformes dos jogadores. Por\u00e9m, a decis\u00e3o de concretizar o elo foi marcada por imposi\u00e7\u00f5es da diretoria do clube paulista.<\/p>\n\n\n\n<figure class=\"wp-block-image size-large\"><img loading=\"lazy\" decoding=\"async\" width=\"1024\" height=\"444\" src=\"https:\/\/correiodoestado.audiencelabs.com.br\/wp-content\/uploads\/2026\/03\/ALISSON-1024x444.webp\" alt=\"\" class=\"wp-image-35539\" srcset=\"https:\/\/correiodoestado.audiencelabs.com.br\/wp-content\/uploads\/2026\/03\/ALISSON-1024x444.webp 1024w, https:\/\/correiodoestado.audiencelabs.com.br\/wp-content\/uploads\/2026\/03\/ALISSON-300x130.webp 300w, https:\/\/correiodoestado.audiencelabs.com.br\/wp-content\/uploads\/2026\/03\/ALISSON-768x333.webp 768w, https:\/\/correiodoestado.audiencelabs.com.br\/wp-content\/uploads\/2026\/03\/ALISSON-750x325.webp 750w, https:\/\/correiodoestado.audiencelabs.com.br\/wp-content\/uploads\/2026\/03\/ALISSON-1140x494.webp 1140w, https:\/\/correiodoestado.audiencelabs.com.br\/wp-content\/uploads\/2026\/03\/ALISSON.webp 1222w\" sizes=\"auto, (max-width: 1024px) 100vw, 1024px\" \/><figcaption class=\"wp-element-caption\">Cr\u00e9ditos: Rubens Chiri\/S\u00e3o Paulo<\/figcaption><\/figure>\n\n\n\n<p>Conforme apura\u00e7\u00f5es do UOL, o S\u00e3o Paulo exigiu a retirada dos detalhes em cor verde da logomarca da empresa para a camisa de jogo<strong>.<\/strong>\u00a0Para representar um dos maiores campe\u00f5es do futebol brasileiro, a companhia aceitou estampar a marca em vermelho. Sendo assim, o novo patroc\u00ednio ir\u00e1 ocupar o lugar deixado pela Blue Sa\u00fade.<\/p>\n\n\n\n<h2 class=\"wp-block-heading\">Negocia\u00e7\u00f5es do S\u00e3o Paulo com clubes cariocas<\/h2>\n\n\n\n<p>Embora o valor tenha sido comemorado pelo clube, alguns torcedores ligaram o sinal de alerta diante do encurtamento do elenco. Fora dos planos do S\u00e3o Paulo, Alisson deixar\u00e1 a capital para vestir a camisa do Fluminense. O volante n\u00e3o render\u00e1 compensa\u00e7\u00e3o financeira imediata. Por sua vez, caso queira adquirir os direitos do jogador, o Flu precisar\u00e1 arcar com R$ 2,5 milh\u00f5es de euros (aproximadamente R$ 15 milh\u00f5es).<\/p>\n\n\n\n<p>Enquanto isso, Nahuel Ferraresi acertou seu empr\u00e9stimo para defender o Botafogo at\u00e9 o final da temporada 2026. Sem conseguir engrenar na equipe paulista, foi cedido ao alvinegro, que ser\u00e1 respons\u00e1vel por arcar com parte do sal\u00e1rio do volante. Em continuidade, o acordo prev\u00ea uma op\u00e7\u00e3o de compra fixada em 6 milh\u00f5es de euros (cerca de R$ 36,5 milh\u00f5es).<a href=\"https:\/\/api.whatsapp.com\/send?text=sao%20paulo%20empresta%20alisson%20e%20ferraresi%20para%20fluminense%20e%20botafogo%20https:\/\/www.band.com.br\/radio-bandeirantes\/noticias\/sao-paulo-empresta-alisson-e-ferraresi-para-fluminense-e-botafogo-202603051255\" target=\"_blank\" rel=\"noreferrer noopener\"><\/a><\/p>\n","protected":false},"excerpt":{"rendered":"<p>Apesar das dispensas tempor\u00e1rias da dupla de jogadores, a diretoria do S\u00e3o Paulo recalculou a rota para sacramentar um novo acordo<\/p>\n","protected":false},"author":8,"featured_media":35540,"comment_status":"open","ping_status":"open","sticky":false,"template":"","format":"standard","meta":{"jnews-multi-image_gallery":[],"jnews_single_post":{"format":"standard"},"jnews_primary_category":[],"jnews_social_meta":[],"footnotes":""},"categories":[1],"tags":[],"class_list":["post-35538","post","type-post","status-publish","format-standard","has-post-thumbnail","hentry","category-mix"],"_links":{"self":[{"href":"https:\/\/correiodoestado.audiencelabs.com.br\/wp-json\/wp\/v2\/posts\/35538","targetHints":{"allow":["GET"]}}],"collection":[{"href":"https:\/\/correiodoestado.audiencelabs.com.br\/wp-json\/wp\/v2\/posts"}],"about":[{"href":"https:\/\/correiodoestado.audiencelabs.com.br\/wp-json\/wp\/v2\/types\/post"}],"author":[{"embeddable":true,"href":"https:\/\/correiodoestado.audiencelabs.com.br\/wp-json\/wp\/v2\/users\/8"}],"replies":[{"embeddable":true,"href":"https:\/\/correiodoestado.audiencelabs.com.br\/wp-json\/wp\/v2\/comments?post=35538"}],"version-history":[{"count":2,"href":"https:\/\/correiodoestado.audiencelabs.com.br\/wp-json\/wp\/v2\/posts\/35538\/revisions"}],"predecessor-version":[{"id":35741,"href":"https:\/\/correiodoestado.audiencelabs.com.br\/wp-json\/wp\/v2\/posts\/35538\/revisions\/35741"}],"wp:featuredmedia":[{"embeddable":true,"href":"https:\/\/correiodoestado.audiencelabs.com.br\/wp-json\/wp\/v2\/media\/35540"}],"wp:attachment":[{"href":"https:\/\/correiodoestado.audiencelabs.com.br\/wp-json\/wp\/v2\/media?parent=35538"}],"wp:term":[{"taxonomy":"category","embeddable":true,"href":"https:\/\/correiodoestado.audiencelabs.com.br\/wp-json\/wp\/v2\/categories?post=35538"},{"taxonomy":"post_tag","embeddable":true,"href":"https:\/\/correiodoestado.audiencelabs.com.br\/wp-json\/wp\/v2\/tags?post=35538"}],"curies":[{"name":"wp","href":"https:\/\/api.w.org\/{rel}","templated":true}]}}