{"id":35802,"date":"2026-03-06T20:30:00","date_gmt":"2026-03-06T23:30:00","guid":{"rendered":"https:\/\/correiodoestado.audiencelabs.com.br\/?p=35802"},"modified":"2026-03-06T15:38:57","modified_gmt":"2026-03-06T18:38:57","slug":"beneficio-do-seguro-desemprego-sera-reforcado-com-duas-parcelas-extras-para-alivio-de-trabalhadores-destas-cidades","status":"publish","type":"post","link":"https:\/\/correiodoestado.audiencelabs.com.br\/beneficio-do-seguro-desemprego-sera-reforcado-com-duas-parcelas-extras-para-alivio-de-trabalhadores-destas-cidades\/","title":{"rendered":"Benef\u00edcio do seguro-desemprego ser\u00e1 refor\u00e7ado com duas parcelas extras para al\u00edvio de trabalhadores destas cidades"},"content":{"rendered":"\n<p>Diante do estado de calamidade p\u00fablica reconhecido pelo Governo Federal, algumas cidades de Minas Gerais que foram atingidas pelas fortes chuvas ser\u00e3o contempladas com a libera\u00e7\u00e3o das parcelas adicionais do <a href=\"https:\/\/correiodoestado.com.br\/mix\/valores-do-seguro-desemprego-vao-mudar-a-partir-de-2026\/\" target=\"_blank\" rel=\"noopener\">seguro-desemprego<\/a>. A decis\u00e3o foi aprovada pelo Conselho Deliberativo do Fundo de Amparo ao Trabalhador (Codefat).<\/p>\n\n\n\n<p>A Resolu\u00e7\u00e3o Codefat n\u00ba 1.036, de 3 de mar\u00e7o de 2026, assegura um respiro financeiro para os trabalhadores que foram v\u00edtimas dos alagamentos ocasionados pelo desastre ambiental. Contudo, \u00e9 v\u00e1lido destacar que a medida somente contempla os funcion\u00e1rios com v\u00ednculo empregat\u00edcio\u00a0que tenham sido dispensados no per\u00edodo de 1\u00ba de setembro de 2025 a 31 de mar\u00e7o de 2026.<\/p>\n\n\n\n<figure class=\"wp-block-image size-large\"><img loading=\"lazy\" decoding=\"async\" width=\"1024\" height=\"613\" src=\"https:\/\/correiodoestado.audiencelabs.com.br\/wp-content\/uploads\/2025\/09\/carteira_de_trabalho_07122000711-1024x613.webp\" alt=\"\" class=\"wp-image-10982\" srcset=\"https:\/\/correiodoestado.audiencelabs.com.br\/wp-content\/uploads\/2025\/09\/carteira_de_trabalho_07122000711-1024x613.webp 1024w, https:\/\/correiodoestado.audiencelabs.com.br\/wp-content\/uploads\/2025\/09\/carteira_de_trabalho_07122000711-300x179.webp 300w, https:\/\/correiodoestado.audiencelabs.com.br\/wp-content\/uploads\/2025\/09\/carteira_de_trabalho_07122000711-768x459.webp 768w, https:\/\/correiodoestado.audiencelabs.com.br\/wp-content\/uploads\/2025\/09\/carteira_de_trabalho_07122000711-750x449.webp 750w, https:\/\/correiodoestado.audiencelabs.com.br\/wp-content\/uploads\/2025\/09\/carteira_de_trabalho_07122000711-1140x682.webp 1140w, https:\/\/correiodoestado.audiencelabs.com.br\/wp-content\/uploads\/2025\/09\/carteira_de_trabalho_07122000711.webp 1170w\" sizes=\"auto, (max-width: 1024px) 100vw, 1024px\" \/><figcaption class=\"wp-element-caption\">Cr\u00e9ditos: Divulga\u00e7\u00e3o\/Ag\u00eancia Bras\u00edlia<\/figcaption><\/figure>\n\n\n\n<p>Por outro lado, para que as cifras sejam depositadas devidamente, \u00e9 necess\u00e1rio ainda que o trabalhador resida ou possua liga\u00e7\u00e3o laboral nos munic\u00edpios de Juiz de Fora, Ub\u00e1 e Matias Barbosa, ambos em Minas Gerais. Conforme a resolu\u00e7\u00e3o, os benefici\u00e1rios poder\u00e3o receber duas parcelas adicionais do seguro-desemprego, al\u00e9m das fatias originalmente previstas no programa.<\/p>\n\n\n\n<h2 class=\"wp-block-heading\">Entrega dos valores <\/h2>\n\n\n\n<p>Enquanto o Estado segue tentando minimizar os danos f\u00edsicos e psicol\u00f3gicos causados pelas fortes chuvas, o Governo Federal reconheceu a situa\u00e7\u00e3o de calamidade das cidades. Aos desavisados, a concess\u00e3o das parcelas extras ocorrer\u00e1 de forma autom\u00e1tica por meio do sistema respons\u00e1vel pela gest\u00e3o do seguro-desemprego.<\/p>\n\n\n\n<p>De modo geral, os funcion\u00e1rios que solicitarem o benef\u00edcio e se enquadrarem nos crit\u00e9rios previamente estabelecidos ter\u00e3o a extens\u00e3o considerada no c\u00e1lculo das parcelas. Segundo dados do governo, estima-se que aproximadamente 13 mil pessoas ser\u00e3o contempladas nos tr\u00eas munic\u00edpios mineiros. Nesse contexto, o seguro-desemprego chega para garantir uma assist\u00eancia tempor\u00e1ria em meio ao caos.<\/p>\n\n\n\n<h2 class=\"wp-block-heading\">Como verificar o seguro-desemprego?<\/h2>\n\n\n\n<p>A fim de evitar problemas maiores e locomo\u00e7\u00f5es excessivas \u00e0s ag\u00eancias banc\u00e1rias, os trabalhadores podem verificar a elegibilidade e acompanhar a libera\u00e7\u00e3o das parcelas por meio do aplicativo Carteira de Trabalho\u00a0Digital, dispon\u00edvel para celular ou pela plataforma online do Governo Federal. No mais, ainda \u00e9 poss\u00edvel analisar informa\u00e7\u00f5es sobre o requerimento, valores das parcelas e calend\u00e1rio de pagamento.<\/p>\n","protected":false},"excerpt":{"rendered":"<p>Diante do estado de calamidade p\u00fablica reconhecido pelo Governo Federal, algumas cidades de Minas Gerais que foram atingidas pelas fortes chuvas ser\u00e3o contempladas com a libera\u00e7\u00e3o das parcelas adicionais do seguro-desemprego<\/p>\n","protected":false},"author":8,"featured_media":35803,"comment_status":"open","ping_status":"open","sticky":false,"template":"","format":"standard","meta":{"jnews-multi-image_gallery":[],"jnews_single_post":{"format":"standard"},"jnews_primary_category":[],"jnews_social_meta":[],"footnotes":""},"categories":[1],"tags":[],"class_list":["post-35802","post","type-post","status-publish","format-standard","has-post-thumbnail","hentry","category-mix"],"_links":{"self":[{"href":"https:\/\/correiodoestado.audiencelabs.com.br\/wp-json\/wp\/v2\/posts\/35802","targetHints":{"allow":["GET"]}}],"collection":[{"href":"https:\/\/correiodoestado.audiencelabs.com.br\/wp-json\/wp\/v2\/posts"}],"about":[{"href":"https:\/\/correiodoestado.audiencelabs.com.br\/wp-json\/wp\/v2\/types\/post"}],"author":[{"embeddable":true,"href":"https:\/\/correiodoestado.audiencelabs.com.br\/wp-json\/wp\/v2\/users\/8"}],"replies":[{"embeddable":true,"href":"https:\/\/correiodoestado.audiencelabs.com.br\/wp-json\/wp\/v2\/comments?post=35802"}],"version-history":[{"count":1,"href":"https:\/\/correiodoestado.audiencelabs.com.br\/wp-json\/wp\/v2\/posts\/35802\/revisions"}],"predecessor-version":[{"id":35804,"href":"https:\/\/correiodoestado.audiencelabs.com.br\/wp-json\/wp\/v2\/posts\/35802\/revisions\/35804"}],"wp:featuredmedia":[{"embeddable":true,"href":"https:\/\/correiodoestado.audiencelabs.com.br\/wp-json\/wp\/v2\/media\/35803"}],"wp:attachment":[{"href":"https:\/\/correiodoestado.audiencelabs.com.br\/wp-json\/wp\/v2\/media?parent=35802"}],"wp:term":[{"taxonomy":"category","embeddable":true,"href":"https:\/\/correiodoestado.audiencelabs.com.br\/wp-json\/wp\/v2\/categories?post=35802"},{"taxonomy":"post_tag","embeddable":true,"href":"https:\/\/correiodoestado.audiencelabs.com.br\/wp-json\/wp\/v2\/tags?post=35802"}],"curies":[{"name":"wp","href":"https:\/\/api.w.org\/{rel}","templated":true}]}}