{"id":35823,"date":"2026-03-06T21:30:00","date_gmt":"2026-03-07T00:30:00","guid":{"rendered":"https:\/\/correiodoestado.audiencelabs.com.br\/?p=35823"},"modified":"2026-03-06T17:50:24","modified_gmt":"2026-03-06T20:50:24","slug":"feriadao-de-4-dias-e-confirmado-entre-os-dias-18-e-21-de-marco-para-celebrar-o-fim-do-ramada-neste-pais","status":"publish","type":"post","link":"https:\/\/correiodoestado.audiencelabs.com.br\/feriadao-de-4-dias-e-confirmado-entre-os-dias-18-e-21-de-marco-para-celebrar-o-fim-do-ramada-neste-pais\/","title":{"rendered":"Feriad\u00e3o de 4 dias \u00e9 confirmado entre os dias 18 e 21 de mar\u00e7o para celebrar o fim do Ramad\u00e3 neste pa\u00eds"},"content":{"rendered":"\n<p>O calend\u00e1rio de 2026 tem sido muito comemorado pelos brasileiros, principalmente devido ao fato de contemplar uma dezena de <a href=\"https:\/\/correiodoestado.com.br\/mix\/dia-8-de-marco-e-feriado-nacional-para-trabalhadores-brasileiros-em-celebracao-ao-dia-internacional-da-mulher\/\" target=\"_blank\" rel=\"noopener\">feriados <\/a>prolongados. Por outro lado, uma outra na\u00e7\u00e3o n\u00e3o ficou para tr\u00e1s, anunciando a folga referente ao Eid al-Fitr, ou\u00a0&#8220;Festival da Quebra do Jejum&#8221;, para os setores p\u00fablico, privado e sem fins lucrativos.<\/p>\n\n\n\n<p>O pa\u00eds em quest\u00e3o \u00e9 a Ar\u00e1bia Saudita, que implantou um feriad\u00e3o de quatro dias. De acordo com o Minist\u00e9rio dos Recursos Humanos e do Desenvolvimento Social, a celebra\u00e7\u00e3o entrar\u00e1 em evid\u00eancia em 18 de mar\u00e7o, que corresponde ao 29\u00ba dia do Ramad\u00e3. Por sua vez, a folga para os trabalhadores ser\u00e1 encerrada no dia 21 do mesmo m\u00eas.<\/p>\n\n\n\n<figure class=\"wp-block-image size-full\"><img loading=\"lazy\" decoding=\"async\" width=\"870\" height=\"580\" src=\"https:\/\/correiodoestado.audiencelabs.com.br\/wp-content\/uploads\/2026\/03\/photo-1587617425953-9075d28b8c46.avif\" alt=\"\" class=\"wp-image-35824\" \/><figcaption class=\"wp-element-caption\">Cr\u00e9ditos: Unsplash<\/figcaption><\/figure>\n\n\n\n<p>De acordo com a pasta, o retorno aos trabalhos deve ocorrer em hor\u00e1rio tradicional, no dia 22 de mar\u00e7o, no domingo. Um ponto que merece ser destacado \u00e9 que as autoridades esperam que os funcion\u00e1rios p\u00fablicos recebam um per\u00edodo de f\u00e9rias semelhante, embora as instru\u00e7\u00f5es detalhadas sejam normalmente emitidas por meio de circulares oficiais para cada departamento.<\/p>\n\n\n\n<p>A t\u00edtulo de curiosidade, a decis\u00e3o de oferecer quatro dias de folga consta nas normas trabalhistas da Ar\u00e1bia Saudita. Sobretudo, a legisla\u00e7\u00e3o exige que os empregadores concedam folga aos funcion\u00e1rios durante os principais feriados isl\u00e2micos. Nesse caso, o per\u00edodo de 18 de mar\u00e7o a 21 de mar\u00e7o corresponde a um momento de gratid\u00e3o a Allah, voltado para confraterniza\u00e7\u00e3o, ora\u00e7\u00f5es especiais, troca de presentes e doa\u00e7\u00e3o de caridade.<\/p>\n\n\n\n<h2 class=\"wp-block-heading\">Vai ter feriad\u00e3o no Brasil?<\/h2>\n\n\n\n<p>Para a felicidade dos trabalhadores em conformidade com a Consolida\u00e7\u00e3o das Leis do Trabalho (CLT), o territ\u00f3rio brasileiro contar\u00e1 com uma extensa lista de datas comemoradas no in\u00edcio ou antes do final da semana. Levando em considera\u00e7\u00e3o a pr\u00f3xima folga, ser\u00e3o nove oportunidades de arrumar as malas e aproveitar o descanso merecido. Confira:<\/p>\n\n\n\n<ul class=\"wp-block-list\">\n<li><strong>3 de abril (sexta-feira)\u00a0<\/strong>\u2014 Paix\u00e3o de Cristo;<\/li>\n\n\n\n<li><strong>21 de abril (ter\u00e7a-feira)<\/strong>\u00a0\u2014 Tiradentes;<\/li>\n\n\n\n<li><strong>1\u00ba de maio (sexta-feira)\u00a0<\/strong>\u2014 Dia do Trabalho;<\/li>\n\n\n\n<li><strong>7 de setembro (segunda-feira)<\/strong>\u00a0\u2014 Independ\u00eancia do Brasil;<\/li>\n\n\n\n<li><strong>12 de outubro (segunda-feira)<\/strong>\u00a0\u2014 Nossa Senhora Aparecida, padroeira do Brasil;<\/li>\n\n\n\n<li><strong>2 de novembro (segunda-feira)<\/strong>\u00a0\u2014 Finados;<\/li>\n\n\n\n<li><strong>15 de novembro (domingo)<\/strong>\u00a0\u2014 Proclama\u00e7\u00e3o da Rep\u00fablica;<\/li>\n\n\n\n<li><strong>20 de novembro (sexta-feira)<\/strong>\u00a0\u2014 Dia Nacional de Zumbi e da Consci\u00eancia Negra;<\/li>\n\n\n\n<li><strong>25 de dezembro (sexta-feira)<\/strong>\u00a0\u2014 Natal.<\/li>\n<\/ul>\n","protected":false},"excerpt":{"rendered":"<p>O calend\u00e1rio de 2026 tem sido muito comemorado pelos brasileiros, principalmente devido ao fato de contemplar uma dezena de feriados prolongados<\/p>\n","protected":false},"author":8,"featured_media":9631,"comment_status":"open","ping_status":"open","sticky":false,"template":"","format":"standard","meta":{"jnews-multi-image_gallery":[],"jnews_single_post":{"format":"standard"},"jnews_primary_category":[],"jnews_social_meta":[],"footnotes":""},"categories":[1],"tags":[],"class_list":["post-35823","post","type-post","status-publish","format-standard","has-post-thumbnail","hentry","category-mix"],"_links":{"self":[{"href":"https:\/\/correiodoestado.audiencelabs.com.br\/wp-json\/wp\/v2\/posts\/35823","targetHints":{"allow":["GET"]}}],"collection":[{"href":"https:\/\/correiodoestado.audiencelabs.com.br\/wp-json\/wp\/v2\/posts"}],"about":[{"href":"https:\/\/correiodoestado.audiencelabs.com.br\/wp-json\/wp\/v2\/types\/post"}],"author":[{"embeddable":true,"href":"https:\/\/correiodoestado.audiencelabs.com.br\/wp-json\/wp\/v2\/users\/8"}],"replies":[{"embeddable":true,"href":"https:\/\/correiodoestado.audiencelabs.com.br\/wp-json\/wp\/v2\/comments?post=35823"}],"version-history":[{"count":1,"href":"https:\/\/correiodoestado.audiencelabs.com.br\/wp-json\/wp\/v2\/posts\/35823\/revisions"}],"predecessor-version":[{"id":35825,"href":"https:\/\/correiodoestado.audiencelabs.com.br\/wp-json\/wp\/v2\/posts\/35823\/revisions\/35825"}],"wp:featuredmedia":[{"embeddable":true,"href":"https:\/\/correiodoestado.audiencelabs.com.br\/wp-json\/wp\/v2\/media\/9631"}],"wp:attachment":[{"href":"https:\/\/correiodoestado.audiencelabs.com.br\/wp-json\/wp\/v2\/media?parent=35823"}],"wp:term":[{"taxonomy":"category","embeddable":true,"href":"https:\/\/correiodoestado.audiencelabs.com.br\/wp-json\/wp\/v2\/categories?post=35823"},{"taxonomy":"post_tag","embeddable":true,"href":"https:\/\/correiodoestado.audiencelabs.com.br\/wp-json\/wp\/v2\/tags?post=35823"}],"curies":[{"name":"wp","href":"https:\/\/api.w.org\/{rel}","templated":true}]}}