{"id":35928,"date":"2026-03-09T09:22:00","date_gmt":"2026-03-09T12:22:00","guid":{"rendered":"https:\/\/correiodoestado.audiencelabs.com.br\/?p=35928"},"modified":"2026-03-09T10:36:18","modified_gmt":"2026-03-09T13:36:18","slug":"governo-anunciou-marca-propria-de-veiculos-eletricos-com-precos-a-partir-de-r-26-mil-em-3-versoes-iniciais-no-mexico","status":"publish","type":"post","link":"https:\/\/correiodoestado.audiencelabs.com.br\/governo-anunciou-marca-propria-de-veiculos-eletricos-com-precos-a-partir-de-r-26-mil-em-3-versoes-iniciais-no-mexico\/","title":{"rendered":"Governo anunciou marca pr\u00f3pria de ve\u00edculos el\u00e9tricos com pre\u00e7os a partir de R$ 26 mil em 3 vers\u00f5es iniciais no M\u00e9xico"},"content":{"rendered":"\n<p>O governo do M\u00e9xico anunciou a cria\u00e7\u00e3o de uma montadora nacional de ve\u00edculos el\u00e9tricos. A iniciativa foi apresentada em janeiro de 2025 pela presidente Claudia Sheinbaum e prev\u00ea o desenvolvimento de autom\u00f3veis com tecnologia majoritariamente mexicana. A nova marca, chamada Olinia, faz parte de uma estrat\u00e9gia para fortalecer a ind\u00fastria local e ampliar o acesso da popula\u00e7\u00e3o a carros el\u00e9tricos no pa\u00eds.<\/p>\n\n\n\n<p>O projeto conta com a participa\u00e7\u00e3o de pesquisadores do Instituto Polit\u00e9cnico Nacional (IPN) e do Tecnol\u00f3gico Nacional de M\u00e9xico (TecNM), respons\u00e1veis pelo desenvolvimento tecnol\u00f3gico dos ve\u00edculos. A meta \u00e9 apresentar os primeiros prot\u00f3tipos em 2026, durante a abertura da Copa do Mundo de 2026, no m\u00eas de junho, que vai ocorrer no tradicional Est\u00e1dio Azteca, na Cidade do M\u00e9xico.<\/p>\n\n\n\n<figure class=\"wp-block-gallery has-nested-images columns-default is-cropped wp-block-gallery-1 is-layout-flex wp-block-gallery-is-layout-flex\">\n<figure class=\"wp-block-image size-large\"><img loading=\"lazy\" decoding=\"async\" width=\"1024\" height=\"613\" data-id=\"34469\" src=\"https:\/\/correiodoestado.audiencelabs.com.br\/wp-content\/uploads\/2026\/02\/toms0206_-_copy-1024x613.webp\" alt=\"\" class=\"wp-image-34469\" srcset=\"https:\/\/correiodoestado.audiencelabs.com.br\/wp-content\/uploads\/2026\/02\/toms0206_-_copy-1024x613.webp 1024w, https:\/\/correiodoestado.audiencelabs.com.br\/wp-content\/uploads\/2026\/02\/toms0206_-_copy-300x179.webp 300w, https:\/\/correiodoestado.audiencelabs.com.br\/wp-content\/uploads\/2026\/02\/toms0206_-_copy-768x459.webp 768w, https:\/\/correiodoestado.audiencelabs.com.br\/wp-content\/uploads\/2026\/02\/toms0206_-_copy-750x449.webp 750w, https:\/\/correiodoestado.audiencelabs.com.br\/wp-content\/uploads\/2026\/02\/toms0206_-_copy-1140x682.webp 1140w, https:\/\/correiodoestado.audiencelabs.com.br\/wp-content\/uploads\/2026\/02\/toms0206_-_copy.webp 1170w\" sizes=\"auto, (max-width: 1024px) 100vw, 1024px\" \/><figcaption class=\"wp-element-caption\">Cr\u00e9ditos: Tomaz Silva\/Ag\u00eancia Brasil <\/figcaption><\/figure>\n<\/figure>\n\n\n\n<p>Os tr\u00eas modelos planejados ser\u00e3o compactos, totalmente el\u00e9tricos e voltados principalmente para o uso urbano. A proposta do governo mexicano \u00e9 oferecer carros mais acess\u00edveis que os el\u00e9tricos dispon\u00edveis atualmente no mercado, como por exemplo o BYD. As estimativas iniciais indicam pre\u00e7os entre 90 mil e 150 mil pesos mexicanos (cerca de R$ 26 mil e R$ 44 mil na cota\u00e7\u00e3o atual).<\/p>\n\n\n\n<h2 class=\"wp-block-heading\">Governo mexicano anuncia medida para revolucionar a mobilidade urbana<\/h2>\n\n\n\n<p>Para tirar o projeto do papel, o governo anunciou um investimento inicial de cerca de 25 milh\u00f5es de pesos voltado \u00e0 fase de pesquisa, desenvolvimento e constru\u00e7\u00e3o dos primeiros prot\u00f3tipos. Tamb\u00e9m est\u00e1 prevista a cria\u00e7\u00e3o de f\u00e1bricas para produ\u00e7\u00e3o futura, o que pode impulsionar o setor automotivo e gerar novos empregos no pa\u00eds.<\/p>\n\n\n\n<p>Apesar do potencial da iniciativa, especialistas apontam desafios importantes, como a amplia\u00e7\u00e3o da infraestrutura de recarga e o desenvolvimento de uma cadeia nacional para produ\u00e7\u00e3o de baterias. A expectativa oficial \u00e9 de que a produ\u00e7\u00e3o em massa e as vendas comerciais dos ve\u00edculos comecem at\u00e9 o ano de 2030.<\/p>\n","protected":false},"excerpt":{"rendered":"<p>O governo do M\u00e9xico anunciou a cria\u00e7\u00e3o de uma montadora nacional de ve\u00edculos el\u00e9tricos. A iniciativa foi apresentada em janeiro de 2025 pela presidente Claudia Sheinbaum e prev\u00ea o desenvolvimento de autom\u00f3veis com tecnologia majoritariamente mexicana. A nova marca, chamada Olinia, faz parte de uma estrat\u00e9gia para fortalecer a ind\u00fastria local e ampliar o acesso [&hellip;]<\/p>\n","protected":false},"author":18,"featured_media":29563,"comment_status":"open","ping_status":"open","sticky":false,"template":"","format":"standard","meta":{"jnews-multi-image_gallery":[],"jnews_single_post":{"format":"standard"},"jnews_primary_category":[],"jnews_social_meta":[],"footnotes":""},"categories":[1],"tags":[],"class_list":["post-35928","post","type-post","status-publish","format-standard","has-post-thumbnail","hentry","category-mix"],"_links":{"self":[{"href":"https:\/\/correiodoestado.audiencelabs.com.br\/wp-json\/wp\/v2\/posts\/35928","targetHints":{"allow":["GET"]}}],"collection":[{"href":"https:\/\/correiodoestado.audiencelabs.com.br\/wp-json\/wp\/v2\/posts"}],"about":[{"href":"https:\/\/correiodoestado.audiencelabs.com.br\/wp-json\/wp\/v2\/types\/post"}],"author":[{"embeddable":true,"href":"https:\/\/correiodoestado.audiencelabs.com.br\/wp-json\/wp\/v2\/users\/18"}],"replies":[{"embeddable":true,"href":"https:\/\/correiodoestado.audiencelabs.com.br\/wp-json\/wp\/v2\/comments?post=35928"}],"version-history":[{"count":1,"href":"https:\/\/correiodoestado.audiencelabs.com.br\/wp-json\/wp\/v2\/posts\/35928\/revisions"}],"predecessor-version":[{"id":35933,"href":"https:\/\/correiodoestado.audiencelabs.com.br\/wp-json\/wp\/v2\/posts\/35928\/revisions\/35933"}],"wp:featuredmedia":[{"embeddable":true,"href":"https:\/\/correiodoestado.audiencelabs.com.br\/wp-json\/wp\/v2\/media\/29563"}],"wp:attachment":[{"href":"https:\/\/correiodoestado.audiencelabs.com.br\/wp-json\/wp\/v2\/media?parent=35928"}],"wp:term":[{"taxonomy":"category","embeddable":true,"href":"https:\/\/correiodoestado.audiencelabs.com.br\/wp-json\/wp\/v2\/categories?post=35928"},{"taxonomy":"post_tag","embeddable":true,"href":"https:\/\/correiodoestado.audiencelabs.com.br\/wp-json\/wp\/v2\/tags?post=35928"}],"curies":[{"name":"wp","href":"https:\/\/api.w.org\/{rel}","templated":true}]}}