{"id":35961,"date":"2026-03-15T14:15:00","date_gmt":"2026-03-15T17:15:00","guid":{"rendered":"https:\/\/correiodoestado.audiencelabs.com.br\/?p=35961"},"modified":"2026-03-09T10:37:48","modified_gmt":"2026-03-09T13:37:48","slug":"jornalista-que-deixou-a-globo-apos-25-anos-decide-abrir-sua-propria-emissora","status":"publish","type":"post","link":"https:\/\/correiodoestado.audiencelabs.com.br\/jornalista-que-deixou-a-globo-apos-25-anos-decide-abrir-sua-propria-emissora\/","title":{"rendered":"Jornalista que deixou a Globo ap\u00f3s 25 anos decide abrir sua pr\u00f3pria emissora"},"content":{"rendered":"\n<p>Depois de 25 anos trabalhando na televis\u00e3o, o jornalista Rodrigo Bocardi anunciou um novo passo em sua trajet\u00f3ria profissional. O ex-apresentador da TV Globo lan\u00e7ou um projeto de m\u00eddia digital chamado Boca TV e comunicou nas redes sociais a abertura de uma sele\u00e7\u00e3o p\u00fablica para escolher os primeiros apresentadores da nova emissora. A proposta \u00e9 reunir conte\u00fados de jornalismo e entretenimento com transmiss\u00e3o inicial pela internet.<\/p>\n\n\n\n<p>Bocardi trabalhou por mais de duas d\u00e9cadas na emissora, per\u00edodo em que participou de diferentes programas e fun\u00e7\u00f5es. Entre os destaques da carreira est\u00e3o passagens pelo Jornal da Globo, a atua\u00e7\u00e3o como correspondente internacional em Nova York e a apresenta\u00e7\u00e3o do Bom Dia S\u00e3o Paulo, telejornal que comandou desde 2013. O jornalista deixou a empresa em janeiro de 2025, encerrando um longo ciclo na televis\u00e3o brasileira.<\/p>\n\n\n\n<figure class=\"wp-block-gallery has-nested-images columns-default is-cropped wp-block-gallery-1 is-layout-flex wp-block-gallery-is-layout-flex\">\n<figure class=\"wp-block-image size-large\"><img loading=\"lazy\" decoding=\"async\" width=\"768\" height=\"512\" data-id=\"35972\" src=\"https:\/\/correiodoestado.audiencelabs.com.br\/wp-content\/uploads\/2026\/03\/1738349022679d19de8547b_1738349022_3x2_md.jpg\" alt=\"\" class=\"wp-image-35972\" srcset=\"https:\/\/correiodoestado.audiencelabs.com.br\/wp-content\/uploads\/2026\/03\/1738349022679d19de8547b_1738349022_3x2_md.jpg 768w, https:\/\/correiodoestado.audiencelabs.com.br\/wp-content\/uploads\/2026\/03\/1738349022679d19de8547b_1738349022_3x2_md-300x200.jpg 300w, https:\/\/correiodoestado.audiencelabs.com.br\/wp-content\/uploads\/2026\/03\/1738349022679d19de8547b_1738349022_3x2_md-750x500.jpg 750w\" sizes=\"auto, (max-width: 768px) 100vw, 768px\" \/><figcaption class=\"wp-element-caption\">Cr\u00e9ditos: Divulga\u00e7\u00e3o\/Globo <\/figcaption><\/figure>\n<\/figure>\n\n\n\n<p>Para participar da sele\u00e7\u00e3o da nova emissora, os interessados devem gravar um v\u00eddeo de apresenta\u00e7\u00e3o e enviar o material pelo perfil oficial do projeto no Instagram, @bocatvcanal. A iniciativa, segundo Bocardi, n\u00e3o exige experi\u00eancia pr\u00e9via em televis\u00e3o, permitindo que pessoas de diferentes perfis e idades participem do processo seletivo.<\/p>\n\n\n\n<h2 class=\"wp-block-heading\">Ex-jornalista da Globo vai lan\u00e7ar sua pr\u00f3pria emissora<\/h2>\n\n\n\n<p>Ap\u00f3s o envio dos v\u00eddeos, o jornalista far\u00e1 uma triagem inicial para selecionar alguns participantes. Na etapa seguinte, os conte\u00fados escolhidos ser\u00e3o publicados nas redes sociais da Boca TV, permitindo que o p\u00fablico tamb\u00e9m participe da escolha dos novos apresentadores. A ideia \u00e9 montar a equipe com base tanto na avalia\u00e7\u00e3o interna quanto na intera\u00e7\u00e3o da audi\u00eancia.<\/p>\n\n\n\n<p>O projeto deve ter in\u00edcio com transmiss\u00f5es em plataformas digitais, modelo que tem sido adotado por diversas iniciativas independentes de comunica\u00e7\u00e3o. Bocardi tamb\u00e9m afirmou que pretende produzir conte\u00fados com foco em not\u00edcias do litoral paulista e criar p\u00e1ginas voltadas para diferentes regi\u00f5es, incluindo cidades como Santos e Campinas. Ainda n\u00e3o h\u00e1 data oficial para a estreia da nova emissora.<\/p>\n","protected":false},"excerpt":{"rendered":"<p>Depois de 25 anos trabalhando na televis\u00e3o, o jornalista Rodrigo Bocardi anunciou um novo passo em sua trajet\u00f3ria profissional. O ex-apresentador da TV Globo lan\u00e7ou um projeto de m\u00eddia digital chamado Boca TV e comunicou nas redes sociais a abertura de uma sele\u00e7\u00e3o p\u00fablica para escolher os primeiros apresentadores da nova emissora. A proposta \u00e9 [&hellip;]<\/p>\n","protected":false},"author":18,"featured_media":35966,"comment_status":"open","ping_status":"open","sticky":false,"template":"","format":"standard","meta":{"jnews-multi-image_gallery":[],"jnews_single_post":{"format":"standard"},"jnews_primary_category":[],"jnews_social_meta":[],"footnotes":""},"categories":[1],"tags":[],"class_list":["post-35961","post","type-post","status-publish","format-standard","has-post-thumbnail","hentry","category-mix"],"_links":{"self":[{"href":"https:\/\/correiodoestado.audiencelabs.com.br\/wp-json\/wp\/v2\/posts\/35961","targetHints":{"allow":["GET"]}}],"collection":[{"href":"https:\/\/correiodoestado.audiencelabs.com.br\/wp-json\/wp\/v2\/posts"}],"about":[{"href":"https:\/\/correiodoestado.audiencelabs.com.br\/wp-json\/wp\/v2\/types\/post"}],"author":[{"embeddable":true,"href":"https:\/\/correiodoestado.audiencelabs.com.br\/wp-json\/wp\/v2\/users\/18"}],"replies":[{"embeddable":true,"href":"https:\/\/correiodoestado.audiencelabs.com.br\/wp-json\/wp\/v2\/comments?post=35961"}],"version-history":[{"count":2,"href":"https:\/\/correiodoestado.audiencelabs.com.br\/wp-json\/wp\/v2\/posts\/35961\/revisions"}],"predecessor-version":[{"id":36819,"href":"https:\/\/correiodoestado.audiencelabs.com.br\/wp-json\/wp\/v2\/posts\/35961\/revisions\/36819"}],"wp:featuredmedia":[{"embeddable":true,"href":"https:\/\/correiodoestado.audiencelabs.com.br\/wp-json\/wp\/v2\/media\/35966"}],"wp:attachment":[{"href":"https:\/\/correiodoestado.audiencelabs.com.br\/wp-json\/wp\/v2\/media?parent=35961"}],"wp:term":[{"taxonomy":"category","embeddable":true,"href":"https:\/\/correiodoestado.audiencelabs.com.br\/wp-json\/wp\/v2\/categories?post=35961"},{"taxonomy":"post_tag","embeddable":true,"href":"https:\/\/correiodoestado.audiencelabs.com.br\/wp-json\/wp\/v2\/tags?post=35961"}],"curies":[{"name":"wp","href":"https:\/\/api.w.org\/{rel}","templated":true}]}}