{"id":36014,"date":"2026-03-14T12:45:00","date_gmt":"2026-03-14T15:45:00","guid":{"rendered":"https:\/\/correiodoestado.audiencelabs.com.br\/?p=36014"},"modified":"2026-03-12T07:50:12","modified_gmt":"2026-03-12T10:50:12","slug":"idosos-com-mais-de-60-anos-possuem-3-prioridades-na-saude","status":"publish","type":"post","link":"https:\/\/correiodoestado.audiencelabs.com.br\/idosos-com-mais-de-60-anos-possuem-3-prioridades-na-saude\/","title":{"rendered":"Idosos com mais de 60 anos possuem 3 prioridades na sa\u00fade"},"content":{"rendered":"\n<p>Sancionado pelo presidente Luiz In\u00e1cio Lula da Silva (PT) em 1\u00ba de outubro de 2003, o Estatuto da Pessoa Idosa entrou em vig\u00eancia para assegurar os direitos fundamentais de brasileiros com 60 anos ou mais. Nesse cen\u00e1rio, s\u00e3o entregues caminhos que garantem um envelhecimento com dignidade, sa\u00fade, seguran\u00e7a e autonomia.<\/p>\n\n\n\n<p>No entanto, o que poucas pessoas sabem \u00e9 sobre a exist\u00eancia da Lei n\u00ba 13.466\/2017, que\u00a0inclui no texto do Estatuto a garantia de prioridade m\u00e1xima aos cidad\u00e3os com mais de 80 anos em rela\u00e7\u00e3o aos demais idosos.\u00a0Esse benef\u00edcio \u00e9 chamado de Prioridade Especial, que consiste em uma seguran\u00e7a maior, especialmente no tocante \u00e0 prioridade do atendimento \u00e0 sa\u00fade em \u00f3rg\u00e3os p\u00fablicos e privados.<\/p>\n\n\n\n<figure class=\"wp-block-image size-large\"><img loading=\"lazy\" decoding=\"async\" width=\"1024\" height=\"613\" src=\"https:\/\/correiodoestado.audiencelabs.com.br\/wp-content\/uploads\/2026\/01\/0d4a5543-1024x613.webp\" alt=\"\" class=\"wp-image-30383\" srcset=\"https:\/\/correiodoestado.audiencelabs.com.br\/wp-content\/uploads\/2026\/01\/0d4a5543-1024x613.webp 1024w, https:\/\/correiodoestado.audiencelabs.com.br\/wp-content\/uploads\/2026\/01\/0d4a5543-300x179.webp 300w, https:\/\/correiodoestado.audiencelabs.com.br\/wp-content\/uploads\/2026\/01\/0d4a5543-768x459.webp 768w, https:\/\/correiodoestado.audiencelabs.com.br\/wp-content\/uploads\/2026\/01\/0d4a5543-750x449.webp 750w, https:\/\/correiodoestado.audiencelabs.com.br\/wp-content\/uploads\/2026\/01\/0d4a5543-1140x682.webp 1140w, https:\/\/correiodoestado.audiencelabs.com.br\/wp-content\/uploads\/2026\/01\/0d4a5543.webp 1170w\" sizes=\"auto, (max-width: 1024px) 100vw, 1024px\" \/><figcaption class=\"wp-element-caption\">Cr\u00e9ditos: Antonio Cruz\/Ag\u00eancia Brasil<\/figcaption><\/figure>\n\n\n\n<p>Nesse cen\u00e1rio ben\u00e9fico, os <a href=\"https:\/\/correiodoestado.com.br\/mix\/cuidadores-de-idosos-poderao-sacar-auxilio-de-r-810-em-marco-com-aprovacao-do-governo-estadual\/\" target=\"_blank\" rel=\"noopener\">idosos <\/a>possuem tr\u00eas grandes vantagens em compara\u00e7\u00e3o com a demais parcela da popula\u00e7\u00e3o brasileira. Por determina\u00e7\u00e3o da lei, a gera\u00e7\u00e3o mais velha tem acesso gratuito a medicamentos espec\u00edficos, atendimento priorit\u00e1rio em hospitais, cl\u00ednicas e postos de sa\u00fade, al\u00e9m de ter o direito de ser atendido com um acompanhante em tempo integral.<\/p>\n\n\n\n<p><strong>Confira as 3 prioridades com mais detalhes:<\/strong><\/p>\n\n\n\n<ul class=\"wp-block-list\">\n<li><strong>Medicamentos Gratuitos:<\/strong> por meio do programa Farm\u00e1cia Popular do Brasil, idosos t\u00eam acesso gratuito a medicamentos para hipertens\u00e3o, diabetes e asma, al\u00e9m de descontos de at\u00e9 90% em outros rem\u00e9dios.<\/li>\n\n\n\n<li><strong>Atendimento Priorit\u00e1rio:<\/strong> garantia de atendimento imediato e preferencial em hospitais, cl\u00ednicas e postos de sa\u00fade (p\u00fablicos e privados).<\/li>\n\n\n\n<li><strong>Acompanhante no Hospital:<\/strong> O idoso internado em qualquer unidade hospitalar tem o direito legal de ser acompanhado integralmente por outra pessoa de sua escolha.<\/li>\n<\/ul>\n\n\n\n<h2 class=\"wp-block-heading\">Quais s\u00e3o as outras prioridades que os idosos possuem?<\/h2>\n\n\n\n<p>Conforme texto presente no Estatuto da Pessoa Idosa, pessoas mais velhas t\u00eam prioridade de atendimento em \u00f3rg\u00e3os p\u00fablicos e privados; em bancos; nos programas do governo para habita\u00e7\u00e3o (aquisi\u00e7\u00e3o de im\u00f3veis); em procedimentos de embarque e desembarque em meios de transporte (avi\u00f5es, \u00f4nibus e navios), e no acesso \u00e0 justi\u00e7a (tramita\u00e7\u00e3o de processos judiciais e administrativos).<\/p>\n\n\n\n<p>Na pr\u00e1tica, todo esse mecanismo colabora para uma vida mais acolhedora, tendo em vista o decl\u00ednio natural das fun\u00e7\u00f5es f\u00edsicas e cognitivas desses indiv\u00edduos. Conforme a an\u00e1lise do secret\u00e1rio Nacional de Promo\u00e7\u00e3o e Defesa dos Direitos da Pessoa Idosa, Ant\u00f4nio Costa, \u00e9 necess\u00e1rio garantir celeridade no acesso a servi\u00e7os b\u00e1sicos.<\/p>\n\n\n\n<p>\u201cA prioridade para idosos maiores de 80 anos est\u00e1 relacionada ao exerc\u00edcio da cidadania e \u00e0 garantia de condi\u00e7\u00f5es de dignidade, conforme estabelecido pelo Estatuto da Pessoa Idosa. Em raz\u00e3o da trajet\u00f3ria de vida dessas pessoas, a \u201cPrioridade Especial\u201d \u00e9 uma valoriza\u00e7\u00e3o a mais. O respeito por essa popula\u00e7\u00e3o t\u00e3o necessitada de aten\u00e7\u00e3o, n\u00e3o importa onde elas estejam, deve ser imediato\u201d, disse ele.<\/p>\n","protected":false},"excerpt":{"rendered":"<p>O que poucas pessoas sabem \u00e9 sobre a exist\u00eancia da Lei n\u00ba 13.466\/2017, que\u00a0inclui no texto do Estatuto a garantia de prioridade m\u00e1xima aos cidad\u00e3os com mais de 80 anos em rela\u00e7\u00e3o aos demais idosos<\/p>\n","protected":false},"author":8,"featured_media":7160,"comment_status":"open","ping_status":"open","sticky":false,"template":"","format":"standard","meta":{"jnews-multi-image_gallery":[],"jnews_single_post":{"format":"standard"},"jnews_primary_category":[],"jnews_social_meta":[],"footnotes":""},"categories":[1],"tags":[],"class_list":["post-36014","post","type-post","status-publish","format-standard","has-post-thumbnail","hentry","category-mix"],"_links":{"self":[{"href":"https:\/\/correiodoestado.audiencelabs.com.br\/wp-json\/wp\/v2\/posts\/36014","targetHints":{"allow":["GET"]}}],"collection":[{"href":"https:\/\/correiodoestado.audiencelabs.com.br\/wp-json\/wp\/v2\/posts"}],"about":[{"href":"https:\/\/correiodoestado.audiencelabs.com.br\/wp-json\/wp\/v2\/types\/post"}],"author":[{"embeddable":true,"href":"https:\/\/correiodoestado.audiencelabs.com.br\/wp-json\/wp\/v2\/users\/8"}],"replies":[{"embeddable":true,"href":"https:\/\/correiodoestado.audiencelabs.com.br\/wp-json\/wp\/v2\/comments?post=36014"}],"version-history":[{"count":2,"href":"https:\/\/correiodoestado.audiencelabs.com.br\/wp-json\/wp\/v2\/posts\/36014\/revisions"}],"predecessor-version":[{"id":36785,"href":"https:\/\/correiodoestado.audiencelabs.com.br\/wp-json\/wp\/v2\/posts\/36014\/revisions\/36785"}],"wp:featuredmedia":[{"embeddable":true,"href":"https:\/\/correiodoestado.audiencelabs.com.br\/wp-json\/wp\/v2\/media\/7160"}],"wp:attachment":[{"href":"https:\/\/correiodoestado.audiencelabs.com.br\/wp-json\/wp\/v2\/media?parent=36014"}],"wp:term":[{"taxonomy":"category","embeddable":true,"href":"https:\/\/correiodoestado.audiencelabs.com.br\/wp-json\/wp\/v2\/categories?post=36014"},{"taxonomy":"post_tag","embeddable":true,"href":"https:\/\/correiodoestado.audiencelabs.com.br\/wp-json\/wp\/v2\/tags?post=36014"}],"curies":[{"name":"wp","href":"https:\/\/api.w.org\/{rel}","templated":true}]}}