{"id":36090,"date":"2026-03-15T10:15:00","date_gmt":"2026-03-15T13:15:00","guid":{"rendered":"https:\/\/correiodoestado.audiencelabs.com.br\/?p=36090"},"modified":"2026-03-09T17:48:23","modified_gmt":"2026-03-09T20:48:23","slug":"cidade-brasileira-com-nivel-maximo-de-qualidade-de-vida-fica-pertinho-da-serra-e-da-praia","status":"publish","type":"post","link":"https:\/\/correiodoestado.audiencelabs.com.br\/cidade-brasileira-com-nivel-maximo-de-qualidade-de-vida-fica-pertinho-da-serra-e-da-praia\/","title":{"rendered":"Cidade brasileira com n\u00edvel m\u00e1ximo de qualidade de vida fica pertinho da serra e da praia"},"content":{"rendered":"\n<p>Embora os pa\u00edses do Velho Continente sejam exemplos de soberania econ\u00f4mica e oferta de servi\u00e7os b\u00e1sicos  \u00e0 popula\u00e7\u00e3o, um munic\u00edpio brasileiro tem chamado a aten\u00e7\u00e3o por seus desempenhos. Localizada no interior de S\u00e3o Paulo, S\u00e3o Jos\u00e9 dos Campos foi reconhecida como a primeira <a href=\"https:\/\/correiodoestado.com.br\/mix\/cidade-com-o-2o-maior-pib-de-santa-catarina-esbanja-desenvolvimento-e-qualidade-de-vida\/\" target=\"_blank\" rel=\"noopener\">cidade<\/a> do mundo a conquistar o n\u00edvel platina da certifica\u00e7\u00e3o ABNT NBR ISO 37125, que avalia os desempenhos sustent\u00e1veis e resilientes.<\/p>\n\n\n\n<p>Ao final do ano passado, em cerim\u00f4nia realizada no Pa\u00e7o Municipal, a cidade paulista recebeu a coroa de mais alto n\u00edvel <a href=\"https:\/\/diariodaregiao.com.br\/variedades\/ouro-vermelho-pode-fazer-muito-bem-para-a-sua-saude-protegendo-o-seu-cerebro-e-o-seu-sangue\/?utm_source=lazy\" target=\"_blank\" rel=\"noreferrer noopener\"><\/a>de reconhecimento internacional para desempenho urbano. Para que o prest\u00edgio fosse alcan\u00e7ado, S\u00e3o Jos\u00e9 dos Campos se destacou ao longo da avalia\u00e7\u00e3o de 133 indicadores ESG (Ambiental, Social e Governan\u00e7a). <\/p>\n\n\n\n<figure class=\"wp-block-image size-full\"><img loading=\"lazy\" decoding=\"async\" width=\"940\" height=\"627\" src=\"https:\/\/correiodoestado.audiencelabs.com.br\/wp-content\/uploads\/2026\/03\/54949913043_4bc7daa401_k.jpg\" alt=\"\" class=\"wp-image-36092\" srcset=\"https:\/\/correiodoestado.audiencelabs.com.br\/wp-content\/uploads\/2026\/03\/54949913043_4bc7daa401_k.jpg 940w, https:\/\/correiodoestado.audiencelabs.com.br\/wp-content\/uploads\/2026\/03\/54949913043_4bc7daa401_k-300x200.jpg 300w, https:\/\/correiodoestado.audiencelabs.com.br\/wp-content\/uploads\/2026\/03\/54949913043_4bc7daa401_k-768x512.jpg 768w, https:\/\/correiodoestado.audiencelabs.com.br\/wp-content\/uploads\/2026\/03\/54949913043_4bc7daa401_k-750x500.jpg 750w\" sizes=\"auto, (max-width: 940px) 100vw, 940px\" \/><figcaption class=\"wp-element-caption\">Cr\u00e9ditos: Claudio Vieira\/Prefeitura de S\u00e3o Jos\u00e9 dos Campos<\/figcaption><\/figure>\n\n\n\n<p>Para entender a import\u00e2ncia dos investimentos no munic\u00edpio, recebeu excelentes avalia\u00e7\u00f5es em \u00e1reas como emiss\u00e3o de gases, gest\u00e3o de res\u00edduos, arboriza\u00e7\u00e3o (ambiental), sa\u00fade, educa\u00e7\u00e3o, seguran\u00e7a (social) e transpar\u00eancia na gest\u00e3o p\u00fablica (governan\u00e7a). De modo geral, a ABNT atesta, por auditoria independente, a qualidade de vida, gest\u00e3o inteligente e pr\u00e1ticas ecol\u00f3gicas de um local.<\/p>\n\n\n\n<p>Aos interessados em conhecer a cidade, \u00e9 v\u00e1lido destacar outros pontos not\u00f3rios. Situado a 85 quil\u00f4metros da praia e da montanha, \u00e9 uma escolha assertiva para quem deseja imergir em eventos culturais, art\u00edsticos, empresariais e de qualifica\u00e7\u00e3o. Sua localiza\u00e7\u00e3o colabora ainda para o fluxo com a regi\u00e3o serrana, como Campos do Jord\u00e3o, Santo Ant\u00f4nio do Pinhal e S\u00e3o Bento do Sapuca\u00ed.<\/p>\n\n\n\n<h2 class=\"wp-block-heading\">Outros triunfos do munic\u00edpio<\/h2>\n\n\n\n<p>De acordo com os levantamentos efetuados por entidades avaliadoras, S\u00e3o Jos\u00e9 dos Campos \u00e9 not\u00f3ria pela oferta de servi\u00e7os urbanos, com ampla rede de transportes e abastecimento, recolhimento de lixo dom\u00e9stico, hospitalar e industrial em todos os bairros e coleta seletiva de material recicl\u00e1vel. Por outro lado, o Sistema \u00danico de Sa\u00fade (SUS) \u00e9 refer\u00eancia no atendimento m\u00e9dico-hospitalar.<\/p>\n\n\n\n<p>No tocante aos polos tecnol\u00f3gicos e industriais, a regi\u00e3o n\u00e3o deixa a desejar, preservando algumas caracter\u00edsticas interioranas, com \u00e1reas verdes e bairros tranquilos, que garantem a qualidade de vida e o lazer da popula\u00e7\u00e3o. No mais, permanece atraindo investimentos com o intuito de aprimorar a gest\u00e3o p\u00fablica e a qualidade de vida da popula\u00e7\u00e3o.<\/p>\n","protected":false},"excerpt":{"rendered":"<p>Localizada no interior de S\u00e3o Paulo, munic\u00edpio \u00e9 reconhecido como a primeira cidade do mundo a conquistar o n\u00edvel platina da certifica\u00e7\u00e3o ABNT NBR ISO 37125<\/p>\n","protected":false},"author":8,"featured_media":36091,"comment_status":"open","ping_status":"open","sticky":false,"template":"","format":"standard","meta":{"jnews-multi-image_gallery":[],"jnews_single_post":{"format":"standard"},"jnews_primary_category":[],"jnews_social_meta":[],"footnotes":""},"categories":[1],"tags":[],"class_list":["post-36090","post","type-post","status-publish","format-standard","has-post-thumbnail","hentry","category-mix"],"_links":{"self":[{"href":"https:\/\/correiodoestado.audiencelabs.com.br\/wp-json\/wp\/v2\/posts\/36090","targetHints":{"allow":["GET"]}}],"collection":[{"href":"https:\/\/correiodoestado.audiencelabs.com.br\/wp-json\/wp\/v2\/posts"}],"about":[{"href":"https:\/\/correiodoestado.audiencelabs.com.br\/wp-json\/wp\/v2\/types\/post"}],"author":[{"embeddable":true,"href":"https:\/\/correiodoestado.audiencelabs.com.br\/wp-json\/wp\/v2\/users\/8"}],"replies":[{"embeddable":true,"href":"https:\/\/correiodoestado.audiencelabs.com.br\/wp-json\/wp\/v2\/comments?post=36090"}],"version-history":[{"count":1,"href":"https:\/\/correiodoestado.audiencelabs.com.br\/wp-json\/wp\/v2\/posts\/36090\/revisions"}],"predecessor-version":[{"id":36093,"href":"https:\/\/correiodoestado.audiencelabs.com.br\/wp-json\/wp\/v2\/posts\/36090\/revisions\/36093"}],"wp:featuredmedia":[{"embeddable":true,"href":"https:\/\/correiodoestado.audiencelabs.com.br\/wp-json\/wp\/v2\/media\/36091"}],"wp:attachment":[{"href":"https:\/\/correiodoestado.audiencelabs.com.br\/wp-json\/wp\/v2\/media?parent=36090"}],"wp:term":[{"taxonomy":"category","embeddable":true,"href":"https:\/\/correiodoestado.audiencelabs.com.br\/wp-json\/wp\/v2\/categories?post=36090"},{"taxonomy":"post_tag","embeddable":true,"href":"https:\/\/correiodoestado.audiencelabs.com.br\/wp-json\/wp\/v2\/tags?post=36090"}],"curies":[{"name":"wp","href":"https:\/\/api.w.org\/{rel}","templated":true}]}}