{"id":36257,"date":"2026-03-11T07:20:00","date_gmt":"2026-03-11T10:20:00","guid":{"rendered":"https:\/\/correiodoestado.audiencelabs.com.br\/?p=36257"},"modified":"2026-03-12T11:40:54","modified_gmt":"2026-03-12T14:40:54","slug":"queimar-folhas-galhos-e-outros-residuos-de-jardim-sera-proibido-a-partir-de-31-de-marco-em-diversas-cidades-alemas","status":"publish","type":"post","link":"https:\/\/correiodoestado.audiencelabs.com.br\/queimar-folhas-galhos-e-outros-residuos-de-jardim-sera-proibido-a-partir-de-31-de-marco-em-diversas-cidades-alemas\/","title":{"rendered":"Queimar folhas, galhos e outros res\u00edduos de jardim ser\u00e1 proibido a partir de 31 de mar\u00e7o em diversas cidades alem\u00e3s"},"content":{"rendered":"\n<p>Moradores de diversas regi\u00f5es da Alemanha precisam ficar atentos \u00e0s novas regras sobre a queima de folhas e res\u00edduos de jardim que ser\u00e3o aplicadas a partir do m\u00eas que vem. Embora a pr\u00e1tica ainda seja permitida temporariamente em alguns munic\u00edpios, a tend\u00eancia \u00e9 que essa autoriza\u00e7\u00e3o seja encerrada em breve, acompanhando pol\u00edticas ambientais mais r\u00edgidas adotadas no pa\u00eds europeu.<\/p>\n\n\n\n<p>Desde 2015, a Lei Alem\u00e3 de Reciclagem e Gest\u00e3o de Res\u00edduos (KrWG) determina que a queima de res\u00edduos de jardim seja proibida em todo o territ\u00f3rio alem\u00e3o. No entanto, estados e munic\u00edpios ainda podem conceder exce\u00e7\u00f5es por per\u00edodos espec\u00edficos. Em muitos casos, essas permiss\u00f5es s\u00e3o v\u00e1lidas apenas at\u00e9 31 de mar\u00e7o ou no m\u00e1ximo at\u00e9 15 de abril, quando deixam de vigorar.<\/p>\n\n\n\n<figure class=\"wp-block-gallery has-nested-images columns-default is-cropped wp-block-gallery-1 is-layout-flex wp-block-gallery-is-layout-flex\">\n<figure class=\"wp-block-image size-large\"><img loading=\"lazy\" decoding=\"async\" width=\"770\" height=\"513\" data-id=\"36258\" src=\"https:\/\/correiodoestado.audiencelabs.com.br\/wp-content\/uploads\/2026\/03\/0g2a0078.webp\" alt=\"\" class=\"wp-image-36258\" srcset=\"https:\/\/correiodoestado.audiencelabs.com.br\/wp-content\/uploads\/2026\/03\/0g2a0078.webp 770w, https:\/\/correiodoestado.audiencelabs.com.br\/wp-content\/uploads\/2026\/03\/0g2a0078-300x200.webp 300w, https:\/\/correiodoestado.audiencelabs.com.br\/wp-content\/uploads\/2026\/03\/0g2a0078-768x512.webp 768w, https:\/\/correiodoestado.audiencelabs.com.br\/wp-content\/uploads\/2026\/03\/0g2a0078-750x500.webp 750w\" sizes=\"auto, (max-width: 770px) 100vw, 770px\" \/><figcaption class=\"wp-element-caption\">Cr\u00e9ditos: Tomaz Silva\/Ag\u00eancia Brasil<\/figcaption><\/figure>\n<\/figure>\n\n\n\n<p>A justificativa para a restri\u00e7\u00e3o est\u00e1 principalmente na prote\u00e7\u00e3o ambiental. A queima de folhas e galhos libera poluentes na atmosfera e elimina materiais org\u00e2nicos que poderiam ser reaproveitados. Em regi\u00f5es como Sax\u00f4nia-Anhalt, por exemplo, alguns munic\u00edpios ainda permitem a pr\u00e1tica at\u00e9 o fim de mar\u00e7o, mas quem desrespeitar o prazo pode enfrentar multas e outras penalidades administrativas.<\/p>\n\n\n\n<h2 class=\"wp-block-heading\">Queimar res\u00edduos de jardim ser\u00e1 proibido na Alemanha<\/h2>\n\n\n\n<p>O movimento para endurecer as regras tamb\u00e9m se observa em outros estados alem\u00e3es. Em Mecklemburgo-Pomer\u00e2nia Ocidental, o ministro da Agricultura e Meio Ambiente, Till Backhaus, anunciou que a queima de res\u00edduos de jardim dever\u00e1 ser totalmente proibida a partir de 1\u00ba de janeiro de 2029, como parte da adapta\u00e7\u00e3o \u00e0s normas federais de gest\u00e3o de res\u00edduos e \u00e0s metas de prote\u00e7\u00e3o clim\u00e1tica.<\/p>\n\n\n\n<p>Diante dessas mudan\u00e7as, especialistas da \u00e1rea recomendam que os moradores consultem sempre as regras do pr\u00f3prio munic\u00edpio antes de realizar qualquer queima. Alternativas como compostagem dom\u00e9stica, descarte em cont\u00eaineres de res\u00edduos org\u00e2nicos ou entrega em centros de reciclagem s\u00e3o consideradas as op\u00e7\u00f5es mais sustent\u00e1veis e alinhadas com os princ\u00edpios da economia circular adotados atualmente no pa\u00eds.<\/p>\n","protected":false},"excerpt":{"rendered":"<p>Moradores de diversas regi\u00f5es da Alemanha precisam ficar atentos \u00e0s novas regras sobre a queima de folhas e res\u00edduos de jardim que ser\u00e3o aplicadas a partir do m\u00eas que vem. Embora a pr\u00e1tica ainda seja permitida temporariamente em alguns munic\u00edpios, a tend\u00eancia \u00e9 que essa autoriza\u00e7\u00e3o seja encerrada em breve, acompanhando pol\u00edticas ambientais mais r\u00edgidas [&hellip;]<\/p>\n","protected":false},"author":18,"featured_media":36612,"comment_status":"open","ping_status":"open","sticky":false,"template":"","format":"standard","meta":{"jnews-multi-image_gallery":[],"jnews_single_post":{"format":"standard"},"jnews_primary_category":[],"jnews_social_meta":[],"footnotes":""},"categories":[1],"tags":[],"class_list":["post-36257","post","type-post","status-publish","format-standard","has-post-thumbnail","hentry","category-mix"],"_links":{"self":[{"href":"https:\/\/correiodoestado.audiencelabs.com.br\/wp-json\/wp\/v2\/posts\/36257","targetHints":{"allow":["GET"]}}],"collection":[{"href":"https:\/\/correiodoestado.audiencelabs.com.br\/wp-json\/wp\/v2\/posts"}],"about":[{"href":"https:\/\/correiodoestado.audiencelabs.com.br\/wp-json\/wp\/v2\/types\/post"}],"author":[{"embeddable":true,"href":"https:\/\/correiodoestado.audiencelabs.com.br\/wp-json\/wp\/v2\/users\/18"}],"replies":[{"embeddable":true,"href":"https:\/\/correiodoestado.audiencelabs.com.br\/wp-json\/wp\/v2\/comments?post=36257"}],"version-history":[{"count":1,"href":"https:\/\/correiodoestado.audiencelabs.com.br\/wp-json\/wp\/v2\/posts\/36257\/revisions"}],"predecessor-version":[{"id":36261,"href":"https:\/\/correiodoestado.audiencelabs.com.br\/wp-json\/wp\/v2\/posts\/36257\/revisions\/36261"}],"wp:featuredmedia":[{"embeddable":true,"href":"https:\/\/correiodoestado.audiencelabs.com.br\/wp-json\/wp\/v2\/media\/36612"}],"wp:attachment":[{"href":"https:\/\/correiodoestado.audiencelabs.com.br\/wp-json\/wp\/v2\/media?parent=36257"}],"wp:term":[{"taxonomy":"category","embeddable":true,"href":"https:\/\/correiodoestado.audiencelabs.com.br\/wp-json\/wp\/v2\/categories?post=36257"},{"taxonomy":"post_tag","embeddable":true,"href":"https:\/\/correiodoestado.audiencelabs.com.br\/wp-json\/wp\/v2\/tags?post=36257"}],"curies":[{"name":"wp","href":"https:\/\/api.w.org\/{rel}","templated":true}]}}