{"id":36327,"date":"2026-03-11T12:49:00","date_gmt":"2026-03-11T15:49:00","guid":{"rendered":"https:\/\/correiodoestado.audiencelabs.com.br\/?p=36327"},"modified":"2026-03-11T08:26:00","modified_gmt":"2026-03-11T11:26:00","slug":"terceiro-maior-estado-pode-perder-50-dos-professores-por-abandono-a-profissao-nos-proximos-anos-neste-pais","status":"publish","type":"post","link":"https:\/\/correiodoestado.audiencelabs.com.br\/terceiro-maior-estado-pode-perder-50-dos-professores-por-abandono-a-profissao-nos-proximos-anos-neste-pais\/","title":{"rendered":"Terceiro maior estado pode perder 50% dos professores por abandono a profiss\u00e3o nos pr\u00f3ximos anos neste pa\u00eds"},"content":{"rendered":"\n<p>Apesar de sua import\u00e2ncia para a forma\u00e7\u00e3o acad\u00eamica e profissional das pessoas, os <a href=\"https:\/\/correiodoestado.com.br\/mix\/mudanca-na-contabilizacao-das-faltas-de-alunos-e-professores-sera-realizada-para-melhorar-a-frequencia-nas-escolas-e-faculdades-do-uruguai\/\" target=\"_blank\" rel=\"noopener\">professores <\/a>enfrentam um processo de desvaloriza\u00e7\u00e3o estrutural e multifatorial n\u00e3o s\u00f3 no Brasil. Recentemente, uma pesquisa encabe\u00e7ada pela Education Week confirmou que metade dos docentes que atuam na Calif\u00f3rnia, terceiro maior estado dos Estados Unidos, deseja abandonar a carreira nos pr\u00f3ximos anos.<\/p>\n\n\n\n<p>Na pr\u00e1tica, os baixos sal\u00e1rios, prec\u00e1rias condi\u00e7\u00f5es de trabalho, sobrecarga e falta de reconhecimento s\u00e3o alguns dos fatores que levam os professores a pensarem sobre a sequ\u00eancia de suas fun\u00e7\u00f5es. Segundo o levantamento, 50% dos docentes desejam se aposentar ou deixar a profiss\u00e3o na pr\u00f3xima d\u00e9cada. Essa porcentagem supera a m\u00e9dia nacional, em que \u00e9 estimado o abandono por parte de 35% dos t\u00e9cnicos.<\/p>\n\n\n\n<figure class=\"wp-block-image size-large\"><img loading=\"lazy\" decoding=\"async\" width=\"1024\" height=\"613\" src=\"https:\/\/correiodoestado.audiencelabs.com.br\/wp-content\/uploads\/2026\/02\/sala_de_aula_0-1024x613.webp\" alt=\"\" class=\"wp-image-32266\" srcset=\"https:\/\/correiodoestado.audiencelabs.com.br\/wp-content\/uploads\/2026\/02\/sala_de_aula_0-1024x613.webp 1024w, https:\/\/correiodoestado.audiencelabs.com.br\/wp-content\/uploads\/2026\/02\/sala_de_aula_0-300x179.webp 300w, https:\/\/correiodoestado.audiencelabs.com.br\/wp-content\/uploads\/2026\/02\/sala_de_aula_0-768x459.webp 768w, https:\/\/correiodoestado.audiencelabs.com.br\/wp-content\/uploads\/2026\/02\/sala_de_aula_0-750x449.webp 750w, https:\/\/correiodoestado.audiencelabs.com.br\/wp-content\/uploads\/2026\/02\/sala_de_aula_0-1140x682.webp 1140w, https:\/\/correiodoestado.audiencelabs.com.br\/wp-content\/uploads\/2026\/02\/sala_de_aula_0.webp 1170w\" sizes=\"auto, (max-width: 1024px) 100vw, 1024px\" \/><figcaption class=\"wp-element-caption\">Cr\u00e9ditos: Ag\u00eancia Brasil<\/figcaption><\/figure>\n\n\n\n<p>Ainda que a desvaloriza\u00e7\u00e3o seja excessiva, a principal motiva\u00e7\u00e3o est\u00e1 ligada a fatores econ\u00f4micos. Em contrapartida, essa movimenta\u00e7\u00e3o tem ligado o sinal de alerta das institui\u00e7\u00f5es de ensino, j\u00e1 que a escassez de professores pode aumentar. Nesse cen\u00e1rio, os alunos ser\u00e3o os mais impactados, podendo n\u00e3o encontrar profissionais para orquestrar disciplinas essenciais, como ci\u00eancias, matem\u00e1tica e educa\u00e7\u00e3o bil\u00edngue.<\/p>\n\n\n\n<h2 class=\"wp-block-heading\">O que fez os professores mudarem a postura?<\/h2>\n\n\n\n<p>Para uma melhor compreens\u00e3o, a vis\u00e3o dos docentes come\u00e7ou a mudar durante a pandemia, quando o ensino \u00e0 dist\u00e2ncia\u00a0representou um desafio sem precedentes. De modo geral, dificuldades t\u00e9cnicas tomaram conta das aulas e a adapta\u00e7\u00e3o \u00e0 nova realidade mostrou-se caminhar a passos lentos. Posteriormente, com a volta ao presencial, a falta de recursos potencializou ainda mais a vontade de lecionar dos californianos.<\/p>\n\n\n\n<p>Nesse \u00ednterim, os profissionais enfrentaram entraves com os pr\u00f3prios alunos. Ainda segundo a pesquisa, 3\/4 dos docentes do ensino fundamental, 61% dos professores do ensino m\u00e9dio e 54% dos professores do ensino superior relataram que o comportamento dos estudantes permanece piorando. Isso se deve, em parte, \u00e0 perda de socializa\u00e7\u00e3o durante a pandemia e \u00e0 transi\u00e7\u00e3o para modelos disciplinares de justi\u00e7a restaurativa.<\/p>\n\n\n\n<p>Diante da falta de companheirismo, os docentes entrevistados esclareceram que a melhoria do comportamento dos alunos aumentaria o moral de todos os profissionais. A t\u00edtulo de curiosidade, mais da metade defendeu medidas como restri\u00e7\u00f5es ao uso de celulares em sala de aula, puni\u00e7\u00f5es mais severas para condutas inadequadas e maior envolvimento dos pais na educa\u00e7\u00e3o comportamental dos filhos.<\/p>\n\n\n\n<p>Em continuidade, o abandono da profiss\u00e3o tamb\u00e9m est\u00e1 atrelado ao tamanho das turmas. Na Calif\u00f3rnia, as salas comportam um dos n\u00fameros mais elevados do pa\u00eds, correspondendo a 29 alunos. Na an\u00e1lise dos professores, a redu\u00e7\u00e3o do tamanho das turmas poderia tornar a gest\u00e3o das aulas melhor, al\u00e9m de proporcionar um clima escolar mais assertivo.<\/p>\n","protected":false},"excerpt":{"rendered":"<p>Apesar de sua import\u00e2ncia para a forma\u00e7\u00e3o acad\u00eamica e profissional das pessoas, os professores enfrentam um processo de desvaloriza\u00e7\u00e3o estrutural e multifatorial n\u00e3o s\u00f3 no Brasil<\/p>\n","protected":false},"author":8,"featured_media":36328,"comment_status":"open","ping_status":"open","sticky":false,"template":"","format":"standard","meta":{"jnews-multi-image_gallery":[],"jnews_single_post":{"format":"standard"},"jnews_primary_category":[],"jnews_social_meta":[],"footnotes":""},"categories":[1],"tags":[],"class_list":["post-36327","post","type-post","status-publish","format-standard","has-post-thumbnail","hentry","category-mix"],"_links":{"self":[{"href":"https:\/\/correiodoestado.audiencelabs.com.br\/wp-json\/wp\/v2\/posts\/36327","targetHints":{"allow":["GET"]}}],"collection":[{"href":"https:\/\/correiodoestado.audiencelabs.com.br\/wp-json\/wp\/v2\/posts"}],"about":[{"href":"https:\/\/correiodoestado.audiencelabs.com.br\/wp-json\/wp\/v2\/types\/post"}],"author":[{"embeddable":true,"href":"https:\/\/correiodoestado.audiencelabs.com.br\/wp-json\/wp\/v2\/users\/8"}],"replies":[{"embeddable":true,"href":"https:\/\/correiodoestado.audiencelabs.com.br\/wp-json\/wp\/v2\/comments?post=36327"}],"version-history":[{"count":1,"href":"https:\/\/correiodoestado.audiencelabs.com.br\/wp-json\/wp\/v2\/posts\/36327\/revisions"}],"predecessor-version":[{"id":36329,"href":"https:\/\/correiodoestado.audiencelabs.com.br\/wp-json\/wp\/v2\/posts\/36327\/revisions\/36329"}],"wp:featuredmedia":[{"embeddable":true,"href":"https:\/\/correiodoestado.audiencelabs.com.br\/wp-json\/wp\/v2\/media\/36328"}],"wp:attachment":[{"href":"https:\/\/correiodoestado.audiencelabs.com.br\/wp-json\/wp\/v2\/media?parent=36327"}],"wp:term":[{"taxonomy":"category","embeddable":true,"href":"https:\/\/correiodoestado.audiencelabs.com.br\/wp-json\/wp\/v2\/categories?post=36327"},{"taxonomy":"post_tag","embeddable":true,"href":"https:\/\/correiodoestado.audiencelabs.com.br\/wp-json\/wp\/v2\/tags?post=36327"}],"curies":[{"name":"wp","href":"https:\/\/api.w.org\/{rel}","templated":true}]}}