{"id":36358,"date":"2026-03-11T11:51:00","date_gmt":"2026-03-11T14:51:00","guid":{"rendered":"https:\/\/correiodoestado.audiencelabs.com.br\/?p=36358"},"modified":"2026-03-11T13:39:40","modified_gmt":"2026-03-11T16:39:40","slug":"receita-federal-confirma-presente-para-idosos-acima-de-65-anos-que-possuem-filhos-neste-pais","status":"publish","type":"post","link":"https:\/\/correiodoestado.audiencelabs.com.br\/receita-federal-confirma-presente-para-idosos-acima-de-65-anos-que-possuem-filhos-neste-pais\/","title":{"rendered":"Receita Federal confirma presente para idosos acima de 65 anos que possuem filhos neste pa\u00eds"},"content":{"rendered":"\n<p>O Imposto de Renda Pessoa F\u00edsica (IRPF) na Espanha prev\u00ea situa\u00e7\u00f5es espec\u00edficas em que a transfer\u00eancia de um im\u00f3vel pode ocorrer sem a cobran\u00e7a de imposto sobre ganho de capital. Uma dessas possibilidades beneficia idosos com mais de 65 anos que desejam antecipar a divis\u00e3o do patrim\u00f4nio familiar. De acordo com entendimento da Direcci\u00f3n General de Tributos, \u00e9 poss\u00edvel doar a resid\u00eancia principal aos filhos.<\/p>\n\n\n\n<p>Nesse caso, n\u00e3o h\u00e1 tributa\u00e7\u00e3o sobre a valoriza\u00e7\u00e3o acumulada do im\u00f3vel. A orienta\u00e7\u00e3o foi esclarecida por meio da Decis\u00e3o Vinculativa V1261-25, que confirma que contribuintes com mais de 65 anos podem transferir sua casa principal por doa\u00e7\u00e3o sem pagar imposto sobre ganho de capital. Na pr\u00e1tica, a regra equipara a doa\u00e7\u00e3o \u00e0 venda do im\u00f3vel para fins fiscais.<\/p>\n\n\n\n<figure class=\"wp-block-gallery has-nested-images columns-default is-cropped wp-block-gallery-1 is-layout-flex wp-block-gallery-is-layout-flex\">\n<figure class=\"wp-block-image size-large\"><img loading=\"lazy\" decoding=\"async\" width=\"1024\" height=\"768\" data-id=\"36359\" src=\"https:\/\/correiodoestado.audiencelabs.com.br\/wp-content\/uploads\/2026\/03\/XYHU2EDU35BAHNEMVA4UKF5HR4.jpeg\" alt=\"\" class=\"wp-image-36359\" srcset=\"https:\/\/correiodoestado.audiencelabs.com.br\/wp-content\/uploads\/2026\/03\/XYHU2EDU35BAHNEMVA4UKF5HR4.jpeg 1024w, https:\/\/correiodoestado.audiencelabs.com.br\/wp-content\/uploads\/2026\/03\/XYHU2EDU35BAHNEMVA4UKF5HR4-300x225.jpeg 300w, https:\/\/correiodoestado.audiencelabs.com.br\/wp-content\/uploads\/2026\/03\/XYHU2EDU35BAHNEMVA4UKF5HR4-768x576.jpeg 768w, https:\/\/correiodoestado.audiencelabs.com.br\/wp-content\/uploads\/2026\/03\/XYHU2EDU35BAHNEMVA4UKF5HR4-750x563.jpeg 750w\" sizes=\"auto, (max-width: 1024px) 100vw, 1024px\" \/><figcaption class=\"wp-element-caption\">Cr\u00e9ditos: Rafa Neddermeyer\/Ag\u00eancia Brasil <\/figcaption><\/figure>\n<\/figure>\n\n\n\n<p>A legisla\u00e7\u00e3o espanhola j\u00e1 previa a mesma isen\u00e7\u00e3o quando pessoas nessa faixa et\u00e1ria vendem sua resid\u00eancia habitual. Para ter direito ao benef\u00edcio, \u00e9 necess\u00e1rio que o im\u00f3vel tenha sido utilizado como resid\u00eancia principal do propriet\u00e1rio. A regra determina que a casa deve ter servido como moradia habitual por pelo menos tr\u00eas anos consecutivos, condi\u00e7\u00e3o essencial para que a isen\u00e7\u00e3o seja aplicada.<\/p>\n\n\n\n<h2 class=\"wp-block-heading\">Idosos t\u00eam direito a benef\u00edcio especial na Espanha<\/h2>\n\n\n\n<p>Mesmo que o propriet\u00e1rio tenha deixado de morar no im\u00f3vel, ainda pode haver enquadramento na regra. A interpreta\u00e7\u00e3o da autoridade tribut\u00e1ria estabelece que a casa continua sendo considerada resid\u00eancia principal se a doa\u00e7\u00e3o ocorrer em at\u00e9 dois anos ap\u00f3s a desocupa\u00e7\u00e3o. O esclarecimento surgiu ap\u00f3s a consulta de um casal que pretendia transferir o im\u00f3vel para os filhos e queria saber se isso geraria imposto no pa\u00eds europeu.<\/p>\n\n\n\n<p>Em opera\u00e7\u00f5es desse tipo normalmente h\u00e1 varia\u00e7\u00e3o patrimonial, calculada pela diferen\u00e7a entre o valor de aquisi\u00e7\u00e3o e o valor atribu\u00eddo \u00e0 transfer\u00eancia do bem. No caso das doa\u00e7\u00f5es, por\u00e9m, os valores seguem as regras do imposto sobre heran\u00e7as e doa\u00e7\u00f5es, respeitando o limite do valor de mercado do im\u00f3vel.<\/p>\n","protected":false},"excerpt":{"rendered":"<p>O Imposto de Renda Pessoa F\u00edsica (IRPF) na Espanha prev\u00ea situa\u00e7\u00f5es espec\u00edficas em que a transfer\u00eancia de um im\u00f3vel pode ocorrer sem a cobran\u00e7a de imposto sobre ganho de capital. Uma dessas possibilidades beneficia idosos com mais de 65 anos que desejam antecipar a divis\u00e3o do patrim\u00f4nio familiar. De acordo com entendimento da Direcci\u00f3n General [&hellip;]<\/p>\n","protected":false},"author":18,"featured_media":29147,"comment_status":"open","ping_status":"open","sticky":false,"template":"","format":"standard","meta":{"jnews-multi-image_gallery":[],"jnews_single_post":{"format":"standard"},"jnews_primary_category":[],"jnews_social_meta":[],"footnotes":""},"categories":[1],"tags":[],"class_list":["post-36358","post","type-post","status-publish","format-standard","has-post-thumbnail","hentry","category-mix"],"_links":{"self":[{"href":"https:\/\/correiodoestado.audiencelabs.com.br\/wp-json\/wp\/v2\/posts\/36358","targetHints":{"allow":["GET"]}}],"collection":[{"href":"https:\/\/correiodoestado.audiencelabs.com.br\/wp-json\/wp\/v2\/posts"}],"about":[{"href":"https:\/\/correiodoestado.audiencelabs.com.br\/wp-json\/wp\/v2\/types\/post"}],"author":[{"embeddable":true,"href":"https:\/\/correiodoestado.audiencelabs.com.br\/wp-json\/wp\/v2\/users\/18"}],"replies":[{"embeddable":true,"href":"https:\/\/correiodoestado.audiencelabs.com.br\/wp-json\/wp\/v2\/comments?post=36358"}],"version-history":[{"count":2,"href":"https:\/\/correiodoestado.audiencelabs.com.br\/wp-json\/wp\/v2\/posts\/36358\/revisions"}],"predecessor-version":[{"id":36427,"href":"https:\/\/correiodoestado.audiencelabs.com.br\/wp-json\/wp\/v2\/posts\/36358\/revisions\/36427"}],"wp:featuredmedia":[{"embeddable":true,"href":"https:\/\/correiodoestado.audiencelabs.com.br\/wp-json\/wp\/v2\/media\/29147"}],"wp:attachment":[{"href":"https:\/\/correiodoestado.audiencelabs.com.br\/wp-json\/wp\/v2\/media?parent=36358"}],"wp:term":[{"taxonomy":"category","embeddable":true,"href":"https:\/\/correiodoestado.audiencelabs.com.br\/wp-json\/wp\/v2\/categories?post=36358"},{"taxonomy":"post_tag","embeddable":true,"href":"https:\/\/correiodoestado.audiencelabs.com.br\/wp-json\/wp\/v2\/tags?post=36358"}],"curies":[{"name":"wp","href":"https:\/\/api.w.org\/{rel}","templated":true}]}}