{"id":36461,"date":"2026-04-05T09:15:46","date_gmt":"2026-04-05T12:15:46","guid":{"rendered":"https:\/\/correiodoestado.audiencelabs.com.br\/?p=36461"},"modified":"2026-03-23T08:07:01","modified_gmt":"2026-03-23T11:07:01","slug":"ibama-proibe-o-corte-de-5-arvores-bastante-conhecidas-no-brasil","status":"publish","type":"post","link":"https:\/\/correiodoestado.audiencelabs.com.br\/ibama-proibe-o-corte-de-5-arvores-bastante-conhecidas-no-brasil\/","title":{"rendered":"IBAMA pro\u00edbe o corte de 5 \u00e1rvores bastante conhecidas no Brasil"},"content":{"rendered":"\n<p>Respons\u00e1vel por fiscalizar, monitorar e controlar o uso de recursos naturais no pa\u00eds, o <a href=\"https:\/\/correiodoestado.com.br\/mix\/ibama-aplica-multa-de-ate-r-5-mil-a-quem-criar-estes-cinco-animais-em-casa\/\" target=\"_blank\" rel=\"noopener\">Instituto Brasileiro do Meio Ambiente e dos Recursos Naturais Renov\u00e1veis (Ibama)<\/a> apresenta regras para garantir uma maior integridade, transpar\u00eancia e efici\u00eancia em suas atividades. Diante desse cen\u00e1rio, estabeleceu a proibi\u00e7\u00e3o do corte de 5 \u00e1rvores bastante cultuadas em solo nacional.<\/p>\n\n\n\n<p>Conhecido mundialmente por abrigar uma diversidade biol\u00f3gica sem precedentes, o Brasil \u00e9 tomado pela flora e fauna em todas as regi\u00f5es. Nesse cen\u00e1rio ambiental, as esp\u00e9cies mais imponentes s\u00e3o encontradas em biomas como Amaz\u00f4nia, Mata Atl\u00e2ntica, Cerrado e Caatinga. Contudo, diante da excessiva explora\u00e7\u00e3o da madeira, \u00e1rvores espec\u00edficas est\u00e3o amea\u00e7adas de extin\u00e7\u00e3o devido ao avan\u00e7o do desmatamento.<\/p>\n\n\n\n<figure class=\"wp-block-image size-large\"><img loading=\"lazy\" decoding=\"async\" width=\"1024\" height=\"613\" src=\"https:\/\/correiodoestado.audiencelabs.com.br\/wp-content\/uploads\/2026\/03\/ibama_ipe_4-1024x613.webp\" alt=\"\" class=\"wp-image-36462\" srcset=\"https:\/\/correiodoestado.audiencelabs.com.br\/wp-content\/uploads\/2026\/03\/ibama_ipe_4-1024x613.webp 1024w, https:\/\/correiodoestado.audiencelabs.com.br\/wp-content\/uploads\/2026\/03\/ibama_ipe_4-300x179.webp 300w, https:\/\/correiodoestado.audiencelabs.com.br\/wp-content\/uploads\/2026\/03\/ibama_ipe_4-768x459.webp 768w, https:\/\/correiodoestado.audiencelabs.com.br\/wp-content\/uploads\/2026\/03\/ibama_ipe_4-750x449.webp 750w, https:\/\/correiodoestado.audiencelabs.com.br\/wp-content\/uploads\/2026\/03\/ibama_ipe_4-1140x682.webp 1140w, https:\/\/correiodoestado.audiencelabs.com.br\/wp-content\/uploads\/2026\/03\/ibama_ipe_4.webp 1170w\" sizes=\"auto, (max-width: 1024px) 100vw, 1024px\" \/><figcaption class=\"wp-element-caption\">Cr\u00e9ditos: Vin\u00edcius Mendon\u00e7a\/Ibama<\/figcaption><\/figure>\n\n\n\n<p>Para garantir que o solo continue prosperando e nenhuma outra \u00e1rvore entre em descenso reprodutivo, o IBAMA estabeleceu regras r\u00edgidas contra a explora\u00e7\u00e3o. Na pr\u00e1tica, a fiscaliza\u00e7\u00e3o \u00e9 realizada por \u00f3rg\u00e3os ambientais, que s\u00e3o autorizados a aplicar multas e outras penalidades em caso de irregularidades. Em meio \u00e0 impon\u00eancia hist\u00f3rica, ecol\u00f3gica e econ\u00f4mica, alguns troncos s\u00e3o mais preservados que outros.<\/p>\n\n\n\n<h2 class=\"wp-block-heading\">Quais esp\u00e9cies s\u00e3o preservadas?<\/h2>\n\n\n\n<p><strong>Pau-Brasil:<\/strong> aclamada por ter dado origem ao nome do pa\u00eds, \u00e9 uma das \u00e1rvores mais protegidas perante a legisla\u00e7\u00e3o ambiental. Historicamente, teve sua explora\u00e7\u00e3o intensificada durante o per\u00edodo colonial devido \u00e0 madeira avermelhada utilizada na produ\u00e7\u00e3o de tintas. Por consequ\u00eancia da a\u00e7\u00e3o humana, teve sua concentra\u00e7\u00e3o reduzida, exigindo, no cen\u00e1rio atual, autoriza\u00e7\u00f5es espec\u00edficas para o corte.<\/p>\n\n\n\n<p><strong>Arauc\u00e1ria:<\/strong> a con\u00edfera nativa do Sul do Brasil consegue viver at\u00e9 300 anos, al\u00e9m de atingir entre 25 e 50 metros de altura. Outrora formando extensas florestas, atualmente enfrenta a perda gradativa de sua reprodu\u00e7\u00e3o devido ao desmatamento e avan\u00e7o da agricultura. Por estar em amea\u00e7a, o corte \u00e9 altamente controlado no Brasil. <\/p>\n\n\n\n<p><strong>Mogno:<\/strong> por apresentar alta import\u00e2ncia econ\u00f4mica e sustent\u00e1vel, valorizado pela sua madeira nobre, resist\u00eancia a pragas e r\u00e1pido crescimento, tem a explora\u00e7\u00e3o desenfreada. Diante da redu\u00e7\u00e3o das popula\u00e7\u00f5es naturais, o IBAMA imp\u00f4s regras mais incisivas para sua explora\u00e7\u00e3o, permitindo o corte apenas em condi\u00e7\u00f5es espec\u00edficas e com autoriza\u00e7\u00e3o ambiental.<\/p>\n\n\n\n<p><strong>Aroeira-do-sert\u00e3o:<\/strong> comum no Cerrado e na Caatinga, a esp\u00e9cie em quest\u00e3o \u00e9 popular por sua resist\u00eancia. Assim como o mogno, tamb\u00e9m passou d\u00e9cadas sendo explorada, especialmente para fins de constru\u00e7\u00f5es rurais. Com o decl\u00ednio da vegeta\u00e7\u00e3o, a preserva\u00e7\u00e3o dessa \u00e1rvore \u00e9 encabe\u00e7ada pela fiscaliza\u00e7\u00e3o governamental, que n\u00e3o autoriza o corte.<\/p>\n\n\n\n<p><strong>Jequitib\u00e1-rosa:<\/strong> imponente na Mata Atl\u00e2ntica, pode atingir alturas impressionantes e viver por centenas de anos. A sua raridade no cen\u00e1rio atual, aliada \u00e0 import\u00e2ncia ecol\u00f3gica, torna o corte dessa \u00e1rvore intensivamente controlado. Em suma, a preserva\u00e7\u00e3o \u00e9 encarada como fundamental para a conserva\u00e7\u00e3o das florestas nacional e da biodiversidade associada a elas.<\/p>\n","protected":false},"excerpt":{"rendered":"<p>Respons\u00e1vel por fiscalizar, monitorar e controlar o uso de recursos naturais no pa\u00eds, o Instituto Brasileiro do Meio Ambiente e dos Recursos Naturais Renov\u00e1veis (Ibama) apresenta regras para garantir uma maior integridade, transpar\u00eancia e efici\u00eancia em suas atividades<\/p>\n","protected":false},"author":8,"featured_media":36463,"comment_status":"open","ping_status":"open","sticky":false,"template":"","format":"standard","meta":{"jnews-multi-image_gallery":[],"jnews_single_post":{"format":"standard"},"jnews_primary_category":[],"jnews_social_meta":[],"footnotes":""},"categories":[1],"tags":[],"class_list":["post-36461","post","type-post","status-publish","format-standard","has-post-thumbnail","hentry","category-mix"],"_links":{"self":[{"href":"https:\/\/correiodoestado.audiencelabs.com.br\/wp-json\/wp\/v2\/posts\/36461","targetHints":{"allow":["GET"]}}],"collection":[{"href":"https:\/\/correiodoestado.audiencelabs.com.br\/wp-json\/wp\/v2\/posts"}],"about":[{"href":"https:\/\/correiodoestado.audiencelabs.com.br\/wp-json\/wp\/v2\/types\/post"}],"author":[{"embeddable":true,"href":"https:\/\/correiodoestado.audiencelabs.com.br\/wp-json\/wp\/v2\/users\/8"}],"replies":[{"embeddable":true,"href":"https:\/\/correiodoestado.audiencelabs.com.br\/wp-json\/wp\/v2\/comments?post=36461"}],"version-history":[{"count":2,"href":"https:\/\/correiodoestado.audiencelabs.com.br\/wp-json\/wp\/v2\/posts\/36461\/revisions"}],"predecessor-version":[{"id":39504,"href":"https:\/\/correiodoestado.audiencelabs.com.br\/wp-json\/wp\/v2\/posts\/36461\/revisions\/39504"}],"wp:featuredmedia":[{"embeddable":true,"href":"https:\/\/correiodoestado.audiencelabs.com.br\/wp-json\/wp\/v2\/media\/36463"}],"wp:attachment":[{"href":"https:\/\/correiodoestado.audiencelabs.com.br\/wp-json\/wp\/v2\/media?parent=36461"}],"wp:term":[{"taxonomy":"category","embeddable":true,"href":"https:\/\/correiodoestado.audiencelabs.com.br\/wp-json\/wp\/v2\/categories?post=36461"},{"taxonomy":"post_tag","embeddable":true,"href":"https:\/\/correiodoestado.audiencelabs.com.br\/wp-json\/wp\/v2\/tags?post=36461"}],"curies":[{"name":"wp","href":"https:\/\/api.w.org\/{rel}","templated":true}]}}