{"id":36465,"date":"2026-03-13T16:59:00","date_gmt":"2026-03-13T19:59:00","guid":{"rendered":"https:\/\/correiodoestado.audiencelabs.com.br\/?p=36465"},"modified":"2026-03-11T16:06:40","modified_gmt":"2026-03-11T19:06:40","slug":"janela-de-transferencias-recem-fechou-e-inter-acertou-3-vendas-por-r-138-milhoes","status":"publish","type":"post","link":"https:\/\/correiodoestado.audiencelabs.com.br\/janela-de-transferencias-recem-fechou-e-inter-acertou-3-vendas-por-r-138-milhoes\/","title":{"rendered":"Janela de transfer\u00eancias rec\u00e9m fechou e Inter acertou 3 vendas por R$ 138 milh\u00f5es"},"content":{"rendered":"\n<p>A janela de transfer\u00eancia internacional foi encerrada no dia 3 de mar\u00e7o, com algumas dispensas e desembarques despertando a aten\u00e7\u00e3o dos torcedores. Nesse cen\u00e1rio de desligamentos, o Inter colocou um trio de jogadores na barca das dispensas, culminando em um retorno de aproximadamente R$ 138 milh\u00f5es. Para o departamento de futebol, a movimenta\u00e7\u00e3o ajudou a equilibrar as obriga\u00e7\u00f5es financeiras.<\/p>\n\n\n\n<p>Embora contestados por alguns torcedores do Inter, Vit\u00e3o, Ricardo Mathias e Luis Ot\u00e1rio se despediram do Rio Grande do Sul nas \u00faltimas semanas. As movimenta\u00e7\u00f5es trouxeram uma arrecada\u00e7\u00e3o significativa para os cofres do elenco ga\u00facho, expandindo os horizontes e encurtando di\u00e1logos com outros clubes. Isso porque o trio foi negociado com plant\u00e9is do Brasil, da Ar\u00e1bia Saudita e dos Estados Unidos.<\/p>\n\n\n\n<figure class=\"wp-block-image size-full\"><img loading=\"lazy\" decoding=\"async\" width=\"760\" height=\"507\" src=\"https:\/\/correiodoestado.audiencelabs.com.br\/wp-content\/uploads\/2026\/03\/1767986516.webp\" alt=\"\" class=\"wp-image-36475\" srcset=\"https:\/\/correiodoestado.audiencelabs.com.br\/wp-content\/uploads\/2026\/03\/1767986516.webp 760w, https:\/\/correiodoestado.audiencelabs.com.br\/wp-content\/uploads\/2026\/03\/1767986516-300x200.webp 300w, https:\/\/correiodoestado.audiencelabs.com.br\/wp-content\/uploads\/2026\/03\/1767986516-750x500.webp 750w\" sizes=\"auto, (max-width: 760px) 100vw, 760px\" \/><figcaption class=\"wp-element-caption\">Cr\u00e9ditos: Adriano Fontes\/Flamengo<\/figcaption><\/figure>\n\n\n\n<p>Aclamado pelos colorados, Vit\u00e3o n\u00e3o teve a sua sa\u00edda aprovada pela grande parcela dos torcedores. O zagueiro de 26 anos fechou acordo com o <a href=\"https:\/\/correiodoestado.com.br\/mix\/cruzeiro-topa-negociar-kaio-jorge-com-o-flamengo-por-r-300-milhoes-apos-a-chegada-de-jardim\/\" target=\"_blank\" rel=\"noopener\">Flamengo <\/a>at\u00e9 o final da temporada 2029. Para que a negocia\u00e7\u00e3o fosse sacramentada, o Inter aceitou 10,2 milh\u00f5es de euros, aproximadamente R$ 61 milh\u00f5es, al\u00e9m da quita\u00e7\u00e3o da d\u00edvida em fun\u00e7\u00e3o do desembarque de Thiago Maia.<\/p>\n\n\n\n<p>Um outro jogador jovem que se despediu do plantel ga\u00facho foi o centroavante Ricardo Mathias, de apenas 19 anos. O cria formado nas categorias de base do Internacional assinou contrato com o Al Ahli Saudi FC at\u00e9 meados de 2030. Nos bastidores do clube, a negocia\u00e7\u00e3o foi positiva, j\u00e1 que os sauditas se comprometeram a pagar cerca de 10 milh\u00f5es de euros, valor que gira em torno de R$ 60 milh\u00f5es.<\/p>\n\n\n\n<p>Fechando a barca das negocia\u00e7\u00f5es, aparece o volante Luis Ot\u00e1vio, de 18 anos. O meio-campista enxergou com bons olhos atuar pela Major League Soccer (MLS), com as vestes do Orlando City. Com v\u00ednculo firmado at\u00e9 meados de 2028, o brasileiro foi respons\u00e1vel por fazer o Inter lucrar aproximadamente US$ 3,2 milh\u00f5es, o que representa cerca de R$ 17 milh\u00f5es.<\/p>\n\n\n\n<h2 class=\"wp-block-heading\">Pr\u00f3ximos compromissos do clube:<\/h2>\n\n\n\n<ul class=\"wp-block-list\">\n<li>15 de mar\u00e7o: Internacional x Bahia<\/li>\n\n\n\n<li>18 de mar\u00e7o: Santos x Internacional <\/li>\n\n\n\n<li>22 de mar\u00e7o: Internacional x Chapecoense<\/li>\n\n\n\n<li>1\u00ba de abril (a confirmar): Internacional x S\u00e3o Paulo<\/li>\n\n\n\n<li>5 de abril (a confirmar): Corinthians x Internacional <\/li>\n\n\n\n<li>12 de abril (a confirmar): Internacional x Gr\u00eamio.<\/li>\n<\/ul>\n","protected":false},"excerpt":{"rendered":"<p>Nesse cen\u00e1rio de desligamentos, o Internacional colocou um trio de jogadores na barca das dispensar, culminando em um retorno de R$ 138 milh\u00f5es<\/p>\n","protected":false},"author":8,"featured_media":36473,"comment_status":"open","ping_status":"open","sticky":false,"template":"","format":"standard","meta":{"jnews-multi-image_gallery":[],"jnews_single_post":{"format":"standard"},"jnews_primary_category":[],"jnews_social_meta":[],"footnotes":""},"categories":[1],"tags":[],"class_list":["post-36465","post","type-post","status-publish","format-standard","has-post-thumbnail","hentry","category-mix"],"_links":{"self":[{"href":"https:\/\/correiodoestado.audiencelabs.com.br\/wp-json\/wp\/v2\/posts\/36465","targetHints":{"allow":["GET"]}}],"collection":[{"href":"https:\/\/correiodoestado.audiencelabs.com.br\/wp-json\/wp\/v2\/posts"}],"about":[{"href":"https:\/\/correiodoestado.audiencelabs.com.br\/wp-json\/wp\/v2\/types\/post"}],"author":[{"embeddable":true,"href":"https:\/\/correiodoestado.audiencelabs.com.br\/wp-json\/wp\/v2\/users\/8"}],"replies":[{"embeddable":true,"href":"https:\/\/correiodoestado.audiencelabs.com.br\/wp-json\/wp\/v2\/comments?post=36465"}],"version-history":[{"count":2,"href":"https:\/\/correiodoestado.audiencelabs.com.br\/wp-json\/wp\/v2\/posts\/36465\/revisions"}],"predecessor-version":[{"id":36763,"href":"https:\/\/correiodoestado.audiencelabs.com.br\/wp-json\/wp\/v2\/posts\/36465\/revisions\/36763"}],"wp:featuredmedia":[{"embeddable":true,"href":"https:\/\/correiodoestado.audiencelabs.com.br\/wp-json\/wp\/v2\/media\/36473"}],"wp:attachment":[{"href":"https:\/\/correiodoestado.audiencelabs.com.br\/wp-json\/wp\/v2\/media?parent=36465"}],"wp:term":[{"taxonomy":"category","embeddable":true,"href":"https:\/\/correiodoestado.audiencelabs.com.br\/wp-json\/wp\/v2\/categories?post=36465"},{"taxonomy":"post_tag","embeddable":true,"href":"https:\/\/correiodoestado.audiencelabs.com.br\/wp-json\/wp\/v2\/tags?post=36465"}],"curies":[{"name":"wp","href":"https:\/\/api.w.org\/{rel}","templated":true}]}}