{"id":36474,"date":"2026-05-01T20:10:02","date_gmt":"2026-05-01T23:10:02","guid":{"rendered":"https:\/\/correiodoestado.audiencelabs.com.br\/?p=36474"},"modified":"2026-04-27T08:40:59","modified_gmt":"2026-04-27T11:40:59","slug":"brasileiros-convivem-com-mais-de-200-dias-de-calor-extremo-no-estado-com-a-pior-qualidade-de-vida","status":"publish","type":"post","link":"https:\/\/correiodoestado.audiencelabs.com.br\/brasileiros-convivem-com-mais-de-200-dias-de-calor-extremo-no-estado-com-a-pior-qualidade-de-vida\/","title":{"rendered":"Brasileiros convivem com mais de 200 dias de calor extremo no estado com a pior qualidade de vida"},"content":{"rendered":"\n<p>A capital paraense tem enfrentado uma rotina marcada por temperaturas elevadas ao longo de grande parte do ano. Em Bel\u00e9m, a principal cidade do Par\u00e1, o calor extremo tem sido cada vez mais frequente, fen\u00f4meno associado por especialistas aos efeitos do Aquecimento Global e \u00e0s mudan\u00e7as ambientais observadas nas \u00faltimas d\u00e9cadas no Brasil e no mundo.<\/p>\n\n\n\n<p>De acordo com dados divulgados pelo Centro Nacional de Monitoramento e Alertas de Desastres Naturais, Bel\u00e9m foi a capital brasileira com o maior n\u00famero de dias de calor extremo em 2024, totalizando 212 dias. Em alguns momentos, as temperaturas m\u00e1ximas chegaram a cerca de 37,3 \u00b0C, intensificando a sensa\u00e7\u00e3o t\u00e9rmica e os impactos no cotidiano da popula\u00e7\u00e3o.<\/p>\n\n\n\n<figure class=\"wp-block-gallery has-nested-images columns-default is-cropped wp-block-gallery-1 is-layout-flex wp-block-gallery-is-layout-flex\">\n<figure class=\"wp-block-image size-large\"><img loading=\"lazy\" decoding=\"async\" width=\"1024\" height=\"613\" data-id=\"36486\" src=\"https:\/\/correiodoestado.audiencelabs.com.br\/wp-content\/uploads\/2026\/03\/14616_578027d7-1c38-2ab1-34a5-6da34edc128d-1024x613.webp\" alt=\"\" class=\"wp-image-36486\" srcset=\"https:\/\/correiodoestado.audiencelabs.com.br\/wp-content\/uploads\/2026\/03\/14616_578027d7-1c38-2ab1-34a5-6da34edc128d-1024x613.webp 1024w, https:\/\/correiodoestado.audiencelabs.com.br\/wp-content\/uploads\/2026\/03\/14616_578027d7-1c38-2ab1-34a5-6da34edc128d-300x179.webp 300w, https:\/\/correiodoestado.audiencelabs.com.br\/wp-content\/uploads\/2026\/03\/14616_578027d7-1c38-2ab1-34a5-6da34edc128d-768x459.webp 768w, https:\/\/correiodoestado.audiencelabs.com.br\/wp-content\/uploads\/2026\/03\/14616_578027d7-1c38-2ab1-34a5-6da34edc128d-750x449.webp 750w, https:\/\/correiodoestado.audiencelabs.com.br\/wp-content\/uploads\/2026\/03\/14616_578027d7-1c38-2ab1-34a5-6da34edc128d-1140x682.webp 1140w, https:\/\/correiodoestado.audiencelabs.com.br\/wp-content\/uploads\/2026\/03\/14616_578027d7-1c38-2ab1-34a5-6da34edc128d.webp 1170w\" sizes=\"auto, (max-width: 1024px) 100vw, 1024px\" \/><figcaption class=\"wp-element-caption\">Cr\u00e9ditos: Roni Moreira\/Ag\u00eancia Par\u00e1<\/figcaption><\/figure>\n<\/figure>\n\n\n\n<p>Outro levantamento, realizado pelo Laborat\u00f3rio de Modelagem de Tempo e Clima da Universidade Federal do Par\u00e1 com base em dados do Instituto Nacional de Meteorologia, indica que nesta d\u00e9cada a cidade registra, em m\u00e9dia, 164 dias por ano com temperaturas acima de 35,5 \u00b0C, patamar considerado de calor extremo.<\/p>\n\n\n\n<h2 class=\"wp-block-heading\">Popula\u00e7\u00e3o do Par\u00e1 sofre com o calor extremo<\/h2>\n\n\n\n<p>Essas condi\u00e7\u00f5es clim\u00e1ticas acabam agravando desafios sociais j\u00e1 existentes na Regi\u00e3o Norte do pa\u00eds. Segundo o \u00cdndice de Progresso Social (IPS), o Par\u00e1 aparece entre os estados brasileiros com os piores indicadores de qualidade de vida. Inclusive, diversas cidades do Norte figuram entre as avalia\u00e7\u00f5es mais baixas do Brasil, o que se torna uma preocupa\u00e7\u00e3o para as autoridades.<\/p>\n\n\n\n<p>No ranking, o estado registrou pontua\u00e7\u00e3o de 53,71, enquanto a capital Bel\u00e9m apresenta \u00edndice um pouco mais alto, de 62,33. O IPS mede fatores ligados ao bem-estar da popula\u00e7\u00e3o, como acesso a servi\u00e7os b\u00e1sicos, educa\u00e7\u00e3o, seguran\u00e7a e oportunidades, sem considerar diretamente a renda familiar.<\/p>\n","protected":false},"excerpt":{"rendered":"<p>A capital paraense tem enfrentado uma rotina marcada por temperaturas elevadas ao longo de grande parte do ano. Em Bel\u00e9m, a principal cidade do Par\u00e1, o calor extremo tem sido cada vez mais frequente, fen\u00f4meno associado por especialistas aos efeitos do Aquecimento Global e \u00e0s mudan\u00e7as ambientais observadas nas \u00faltimas d\u00e9cadas no Brasil e no [&hellip;]<\/p>\n","protected":false},"author":18,"featured_media":36485,"comment_status":"open","ping_status":"open","sticky":false,"template":"","format":"standard","meta":{"jnews-multi-image_gallery":[],"jnews_single_post":{"format":"standard"},"jnews_primary_category":[],"jnews_social_meta":[],"footnotes":""},"categories":[1],"tags":[],"class_list":["post-36474","post","type-post","status-publish","format-standard","has-post-thumbnail","hentry","category-mix"],"_links":{"self":[{"href":"https:\/\/correiodoestado.audiencelabs.com.br\/wp-json\/wp\/v2\/posts\/36474","targetHints":{"allow":["GET"]}}],"collection":[{"href":"https:\/\/correiodoestado.audiencelabs.com.br\/wp-json\/wp\/v2\/posts"}],"about":[{"href":"https:\/\/correiodoestado.audiencelabs.com.br\/wp-json\/wp\/v2\/types\/post"}],"author":[{"embeddable":true,"href":"https:\/\/correiodoestado.audiencelabs.com.br\/wp-json\/wp\/v2\/users\/18"}],"replies":[{"embeddable":true,"href":"https:\/\/correiodoestado.audiencelabs.com.br\/wp-json\/wp\/v2\/comments?post=36474"}],"version-history":[{"count":2,"href":"https:\/\/correiodoestado.audiencelabs.com.br\/wp-json\/wp\/v2\/posts\/36474\/revisions"}],"predecessor-version":[{"id":41818,"href":"https:\/\/correiodoestado.audiencelabs.com.br\/wp-json\/wp\/v2\/posts\/36474\/revisions\/41818"}],"wp:featuredmedia":[{"embeddable":true,"href":"https:\/\/correiodoestado.audiencelabs.com.br\/wp-json\/wp\/v2\/media\/36485"}],"wp:attachment":[{"href":"https:\/\/correiodoestado.audiencelabs.com.br\/wp-json\/wp\/v2\/media?parent=36474"}],"wp:term":[{"taxonomy":"category","embeddable":true,"href":"https:\/\/correiodoestado.audiencelabs.com.br\/wp-json\/wp\/v2\/categories?post=36474"},{"taxonomy":"post_tag","embeddable":true,"href":"https:\/\/correiodoestado.audiencelabs.com.br\/wp-json\/wp\/v2\/tags?post=36474"}],"curies":[{"name":"wp","href":"https:\/\/api.w.org\/{rel}","templated":true}]}}