{"id":36561,"date":"2026-03-14T17:15:00","date_gmt":"2026-03-14T20:15:00","guid":{"rendered":"https:\/\/correiodoestado.audiencelabs.com.br\/?p=36561"},"modified":"2026-03-12T10:24:09","modified_gmt":"2026-03-12T13:24:09","slug":"prefeitura-planeja-bloquear-o-bolsa-familia-de-quem-nao-quer-emprego-e-vive-em-situacao-de-rua","status":"publish","type":"post","link":"https:\/\/correiodoestado.audiencelabs.com.br\/prefeitura-planeja-bloquear-o-bolsa-familia-de-quem-nao-quer-emprego-e-vive-em-situacao-de-rua\/","title":{"rendered":"Prefeitura planeja bloquear o Bolsa Fam\u00edlia de quem n\u00e3o quer emprego e vive em situa\u00e7\u00e3o de rua"},"content":{"rendered":"\n<p>Na pr\u00e1tica, o <a href=\"https:\/\/correiodoestado.com.br\/mix\/?s=bolsa+fam%C3%ADlia#google_vignette\" target=\"_blank\" rel=\"noopener\">Bolsa Fam\u00edlia<\/a> tem a finalidade de garantir uma sobrevida \u00e0s pessoas em situa\u00e7\u00e3o de vulnerabilidade social, garantindo uma renda b\u00e1sica para suprir necessidades fundamentais. No entanto, Florian\u00f3polis estuda a possibilidade de bloquear o benef\u00edcio daqueles que vivem na rua, recusando-se a participar de programas de acolhimento e emprego. <\/p>\n\n\n\n<p>Por meio de nota publicada, a administra\u00e7\u00e3o municipal esclareceu que nenhum martelo foi batido sobre o assunto, mas que os di\u00e1logos est\u00e3o em fase de an\u00e1lise t\u00e9cnica e jur\u00eddica. Embora a postura tenha gerado questionamentos, o objetivo da prefeitura \u00e9 encontrar &#8220;alternativas dentro da legisla\u00e7\u00e3o vigente para fortalecer as pol\u00edticas p\u00fablicas de cuidado, prote\u00e7\u00e3o e reinser\u00e7\u00e3o social&#8221;.<\/p>\n\n\n\n<figure class=\"wp-block-image size-large\"><img loading=\"lazy\" decoding=\"async\" width=\"1024\" height=\"613\" src=\"https:\/\/correiodoestado.audiencelabs.com.br\/wp-content\/uploads\/2025\/10\/novo-cartao-bolsa-familia-2023-1024x613.webp\" alt=\"Bolsa Fam\u00edlia\" class=\"wp-image-14549\" srcset=\"https:\/\/correiodoestado.audiencelabs.com.br\/wp-content\/uploads\/2025\/10\/novo-cartao-bolsa-familia-2023-1024x613.webp 1024w, https:\/\/correiodoestado.audiencelabs.com.br\/wp-content\/uploads\/2025\/10\/novo-cartao-bolsa-familia-2023-300x179.webp 300w, https:\/\/correiodoestado.audiencelabs.com.br\/wp-content\/uploads\/2025\/10\/novo-cartao-bolsa-familia-2023-768x459.webp 768w, https:\/\/correiodoestado.audiencelabs.com.br\/wp-content\/uploads\/2025\/10\/novo-cartao-bolsa-familia-2023-750x449.webp 750w, https:\/\/correiodoestado.audiencelabs.com.br\/wp-content\/uploads\/2025\/10\/novo-cartao-bolsa-familia-2023-1140x682.webp 1140w, https:\/\/correiodoestado.audiencelabs.com.br\/wp-content\/uploads\/2025\/10\/novo-cartao-bolsa-familia-2023.webp 1170w\" sizes=\"auto, (max-width: 1024px) 100vw, 1024px\" \/><figcaption class=\"wp-element-caption\">Cr\u00e9ditos: Divulga\u00e7\u00e3o\/MDAS<\/figcaption><\/figure>\n\n\n\n<p>Segundo levantamento assinado pela cidade, entre mil e 1,3 mil pessoas vivem em situa\u00e7\u00e3o de rua na capital de Santa Catarina. Para que a opera\u00e7\u00e3o seja sacramentada, uma outra pesquisa tem sido feita pelo governo a fim de compreender quantos indiv\u00edduos desse grupo recebem o Bolsa Fam\u00edlia. A ideia \u00e9 realizar os cortes sem enfrentar san\u00e7\u00f5es futuras.<\/p>\n\n\n\n<h2 class=\"wp-block-heading\">O que \u00e9 o Bolsa Fam\u00edlia?<\/h2>\n\n\n\n<p>Criado ao final de 2003, por meio do presidente da Rep\u00fablica, Luiz In\u00e1cio Lula da Silva (PT), o Bolsa Fam\u00edlia tornou-se o maior programa de transfer\u00eancia de renda do pa\u00eds e da Am\u00e9rica Latina. Com valores mensais pagos \u00e0s pessoas que vivem em situa\u00e7\u00e3o de vulnerabilidade social, o aux\u00edlio busca integrar pol\u00edticas p\u00fablicas, dinamizando o acesso a direitos b\u00e1sicos como sa\u00fade, educa\u00e7\u00e3o e assist\u00eancia. <\/p>\n\n\n\n<p>Por outro lado, o programa tamb\u00e9m promove a dignidade e a cidadania das fam\u00edlias por meio da atua\u00e7\u00e3o em a\u00e7\u00f5es complementares articuladas com outras pol\u00edticas para a supera\u00e7\u00e3o da pobreza e transforma\u00e7\u00e3o social, tais como esporte, ci\u00eancia e trabalho. Para ter acesso aos valores pagos pelo Governo Federal, \u00e9 necess\u00e1rio que, no seio familiar, cada pessoa tenha renda mensal de no m\u00e1ximo R$ 218.<\/p>\n\n\n\n<p>Para solicitar o suporte financeiro, \u00e9 preciso estar inscrito no Cadastro \u00danico para Programas Sociais do Governo Federal (Cad\u00danico), com os dados corretos e atualizados. Sobretudo, esse cadastramento \u00e9 realizado em postos de atendimento da assist\u00eancia social dos munic\u00edpios, como os Centros de Refer\u00eancia de Assist\u00eancia Social (CRAS). No mais, \u00e9 importante apresentar o CPF ou o t\u00edtulo de eleitor.<br><\/p>\n","protected":false},"excerpt":{"rendered":"<p>Na pr\u00e1tica, o Bolsa Fam\u00edlia tem a finalidade de garantir uma sobrevida \u00e0s pessoas em situa\u00e7\u00e3o de vulnerabilidade social, garantindo uma renda b\u00e1sica para suprir necessidades fundamentais<\/p>\n","protected":false},"author":8,"featured_media":32777,"comment_status":"open","ping_status":"open","sticky":false,"template":"","format":"standard","meta":{"jnews-multi-image_gallery":[],"jnews_single_post":{"format":"standard"},"jnews_primary_category":[],"jnews_social_meta":[],"footnotes":""},"categories":[1],"tags":[],"class_list":["post-36561","post","type-post","status-publish","format-standard","has-post-thumbnail","hentry","category-mix"],"_links":{"self":[{"href":"https:\/\/correiodoestado.audiencelabs.com.br\/wp-json\/wp\/v2\/posts\/36561","targetHints":{"allow":["GET"]}}],"collection":[{"href":"https:\/\/correiodoestado.audiencelabs.com.br\/wp-json\/wp\/v2\/posts"}],"about":[{"href":"https:\/\/correiodoestado.audiencelabs.com.br\/wp-json\/wp\/v2\/types\/post"}],"author":[{"embeddable":true,"href":"https:\/\/correiodoestado.audiencelabs.com.br\/wp-json\/wp\/v2\/users\/8"}],"replies":[{"embeddable":true,"href":"https:\/\/correiodoestado.audiencelabs.com.br\/wp-json\/wp\/v2\/comments?post=36561"}],"version-history":[{"count":2,"href":"https:\/\/correiodoestado.audiencelabs.com.br\/wp-json\/wp\/v2\/posts\/36561\/revisions"}],"predecessor-version":[{"id":36793,"href":"https:\/\/correiodoestado.audiencelabs.com.br\/wp-json\/wp\/v2\/posts\/36561\/revisions\/36793"}],"wp:featuredmedia":[{"embeddable":true,"href":"https:\/\/correiodoestado.audiencelabs.com.br\/wp-json\/wp\/v2\/media\/32777"}],"wp:attachment":[{"href":"https:\/\/correiodoestado.audiencelabs.com.br\/wp-json\/wp\/v2\/media?parent=36561"}],"wp:term":[{"taxonomy":"category","embeddable":true,"href":"https:\/\/correiodoestado.audiencelabs.com.br\/wp-json\/wp\/v2\/categories?post=36561"},{"taxonomy":"post_tag","embeddable":true,"href":"https:\/\/correiodoestado.audiencelabs.com.br\/wp-json\/wp\/v2\/tags?post=36561"}],"curies":[{"name":"wp","href":"https:\/\/api.w.org\/{rel}","templated":true}]}}