{"id":36723,"date":"2026-03-13T19:20:00","date_gmt":"2026-03-13T22:20:00","guid":{"rendered":"https:\/\/correiodoestado.audiencelabs.com.br\/?p=36723"},"modified":"2026-03-13T11:37:55","modified_gmt":"2026-03-13T14:37:55","slug":"gusttavo-lima-abre-mao-de-cache-milionario-para-ajudar-complexo-oncologico-no-centro-oeste","status":"publish","type":"post","link":"https:\/\/correiodoestado.audiencelabs.com.br\/gusttavo-lima-abre-mao-de-cache-milionario-para-ajudar-complexo-oncologico-no-centro-oeste\/","title":{"rendered":"Gusttavo Lima abre m\u00e3o de cach\u00ea milion\u00e1rio para ajudar complexo oncol\u00f3gico no Centro-Oeste"},"content":{"rendered":"\n<p>Considerado um dos principais nomes da m\u00fasica sertaneja, <a href=\"https:\/\/correiodoestado.com.br\/mix\/enquanto-cache-de-wesley-safadao-e-r-800-mil-gusttavo-lima-ganha-ainda-mais-por-show\/\" target=\"_blank\" rel=\"noopener\">Gusttavo Lima<\/a>&nbsp;surpreendeu seus f\u00e3s ao tomar atitude emocionante. Anunciado como embaixador da Festa do Pe\u00e3o de Barretos, o cantor ir\u00e1 se apresentar em dois dias. Apesar de contar com um cach\u00ea de R$ 1 milh\u00e3o, o artista decidiu doar todo o valor arrecadado ao Complexo Oncol\u00f3gico de Refer\u00eancia do Estado de Goi\u00e1s.<\/p>\n\n\n\n<p>Presente pela terceira vez no evento, o compositor optou por dar um show nos palcos e fora dele. Nos dias 22 e 29 de agosto, Gusttavo promete reunir uma multid\u00e3o de f\u00e3s, enquanto realiza um dos atos mais humanit\u00e1rios poss\u00edveis. Todo o cach\u00ea recebido no maior rodeio da Am\u00e9rica Latina ser\u00e1 destinado ao primeiro hospital p\u00fablico da rede estadual focado no tratamento de c\u00e2ncer pedi\u00e1trico e de adultos jovens.<\/p>\n\n\n\n<figure class=\"wp-block-image size-full\"><img loading=\"lazy\" decoding=\"async\" width=\"828\" height=\"540\" src=\"https:\/\/correiodoestado.audiencelabs.com.br\/wp-content\/uploads\/2026\/03\/WhatsApp-Image-2026-03-12-at-17.33.01-e1773347637915.jpeg\" alt=\"\" class=\"wp-image-36724\" srcset=\"https:\/\/correiodoestado.audiencelabs.com.br\/wp-content\/uploads\/2026\/03\/WhatsApp-Image-2026-03-12-at-17.33.01-e1773347637915.jpeg 828w, https:\/\/correiodoestado.audiencelabs.com.br\/wp-content\/uploads\/2026\/03\/WhatsApp-Image-2026-03-12-at-17.33.01-e1773347637915-300x196.jpeg 300w, https:\/\/correiodoestado.audiencelabs.com.br\/wp-content\/uploads\/2026\/03\/WhatsApp-Image-2026-03-12-at-17.33.01-e1773347637915-768x501.jpeg 768w, https:\/\/correiodoestado.audiencelabs.com.br\/wp-content\/uploads\/2026\/03\/WhatsApp-Image-2026-03-12-at-17.33.01-e1773347637915-750x489.jpeg 750w\" sizes=\"auto, (max-width: 828px) 100vw, 828px\" \/><figcaption class=\"wp-element-caption\">Cr\u00e9ditos: Reprodu\u00e7\u00e3o\/Instagram\/@gusttavolima<\/figcaption><\/figure>\n\n\n\n<p>Aos interessados em assistir ao show e contribuir para a causa nobre, a venda geral de ingressos para a festa ser\u00e1 evidenciada entre 20 e 30 de agosto, com a libera\u00e7\u00e3o no dia 19 de mar\u00e7o. Na an\u00e1lise dos organizadores do evento, as performances do cantor devem ganhar ainda mais destaque, j\u00e1 que, al\u00e9m de ter sido coroado como o embaixador da Festa do Pe\u00e3o de Barretos, promover\u00e1 doa\u00e7\u00f5es a quem mais precisa.<\/p>\n\n\n<style>@media (min-width: 992px) {\n    .recomendadorV2Area1 {\n        width: 280px;\n    }\n    .recomendadorV2Area2 {\n        padding: 0px 20px;\n        width: calc(100% - 280px);\n    }\n}\n\n@media (max-width: 992px) {\n    .recomendadorV2Button {\n        margin: 0 auto;\n    }\n    .recomendadorV2Area {\n        flex-direction: column;\n        text-align: center;\n    }\n    .recomendadorV2Area2 {\n        padding: 0px 20px;\n    }\n}\n\n.recomendadorV2Area {\n    background: #eeeeee3d;\n    border-radius: 10px;\n    padding: 15px;\n    display: flex;\n    margin: 15px auto;\n    border: 1px solid #00000014;\n    max-width: 800px;\n}\n\n.recomendadorV2Area1 img {\n    width: 280px;\n    height: auto;\n    border-radius: 8px;\n}\n\n.linkrecomendadorv2 {\n    text-decoration: none !important;\n}\n\n.recomendadorV2Area2 .recomendadorV2Type {\n    text-transform: uppercase;\n    font-weight: 500;\n    font-size: 11px;\n    letter-spacing: 2px;\n    color: #666;\n    margin: 12px 0;\n    display: block;\n}\n\n.recomendadorV2Title h2 {\n    padding-top: 0px !important;\n    margin: 0px !important;\n    border-left: none !important;\n    padding-left: 0px !important;\n    line-height: 1.3;\n    color: #000 !important;\n    font-size: 24px;\n    margin-bottom: 12px !important;\n}\n\n.recomendadorV2Desc {\n    color: #333;\n    margin: 12px 0px !important;\n    font-size: 15px;\n    line-height: 1.5;\n}\n\n.recomendadorV2Button {\n    width: auto;\n    max-width: 200px;\n    margin: 0;\n    display: inline-flex;\n    align-items: center;\n    background: #1D3557;\n    border-radius: 8px;\n    color: #fff;\n    height: 36px;\n    justify-content: center;\n    text-align: center;\n    font-size: 14px;\n    padding: 0 20px;\n    transition: background-color 0.2s ease;\n}\n\n.recomendadorV2Button:hover {\n    background: #2a4d7a;\n}\n\n.recomendadorV2Button:after {\n    margin-top: -2px;\n    content: \"\u2192\";\n    padding: 0px 0px 0px 8px;\n}\n\n.recomendadorV2Alert {\n    text-align: left;\n    font-size: 11px;\n    margin-top: 8px;\n    color: #666;\n}\n\n.recomendadorFixedArea {\n    width: 100%;\n    display: flex;\n    justify-content: center;\n    align-items: center;\n}\n\n@media (min-width: 992px) {\n    #recomendadorFixed {\n        width: 32% !important;\n        left: 5%;\n    }\n    .recomendadorCloseFixed{\n        right: inherit !important;\n        left: 378px !important;\n    }\n}\n\n#recomendadorFixed {\n    width: 90%;\n    box-shadow: 0 10px 20px 0px #00000057;\n    display: none;\n    height: 90px;\n    background: #F6F6F6;\n    position: fixed;\n    flex-direction: row;\n    bottom: 10px;\n    z-index: 9999;\n    border-radius: 16px;\n    padding: 7px 10px;\n}\n\n.recomendadorLeftArea {\n    width: 160px;\n}\n\n.recomendadorRightArea h2 {\n    padding-top: 0px;\n    margin: 2px 0px 4px 0px !important;\n    font-weight: 400;\n    text-align: center;\n    padding-left: 0px !important;\n    color: #000 !important;\n    border-left: none !important;\n    line-height: 20px;\n    font-size: 12px !important;\n}\n\n.recomendadorImgFixed {\n    overflow: hidden;\n    padding: 8px 6px;\n    height: 100%;\n}\n\n.recomendadorImgFixed img {\n    height: 100% !important;\n    border-radius: 16px;\n}\n\n.recomendadorRightArea {\n    padding-top: 6px;\n    display: flex;\n    width: calc(100% - 130px);\n    justify-content: space-between;\n    align-items: center;\n    flex-direction: column;\n}\n\n.recomendadorButtonFixed {\n    margin: 0 auto;\n    background: #1D3557;\n    width: 80%;\n    text-align: center;\n    font-size: 10px;\n    color: #FFF;\n    padding: 2px 10px;\n    border-radius: 3px;\n}\n\n.recomendadorButtonFixed:after {\n    margin-top: -3px;\n    content: \"\u2192\";\n    padding: 0px 0px 0px 10px;\n}\n\n.recomendadorAlertFixed {\n    font-weight: 400;\n    text-align: center;\n    color: #484848;\n    font-size: 8px;\n}\n\n.recomendadorCloseFixed {\n    z-index: 99999;\n    display: none;\n    right: 0px;\n    left: inherit;\n    bottom: 99px;\n    position: fixed;\n    justify-content: center;\n    background: #F6F6F6;\n    width: 25px;\n    align-items: center;\n    height: 25px;\n    font-weight: 800;\n    border-radius: 50%;\n    border: 1px solid #EBEBEB;\n}\n\n.recomendadorV2Desc{\n    color: #000000;\n    margin: 20px 0px;\n}\n\n@media (max-width: 576px) {\n    .recomendadorV2Area {\n      padding: 10px;\n      max-width: 100%;\n    }\n  \n    .recomendadorV2Area1 img {\n      width: 100%;\n      border-radius: 6px;\n    }\n  \n    .recomendadorV2Area2 .recomendadorV2Type {\n      font-size: 9px;\n      letter-spacing: 1px;\n      margin: 8px 0;\n    }\n  \n    .recomendadorV2Title h2 {\n      font-size: 18px !important;\n      margin-bottom: 8px !important;\n      line-height: 1.2;\n    }\n  \n    .recomendadorV2Desc {\n      font-size: 14px;\n      margin: 8px 0 !important;\n      line-height: 1.4;\n    }\n  \n    .recomendadorV2Button {\n      font-size: 12px;\n      height: 30px;\n      padding: 0 12px;\n      max-width: 160px;\n    }\n  \n    .recomendadorV2Button:after {\n      padding-left: 6px;\n    }\n  }\n  <\/style>\n        <div class=\"lazyblock-recomendador-v2-2jDGz wp-block-lazyblock-recomendador-v2\">\n        <a class=\"linkrecomendadorv2\" href=\"https:\/\/correiodoestado.com.br\/mix\/governo-do-estado-encaminha-emprestimo-de-quase-r-1-bilhao-com-o-banco-do-brasil-para-conseguir-realizar-obras\/?utm_source=lazy\" target=\"_blank\" rel=\"noopener\">\n            <div class=\"recomendadorV2Area\">\n            <div class=\"recomendadorV2Area1\">\n                <div class=\"recomendadorV2Img\">\n                <img class=\"lazyloaded\" decoding=\"async\" src=\"https:\/\/correiodoestado.com.br\/mix\/wp-content\/uploads\/2025\/10\/banco-do-brasil_mcamgo_abr_280620211818-3-1140x570.jpg\" data-src=\"https:\/\/correiodoestado.com.br\/mix\/wp-content\/uploads\/2025\/10\/banco-do-brasil_mcamgo_abr_280620211818-3-1140x570.jpg\" alt=\"\">\n                <\/div>\n            <\/div>\n            <div class=\"recomendadorV2Area2\">\n                <div class=\"recomendadorV2Type\">\n                    <span>Empr\u00e9stimo bilion\u00e1rio<\/span>\n                <\/div>\n                <div class=\"recomendadorV2Title\">\n                <h2><span>Obras \u00e0 vista \ud83c\udfd7\ufe0f<\/span><\/h2>\n                <\/div>\n                <div class=\"recomendadorV2Desc\">\n                <span>Estado busca R$1 bi no Banco do Brasil<\/span>\n                <\/div>\n                <div class=\"recomendadorV2Button\">Entenda plano<\/div>\n                <div class=\"recomendadorV2Alert\"><\/div>\n            <\/div>\n            <\/div>\n        <\/a>\n        <div>\n            <div style=\"z-index:99999;\" id=\"buttonClose\" onclick=\"closeRecomendadorFixed()\">\n            <div class=\"recomendadorCloseFixed\">X<\/div>\n            <\/div>\n            <a href=\"https:\/\/correiodoestado.com.br\/mix\/governo-do-estado-encaminha-emprestimo-de-quase-r-1-bilhao-com-o-banco-do-brasil-para-conseguir-realizar-obras\/?utm_source=lazy\" target=\"_blank\" rel=\"noopener\">\n            <div class=\"recomendadorFixedArea\">\n                <div id=\"recomendadorFixed\">\n                <div class=\"recomendadorLeftArea\">\n                    <div class=\"recomendadorImgFixed\">\n                    <img class=\"lazyload\" decoding=\"async\" src=\"https:\/\/correiodoestado.com.br\/mix\/wp-content\/uploads\/2025\/10\/banco-do-brasil_mcamgo_abr_280620211818-3-1140x570.jpg\" alt=\"\">\n                    <\/div>\n                <\/div>\n                <div class=\"recomendadorRightArea\">\n                    <div class=\"recomendadorTitleFixed\">\n                    <h2><span>Obras \u00e0 vista \ud83c\udfd7\ufe0f<\/span><\/h2>\n                    <\/div>\n                    <div class=\"recomendadorButtonFixed\">Entenda plano<\/div>\n                    <div class=\"recomendadorAlertFixed\"><\/div>\n                <\/div>\n                <\/div>\n            <\/div>\n            <\/a>\n        <\/div>\n        <\/div>\n\n\n\n<h2 class=\"wp-block-heading\">A\u00e7\u00f5es de Gusttavo Lima nos bastidores chamam aten\u00e7\u00e3o<\/h2>\n\n\n\n<p>Embora essa coopera\u00e7\u00e3o com o Complexo Oncol\u00f3gico de Refer\u00eancia do Estado de Goi\u00e1s tenha sido enaltecida por f\u00e3s e simpatizantes do artista, n\u00e3o \u00e9 a primeira vez que Gusttavo Lima prioriza seu lado humano. A t\u00edtulo de curiosidade, o cantor, frequentemente, apoia institui\u00e7\u00f5es de sa\u00fade, como a doa\u00e7\u00e3o de R$ 400 mil que realizou para o Hospital Cora, refer\u00eancia em oncologia infantil.<\/p>\n\n\n\n<p>J\u00e1 no ano de 2024, promoveu o 2\u00ba Leil\u00e3o do Hospital Ara\u00fajo Jorge, doando um viol\u00e3o autografado para que pudesse arrecadar fundos. De modo geral, esse comprometimento em ajudar aqueles que mais precisam \u00e9 apenas um reflexo do grande profissional que sobe aos palcos e arrasta uma multid\u00e3o em todas as performances.<\/p>\n","protected":false},"excerpt":{"rendered":"<p>Considerado um dos principais nomes da m\u00fasica sertaneja, Gusttavo Lima surpreendeu seus f\u00e3s ao tomar atitude emocionante. Entenda o caso;<\/p>\n","protected":false},"author":8,"featured_media":36725,"comment_status":"open","ping_status":"open","sticky":false,"template":"","format":"standard","meta":{"jnews-multi-image_gallery":[],"jnews_single_post":{"format":"standard"},"jnews_primary_category":[],"jnews_social_meta":[],"footnotes":""},"categories":[1],"tags":[],"class_list":["post-36723","post","type-post","status-publish","format-standard","has-post-thumbnail","hentry","category-mix"],"_links":{"self":[{"href":"https:\/\/correiodoestado.audiencelabs.com.br\/wp-json\/wp\/v2\/posts\/36723","targetHints":{"allow":["GET"]}}],"collection":[{"href":"https:\/\/correiodoestado.audiencelabs.com.br\/wp-json\/wp\/v2\/posts"}],"about":[{"href":"https:\/\/correiodoestado.audiencelabs.com.br\/wp-json\/wp\/v2\/types\/post"}],"author":[{"embeddable":true,"href":"https:\/\/correiodoestado.audiencelabs.com.br\/wp-json\/wp\/v2\/users\/8"}],"replies":[{"embeddable":true,"href":"https:\/\/correiodoestado.audiencelabs.com.br\/wp-json\/wp\/v2\/comments?post=36723"}],"version-history":[{"count":2,"href":"https:\/\/correiodoestado.audiencelabs.com.br\/wp-json\/wp\/v2\/posts\/36723\/revisions"}],"predecessor-version":[{"id":36859,"href":"https:\/\/correiodoestado.audiencelabs.com.br\/wp-json\/wp\/v2\/posts\/36723\/revisions\/36859"}],"wp:featuredmedia":[{"embeddable":true,"href":"https:\/\/correiodoestado.audiencelabs.com.br\/wp-json\/wp\/v2\/media\/36725"}],"wp:attachment":[{"href":"https:\/\/correiodoestado.audiencelabs.com.br\/wp-json\/wp\/v2\/media?parent=36723"}],"wp:term":[{"taxonomy":"category","embeddable":true,"href":"https:\/\/correiodoestado.audiencelabs.com.br\/wp-json\/wp\/v2\/categories?post=36723"},{"taxonomy":"post_tag","embeddable":true,"href":"https:\/\/correiodoestado.audiencelabs.com.br\/wp-json\/wp\/v2\/tags?post=36723"}],"curies":[{"name":"wp","href":"https:\/\/api.w.org\/{rel}","templated":true}]}}