{"id":36944,"date":"2026-03-21T04:45:00","date_gmt":"2026-03-21T07:45:00","guid":{"rendered":"https:\/\/correiodoestado.audiencelabs.com.br\/?p=36944"},"modified":"2026-03-16T12:52:05","modified_gmt":"2026-03-16T15:52:05","slug":"convencao-coletiva-estabelece-multa-pesada-para-supermercados-que-abrirem-aos-domingos-de-marco-neste-estado","status":"publish","type":"post","link":"https:\/\/correiodoestado.audiencelabs.com.br\/convencao-coletiva-estabelece-multa-pesada-para-supermercados-que-abrirem-aos-domingos-de-marco-neste-estado\/","title":{"rendered":"Conven\u00e7\u00e3o coletiva estabelece multa pesada para supermercados que abrirem aos domingos de mar\u00e7o neste estado"},"content":{"rendered":"\n<p>Uma nova regra passou a impactar o funcionamento de supermercados e outros estabelecimentos do setor aliment\u00edcio no Esp\u00edrito Santo. Desde 1\u00ba de mar\u00e7o de 2026, uma conven\u00e7\u00e3o coletiva estabeleceu restri\u00e7\u00f5es ao trabalho de funcion\u00e1rios aos domingos, o que na pr\u00e1tica pode impedir a abertura de diversos com\u00e9rcios nesse dia. <\/p>\n\n\n\n<p>A medida foi definida em acordo firmado entre a Federa\u00e7\u00e3o do Com\u00e9rcio de Bens, Servi\u00e7os e Turismo do Esp\u00edrito Santo e o Sindicato dos Comerci\u00e1rios do Esp\u00edrito Santo. Pela nova norma, empregados desses estabelecimentos n\u00e3o podem trabalhar aos domingos durante o per\u00edodo de vig\u00eancia da conven\u00e7\u00e3o coletiva. Caso a regra seja descumprida, as empresas ficam sujeitas a penalidades financeiras. <\/p>\n\n\n\n<figure class=\"wp-block-gallery has-nested-images columns-default is-cropped wp-block-gallery-1 is-layout-flex wp-block-gallery-is-layout-flex\">\n<figure class=\"wp-block-image size-large\"><img loading=\"lazy\" decoding=\"async\" width=\"1024\" height=\"613\" data-id=\"35193\" src=\"https:\/\/correiodoestado.audiencelabs.com.br\/wp-content\/uploads\/2026\/03\/supermercado_velho-1024x613.webp\" alt=\"\" class=\"wp-image-35193\" srcset=\"https:\/\/correiodoestado.audiencelabs.com.br\/wp-content\/uploads\/2026\/03\/supermercado_velho-1024x613.webp 1024w, https:\/\/correiodoestado.audiencelabs.com.br\/wp-content\/uploads\/2026\/03\/supermercado_velho-300x179.webp 300w, https:\/\/correiodoestado.audiencelabs.com.br\/wp-content\/uploads\/2026\/03\/supermercado_velho-768x459.webp 768w, https:\/\/correiodoestado.audiencelabs.com.br\/wp-content\/uploads\/2026\/03\/supermercado_velho-750x449.webp 750w, https:\/\/correiodoestado.audiencelabs.com.br\/wp-content\/uploads\/2026\/03\/supermercado_velho-1140x682.webp 1140w, https:\/\/correiodoestado.audiencelabs.com.br\/wp-content\/uploads\/2026\/03\/supermercado_velho.webp 1170w\" sizes=\"auto, (max-width: 1024px) 100vw, 1024px\" \/><figcaption class=\"wp-element-caption\">Cr\u00e9ditos: Arquivo\/Ag\u00eancia Brasil <\/figcaption><\/figure>\n<\/figure>\n\n\n\n<p>A multa prevista corresponde ao valor do sal\u00e1rio de cada trabalhador que estiver atuando de forma irregular nesse dia, o que pode gerar custos elevados para os estabelecimentos que n\u00e3o seguirem o acordo. Al\u00e9m da penalidade financeira, o documento tamb\u00e9m prev\u00ea pagamento das horas trabalhadas com adicionais mais altos, aumentando ainda mais o impacto para as empresas que ignorarem a restri\u00e7\u00e3o. <\/p>\n\n\n\n<h2 class=\"wp-block-heading\">Supermercados do Esp\u00edrito Santo est\u00e3o fechados aos domingos<\/h2>\n\n\n\n<p>O mecanismo funciona como forma de pressionar economicamente os empregadores a respeitarem o descanso semanal dos trabalhadores do setor. A regra n\u00e3o se limita apenas a supermercados tradicionais. O texto da conven\u00e7\u00e3o tamb\u00e9m inclui hipermercados, autosservi\u00e7os, atacarejos, mercearias, hortifrutigranjeiros e atacadistas de g\u00eaneros aliment\u00edcios. Empresas do com\u00e9rcio varejista de material de constru\u00e7\u00e3o tamb\u00e9m fazem parte do acordo.<\/p>\n\n\n\n<p>Apesar da proibi\u00e7\u00e3o geral, o acordo prev\u00ea algumas exce\u00e7\u00f5es espec\u00edficas. Atividades internas como invent\u00e1rios, balan\u00e7os e reorganiza\u00e7\u00f5es podem ocorrer em at\u00e9 quatro domingos por ano. Tamb\u00e9m s\u00e3o permitidos servi\u00e7os considerados essenciais, como manuten\u00e7\u00e3o predial, obras e vigil\u00e2ncia patrimonial. A conven\u00e7\u00e3o permanecer\u00e1 v\u00e1lida at\u00e9 31 de outubro de 2026, quando as entidades dever\u00e3o iniciar novas negocia\u00e7\u00f5es para avaliar poss\u00edveis ajustes na regra.<\/p>\n","protected":false},"excerpt":{"rendered":"<p>Uma nova regra passou a impactar o funcionamento de supermercados e outros estabelecimentos do setor aliment\u00edcio no Esp\u00edrito Santo. Desde 1\u00ba de mar\u00e7o de 2026, uma conven\u00e7\u00e3o coletiva estabeleceu restri\u00e7\u00f5es ao trabalho de funcion\u00e1rios aos domingos, o que na pr\u00e1tica pode impedir a abertura de diversos com\u00e9rcios nesse dia. A medida foi definida em acordo [&hellip;]<\/p>\n","protected":false},"author":18,"featured_media":36945,"comment_status":"open","ping_status":"open","sticky":false,"template":"","format":"standard","meta":{"jnews-multi-image_gallery":[],"jnews_single_post":{"format":"standard"},"jnews_primary_category":[],"jnews_social_meta":[],"footnotes":""},"categories":[1],"tags":[],"class_list":["post-36944","post","type-post","status-publish","format-standard","has-post-thumbnail","hentry","category-mix"],"_links":{"self":[{"href":"https:\/\/correiodoestado.audiencelabs.com.br\/wp-json\/wp\/v2\/posts\/36944","targetHints":{"allow":["GET"]}}],"collection":[{"href":"https:\/\/correiodoestado.audiencelabs.com.br\/wp-json\/wp\/v2\/posts"}],"about":[{"href":"https:\/\/correiodoestado.audiencelabs.com.br\/wp-json\/wp\/v2\/types\/post"}],"author":[{"embeddable":true,"href":"https:\/\/correiodoestado.audiencelabs.com.br\/wp-json\/wp\/v2\/users\/18"}],"replies":[{"embeddable":true,"href":"https:\/\/correiodoestado.audiencelabs.com.br\/wp-json\/wp\/v2\/comments?post=36944"}],"version-history":[{"count":2,"href":"https:\/\/correiodoestado.audiencelabs.com.br\/wp-json\/wp\/v2\/posts\/36944\/revisions"}],"predecessor-version":[{"id":37262,"href":"https:\/\/correiodoestado.audiencelabs.com.br\/wp-json\/wp\/v2\/posts\/36944\/revisions\/37262"}],"wp:featuredmedia":[{"embeddable":true,"href":"https:\/\/correiodoestado.audiencelabs.com.br\/wp-json\/wp\/v2\/media\/36945"}],"wp:attachment":[{"href":"https:\/\/correiodoestado.audiencelabs.com.br\/wp-json\/wp\/v2\/media?parent=36944"}],"wp:term":[{"taxonomy":"category","embeddable":true,"href":"https:\/\/correiodoestado.audiencelabs.com.br\/wp-json\/wp\/v2\/categories?post=36944"},{"taxonomy":"post_tag","embeddable":true,"href":"https:\/\/correiodoestado.audiencelabs.com.br\/wp-json\/wp\/v2\/tags?post=36944"}],"curies":[{"name":"wp","href":"https:\/\/api.w.org\/{rel}","templated":true}]}}