{"id":36958,"date":"2026-03-16T19:20:00","date_gmt":"2026-03-16T22:20:00","guid":{"rendered":"https:\/\/correiodoestado.audiencelabs.com.br\/?p=36958"},"modified":"2026-03-17T11:36:21","modified_gmt":"2026-03-17T14:36:21","slug":"donald-trump-e-surpreendido-apos-3-aliados-negarem-reforco-militar-e-pode-apelar-para-a-china","status":"publish","type":"post","link":"https:\/\/correiodoestado.audiencelabs.com.br\/donald-trump-e-surpreendido-apos-3-aliados-negarem-reforco-militar-e-pode-apelar-para-a-china\/","title":{"rendered":"Donald Trump \u00e9 surpreendido ap\u00f3s 3 aliados negarem refor\u00e7o militar e pode apelar para a China"},"content":{"rendered":"\n<p>Diante das \u00faltimas semanas, os <a href=\"https:\/\/correiodoestado.com.br\/mix\/receita-federal-e-liberada-para-confiscar-imoveis-veiculos-e-dinheiro-de-quem-ignorar-este-aviso-nos-estados-unidos\/\" target=\"_blank\" rel=\"noopener\">Estados Unidos<\/a> ocuparam o centro das aten\u00e7\u00f5es por colocar em evid\u00eancia um conflito b\u00e9lico contra o Ir\u00e3. Sem previs\u00e3o para que o entrave tenha um final, o presidente norte-americano, Donald Trump, solicitou envios de navios militares ao Estreito de Ormuz. No entanto, Alemanha, It\u00e1lia e Gr\u00e9cia recusaram o pedido do republicano.<\/p>\n\n\n\n<p>Neste domingo (15), o presidente estadunidense afirmou ter exigido que cerca de sete na\u00e7\u00f5es enviassem navios de guerra para manter a abertura, mas que os apelos ainda n\u00e3o haviam surtido efeito. Com os pa\u00edses europeus mostrando-se contra a solicita\u00e7\u00e3o, \u00e9 poss\u00edvel que um novo aliado ganhe for\u00e7as. Isso porque o secret\u00e1rio de Energia dos EUA, Chris Wright, revelou contatos com a China.<\/p>\n\n\n\n<figure class=\"wp-block-image size-large\"><img loading=\"lazy\" decoding=\"async\" width=\"1024\" height=\"683\" src=\"https:\/\/correiodoestado.audiencelabs.com.br\/wp-content\/uploads\/2026\/01\/P20251215DT-0291_d7c528-1024x683.webp\" alt=\"Estados Unidos - Donald Trump\" class=\"wp-image-27687\" srcset=\"https:\/\/correiodoestado.audiencelabs.com.br\/wp-content\/uploads\/2026\/01\/P20251215DT-0291_d7c528-1024x683.webp 1024w, https:\/\/correiodoestado.audiencelabs.com.br\/wp-content\/uploads\/2026\/01\/P20251215DT-0291_d7c528-300x200.webp 300w, https:\/\/correiodoestado.audiencelabs.com.br\/wp-content\/uploads\/2026\/01\/P20251215DT-0291_d7c528-768x512.webp 768w, https:\/\/correiodoestado.audiencelabs.com.br\/wp-content\/uploads\/2026\/01\/P20251215DT-0291_d7c528-750x500.webp 750w, https:\/\/correiodoestado.audiencelabs.com.br\/wp-content\/uploads\/2026\/01\/P20251215DT-0291_d7c528-1140x760.webp 1140w, https:\/\/correiodoestado.audiencelabs.com.br\/wp-content\/uploads\/2026\/01\/P20251215DT-0291_d7c528.webp 1200w\" sizes=\"auto, (max-width: 1024px) 100vw, 1024px\" \/><figcaption class=\"wp-element-caption\">Cr\u00e9ditos: Divulga\u00e7\u00e3o\/Casa Branca<\/figcaption><\/figure>\n\n\n\n<p>Na pr\u00e1tica, o pa\u00eds norte-americano entende que a na\u00e7\u00e3o asi\u00e1tica tem grande influ\u00eancia diplom\u00e1tica. Dessa forma, a ideia \u00e9 formalizar uma &#8220;parceria construtiva&#8221; para reabrir o estreito, por onde normalmente passa um quinto das exporta\u00e7\u00f5es mundiais de petr\u00f3leo. As informa\u00e7\u00f5es foram confirmadas pelo secret\u00e1rio, em entrevista cedida \u00e0 <em>NBC<\/em>.<\/p>\n\n\n<style>@media (min-width: 992px) {\n    .recomendadorV2Area1 {\n        width: 280px;\n    }\n    .recomendadorV2Area2 {\n        padding: 0px 20px;\n        width: calc(100% - 280px);\n    }\n}\n\n@media (max-width: 992px) {\n    .recomendadorV2Button {\n        margin: 0 auto;\n    }\n    .recomendadorV2Area {\n        flex-direction: column;\n        text-align: center;\n    }\n    .recomendadorV2Area2 {\n        padding: 0px 20px;\n    }\n}\n\n.recomendadorV2Area {\n    background: #eeeeee3d;\n    border-radius: 10px;\n    padding: 15px;\n    display: flex;\n    margin: 15px auto;\n    border: 1px solid #00000014;\n    max-width: 800px;\n}\n\n.recomendadorV2Area1 img {\n    width: 280px;\n    height: auto;\n    border-radius: 8px;\n}\n\n.linkrecomendadorv2 {\n    text-decoration: none !important;\n}\n\n.recomendadorV2Area2 .recomendadorV2Type {\n    text-transform: uppercase;\n    font-weight: 500;\n    font-size: 11px;\n    letter-spacing: 2px;\n    color: #666;\n    margin: 12px 0;\n    display: block;\n}\n\n.recomendadorV2Title h2 {\n    padding-top: 0px !important;\n    margin: 0px !important;\n    border-left: none !important;\n    padding-left: 0px !important;\n    line-height: 1.3;\n    color: #000 !important;\n    font-size: 24px;\n    margin-bottom: 12px !important;\n}\n\n.recomendadorV2Desc {\n    color: #333;\n    margin: 12px 0px !important;\n    font-size: 15px;\n    line-height: 1.5;\n}\n\n.recomendadorV2Button {\n    width: auto;\n    max-width: 200px;\n    margin: 0;\n    display: inline-flex;\n    align-items: center;\n    background: #1D3557;\n    border-radius: 8px;\n    color: #fff;\n    height: 36px;\n    justify-content: center;\n    text-align: center;\n    font-size: 14px;\n    padding: 0 20px;\n    transition: background-color 0.2s ease;\n}\n\n.recomendadorV2Button:hover {\n    background: #2a4d7a;\n}\n\n.recomendadorV2Button:after {\n    margin-top: -2px;\n    content: \"\u2192\";\n    padding: 0px 0px 0px 8px;\n}\n\n.recomendadorV2Alert {\n    text-align: left;\n    font-size: 11px;\n    margin-top: 8px;\n    color: #666;\n}\n\n.recomendadorFixedArea {\n    width: 100%;\n    display: flex;\n    justify-content: center;\n    align-items: center;\n}\n\n@media (min-width: 992px) {\n    #recomendadorFixed {\n        width: 32% !important;\n        left: 5%;\n    }\n    .recomendadorCloseFixed{\n        right: inherit !important;\n        left: 378px !important;\n    }\n}\n\n#recomendadorFixed {\n    width: 90%;\n    box-shadow: 0 10px 20px 0px #00000057;\n    display: none;\n    height: 90px;\n    background: #F6F6F6;\n    position: fixed;\n    flex-direction: row;\n    bottom: 10px;\n    z-index: 9999;\n    border-radius: 16px;\n    padding: 7px 10px;\n}\n\n.recomendadorLeftArea {\n    width: 160px;\n}\n\n.recomendadorRightArea h2 {\n    padding-top: 0px;\n    margin: 2px 0px 4px 0px !important;\n    font-weight: 400;\n    text-align: center;\n    padding-left: 0px !important;\n    color: #000 !important;\n    border-left: none !important;\n    line-height: 20px;\n    font-size: 12px !important;\n}\n\n.recomendadorImgFixed {\n    overflow: hidden;\n    padding: 8px 6px;\n    height: 100%;\n}\n\n.recomendadorImgFixed img {\n    height: 100% !important;\n    border-radius: 16px;\n}\n\n.recomendadorRightArea {\n    padding-top: 6px;\n    display: flex;\n    width: calc(100% - 130px);\n    justify-content: space-between;\n    align-items: center;\n    flex-direction: column;\n}\n\n.recomendadorButtonFixed {\n    margin: 0 auto;\n    background: #1D3557;\n    width: 80%;\n    text-align: center;\n    font-size: 10px;\n    color: #FFF;\n    padding: 2px 10px;\n    border-radius: 3px;\n}\n\n.recomendadorButtonFixed:after {\n    margin-top: -3px;\n    content: \"\u2192\";\n    padding: 0px 0px 0px 10px;\n}\n\n.recomendadorAlertFixed {\n    font-weight: 400;\n    text-align: center;\n    color: #484848;\n    font-size: 8px;\n}\n\n.recomendadorCloseFixed {\n    z-index: 99999;\n    display: none;\n    right: 0px;\n    left: inherit;\n    bottom: 99px;\n    position: fixed;\n    justify-content: center;\n    background: #F6F6F6;\n    width: 25px;\n    align-items: center;\n    height: 25px;\n    font-weight: 800;\n    border-radius: 50%;\n    border: 1px solid #EBEBEB;\n}\n\n.recomendadorV2Desc{\n    color: #000000;\n    margin: 20px 0px;\n}\n\n@media (max-width: 576px) {\n    .recomendadorV2Area {\n      padding: 10px;\n      max-width: 100%;\n    }\n  \n    .recomendadorV2Area1 img {\n      width: 100%;\n      border-radius: 6px;\n    }\n  \n    .recomendadorV2Area2 .recomendadorV2Type {\n      font-size: 9px;\n      letter-spacing: 1px;\n      margin: 8px 0;\n    }\n  \n    .recomendadorV2Title h2 {\n      font-size: 18px !important;\n      margin-bottom: 8px !important;\n      line-height: 1.2;\n    }\n  \n    .recomendadorV2Desc {\n      font-size: 14px;\n      margin: 8px 0 !important;\n      line-height: 1.4;\n    }\n  \n    .recomendadorV2Button {\n      font-size: 12px;\n      height: 30px;\n      padding: 0 12px;\n      max-width: 160px;\n    }\n  \n    .recomendadorV2Button:after {\n      padding-left: 6px;\n    }\n  }\n  <\/style>\n        <div class=\"lazyblock-recomendador-v2-2jDGz wp-block-lazyblock-recomendador-v2\">\n        <a class=\"linkrecomendadorv2\" href=\"https:\/\/correiodoestado.com.br\/mix\/novo-trem-que-viaja-a-200-km-h-vai-ligar-pais-da-america-latina-a-divisa-com-os-estados-unidos\/?utm_source=lazy\" target=\"_blank\" rel=\"noopener\">\n            <div class=\"recomendadorV2Area\">\n            <div class=\"recomendadorV2Area1\">\n                <div class=\"recomendadorV2Img\">\n                <img class=\"lazyloaded\" decoding=\"async\" src=\"https:\/\/correiodoestado.com.br\/mix\/wp-content\/uploads\/2026\/03\/tren-del-norte-mexico-TAQPR2SRBVFD7N4PMV72BT5L5A.jpg\" data-src=\"https:\/\/correiodoestado.com.br\/mix\/wp-content\/uploads\/2026\/03\/tren-del-norte-mexico-TAQPR2SRBVFD7N4PMV72BT5L5A.jpg\" alt=\"\">\n                <\/div>\n            <\/div>\n            <div class=\"recomendadorV2Area2\">\n                <div class=\"recomendadorV2Type\">\n                    <span>Novo trem<\/span>\n                <\/div>\n                <div class=\"recomendadorV2Title\">\n                <h2><span>Liga\u00e7\u00e3o internacional \ud83d\ude84<\/span><\/h2>\n                <\/div>\n                <div class=\"recomendadorV2Desc\">\n                <span>Projeto liga M\u00e9xico aos EUA em alta velocidade<\/span>\n                <\/div>\n                <div class=\"recomendadorV2Button\">Ver detalhes<\/div>\n                <div class=\"recomendadorV2Alert\"><\/div>\n            <\/div>\n            <\/div>\n        <\/a>\n        <div>\n            <div style=\"z-index:99999;\" id=\"buttonClose\" onclick=\"closeRecomendadorFixed()\">\n            <div class=\"recomendadorCloseFixed\">X<\/div>\n            <\/div>\n            <a href=\"https:\/\/correiodoestado.com.br\/mix\/novo-trem-que-viaja-a-200-km-h-vai-ligar-pais-da-america-latina-a-divisa-com-os-estados-unidos\/?utm_source=lazy\" target=\"_blank\" rel=\"noopener\">\n            <div class=\"recomendadorFixedArea\">\n                <div id=\"recomendadorFixed\">\n                <div class=\"recomendadorLeftArea\">\n                    <div class=\"recomendadorImgFixed\">\n                    <img class=\"lazyload\" decoding=\"async\" src=\"https:\/\/correiodoestado.com.br\/mix\/wp-content\/uploads\/2026\/03\/tren-del-norte-mexico-TAQPR2SRBVFD7N4PMV72BT5L5A.jpg\" alt=\"\">\n                    <\/div>\n                <\/div>\n                <div class=\"recomendadorRightArea\">\n                    <div class=\"recomendadorTitleFixed\">\n                    <h2><span>Liga\u00e7\u00e3o internacional \ud83d\ude84<\/span><\/h2>\n                    <\/div>\n                    <div class=\"recomendadorButtonFixed\">Ver detalhes<\/div>\n                    <div class=\"recomendadorAlertFixed\"><\/div>\n                <\/div>\n                <\/div>\n            <\/div>\n            <\/a>\n        <\/div>\n        <\/div>\n\n\n\n<h2 class=\"wp-block-heading\">Donald Trump \u00e9 desmentido por governo rival<\/h2>\n\n\n\n<p>Nesta segunda-feira (16), o governo do Ir\u00e3 negou ter solicitado um cessar-fogo aos Estados Unidos. De acordo com a Iranian Students News Network, o posicionamento ocorre ap\u00f3s o presidente Donald Trump afirmar que Teer\u00e3 teria pedido negocia\u00e7\u00f5es para o fim da guerra. Por sua vez, a ag\u00eancia ainda enfatiza que a capital iraniana defende que qualquer encerramento do conflito com Israel e os Estados Unidos seja definitivo.<\/p>\n\n\n\n<p>Por sua vez, o ministro das Rela\u00e7\u00f5es Exteriores do Ir\u00e3, Abbas Araghchi, disse \u00e0 CBS que Teer\u00e3 foi \u201cprocurado por v\u00e1rios pa\u00edses\u201d que desejam ter passagem segura para seus navios. Segundo ele, um grupo de embarca\u00e7\u00f5es de \u201cdiferentes pa\u00edses\u201d j\u00e1 foi autorizado a passar, mas o estreito seguir\u00e1 fechado para os Estados Unidos e seus aliados.<\/p>\n","protected":false},"excerpt":{"rendered":"<p>Sem previs\u00e3o para que o entrave tenha um final, o presidente norte-americano, Donald Trump, solicitou envios de navios militares ao Estreito de Ormuz<\/p>\n","protected":false},"author":8,"featured_media":36960,"comment_status":"open","ping_status":"open","sticky":false,"template":"","format":"standard","meta":{"jnews-multi-image_gallery":[],"jnews_single_post":{"format":"standard"},"jnews_primary_category":[],"jnews_social_meta":[],"footnotes":""},"categories":[1],"tags":[],"class_list":["post-36958","post","type-post","status-publish","format-standard","has-post-thumbnail","hentry","category-mix"],"_links":{"self":[{"href":"https:\/\/correiodoestado.audiencelabs.com.br\/wp-json\/wp\/v2\/posts\/36958","targetHints":{"allow":["GET"]}}],"collection":[{"href":"https:\/\/correiodoestado.audiencelabs.com.br\/wp-json\/wp\/v2\/posts"}],"about":[{"href":"https:\/\/correiodoestado.audiencelabs.com.br\/wp-json\/wp\/v2\/types\/post"}],"author":[{"embeddable":true,"href":"https:\/\/correiodoestado.audiencelabs.com.br\/wp-json\/wp\/v2\/users\/8"}],"replies":[{"embeddable":true,"href":"https:\/\/correiodoestado.audiencelabs.com.br\/wp-json\/wp\/v2\/comments?post=36958"}],"version-history":[{"count":2,"href":"https:\/\/correiodoestado.audiencelabs.com.br\/wp-json\/wp\/v2\/posts\/36958\/revisions"}],"predecessor-version":[{"id":37110,"href":"https:\/\/correiodoestado.audiencelabs.com.br\/wp-json\/wp\/v2\/posts\/36958\/revisions\/37110"}],"wp:featuredmedia":[{"embeddable":true,"href":"https:\/\/correiodoestado.audiencelabs.com.br\/wp-json\/wp\/v2\/media\/36960"}],"wp:attachment":[{"href":"https:\/\/correiodoestado.audiencelabs.com.br\/wp-json\/wp\/v2\/media?parent=36958"}],"wp:term":[{"taxonomy":"category","embeddable":true,"href":"https:\/\/correiodoestado.audiencelabs.com.br\/wp-json\/wp\/v2\/categories?post=36958"},{"taxonomy":"post_tag","embeddable":true,"href":"https:\/\/correiodoestado.audiencelabs.com.br\/wp-json\/wp\/v2\/tags?post=36958"}],"curies":[{"name":"wp","href":"https:\/\/api.w.org\/{rel}","templated":true}]}}