{"id":36990,"date":"2026-03-17T05:45:00","date_gmt":"2026-03-17T08:45:00","guid":{"rendered":"https:\/\/correiodoestado.audiencelabs.com.br\/?p=36990"},"modified":"2026-03-17T11:36:23","modified_gmt":"2026-03-17T14:36:23","slug":"novo-trem-que-viaja-a-200-km-h-vai-ligar-pais-da-america-latina-a-divisa-com-os-estados-unidos","status":"publish","type":"post","link":"https:\/\/correiodoestado.audiencelabs.com.br\/novo-trem-que-viaja-a-200-km-h-vai-ligar-pais-da-america-latina-a-divisa-com-os-estados-unidos\/","title":{"rendered":"Novo trem que viaja a 200 km\/h vai ligar pa\u00eds da Am\u00e9rica Latina \u00e0 divisa com os Estados Unidos"},"content":{"rendered":"\n<p>Trem novo? Apesar de estar localizado na Am\u00e9rica do Norte, o M\u00e9xico integra a Am\u00e9rica Latina, regi\u00e3o composta por pa\u00edses das Am\u00e9ricas que falam l\u00ednguas derivadas do latim, principalmente espanhol e portugu\u00eas. Respons\u00e1vel por ser um dos pa\u00edses-sede da Copa do Mundo 2026, o pa\u00eds tende a inaugurar um <a href=\"https:\/\/correiodoestado.com.br\/mix\/novo-trem-bala-vai-precisar-de-apenas-105-minutos-para-ligar-o-rio-e-janeiro-a-sao-paulo\/\" target=\"_blank\" rel=\"noopener\">trem <\/a>capaz de viajar a at\u00e9 200 km\/h.<\/p>\n\n\n\n<p>Como parte do projeto do Governo Federal, a revitaliza\u00e7\u00e3o do transporte ferrovi\u00e1rio de passageiros ganhar\u00e1 uma nova din\u00e2mica nos pr\u00f3ximos meses. A fim de conectar regi\u00f5es estrat\u00e9gicas do pa\u00eds, novos projetos facilitar\u00e3o o fluxo de passageiros e visitantes na na\u00e7\u00e3o. Uma das apostas mais audaciosas diz respeito ao Trem do Norte, uma linha que promete intensificar os elos com os Estados Unidos.<\/p>\n\n\n\n<blockquote class=\"twitter-tweet\" data-media-max-width=\"560\"><p lang=\"es\" dir=\"ltr\">Hace unos minutos nos enlazamos desde Salinas Victoria a la conferencia ma\u00f1anera de la presidenta <a href=\"https:\/\/twitter.com\/Claudiashein?ref_src=twsrc%5Etfw\" target=\"_blank\" rel=\"noopener\">@Claudiashein<\/a> para dar inicio con la construcci\u00f3n del Tren del Norte, que conectar\u00e1 a Monterrey con Laredo en menos de dos horas.<br><br>Estamos muy contentos de iniciar con esta obra\u2026 <a href=\"https:\/\/t.co\/EI5rWZXr7g\" target=\"_blank\">pic.twitter.com\/EI5rWZXr7g<\/a><\/p>&mdash; Samuel Garc\u00eda (@samuel_garcias) <a href=\"https:\/\/twitter.com\/samuel_garcias\/status\/1965428006236946852?ref_src=twsrc%5Etfw\" target=\"_blank\" rel=\"noopener\">September 9, 2025<\/a><\/blockquote> <script async src=\"https:\/\/platform.twitter.com\/widgets.js\" charset=\"utf-8\"><\/script>\n\n\n\n<p>De acordo com o projeto inicial, o maquin\u00e1rio atravessar\u00e1 importantes \u00e1reas industriais, firmando-se como uma das alternativas mais modernas do segmento. Na pr\u00e1tica, o trem deve atingir velocidade de 160 km\/h a at\u00e9 200 km\/h. Em outras palavras, esse mecanismo tende a colaborar significativamente com a redu\u00e7\u00e3o do tempo de viagem entre diferentes&nbsp;cidades do norte.<\/p>\n\n\n\n<h2 class=\"wp-block-heading\">Mais detalhes sobre o novo trem<\/h2>\n\n\n\n<p>Apesar de a empolga\u00e7\u00e3o nacional ser evidente com o lan\u00e7amento do projeto, as autoridades confirmaram que a inaugura\u00e7\u00e3o da nova alternativa de locomo\u00e7\u00e3o somente deve ocorrer em 2027. Por outro lado, o planejamento inclui reduzir o tempo de deslocamento, fortalecer a integra\u00e7\u00e3o regional e impulsionar o desenvolvimento econ\u00f4mico em uma das zonas industriais mais importantes do M\u00e9xico.<\/p>\n\n\n\n<p>Isso porque, nos desenhos aprovados, h\u00e1 a inclus\u00e3o de um corredor ferrovi\u00e1rio de aproximadamente 396 quil\u00f4metros que atravessar\u00e1 tr\u00eas estados no nordeste do pa\u00eds. Em resumo, o trajeto ser\u00e1 iniciado em&nbsp;Saltillo, Coahuila, seguindo em dire\u00e7\u00e3o \u00e0 regi\u00e3o metropolitana de&nbsp;Monterrey, Nuevo Le\u00f3n, e finalizando em Nuevo Laredo, Tamaulipas, cidade fronteiri\u00e7a com&nbsp;os Estados Unidos.<\/p>\n\n\n\n<p>&#8220;Hoje, foi assinado o acordo de coordena\u00e7\u00e3o para a aquisi\u00e7\u00e3o da faixa de dom\u00ednio do projeto do Trem do Norte. Isso representa mais um passo importante em nossa colabora\u00e7\u00e3o com o governo federal e 12 munic\u00edpios do estado para tornar realidade esse trem, que ligar\u00e1 o centro do pa\u00eds \u00e0 nossa fronteira com os Estados Unidos&#8221;, comemorou o governador de Nuevo Le\u00f3n, Samuel Garc\u00eda.<\/p>\n","protected":false},"excerpt":{"rendered":"<p>De acordo com o projeto inicial, o trem atravessar\u00e1 importantes \u00e1reas industriais, firmando-se como uma das alternativas mais modernas do segmento<\/p>\n","protected":false},"author":8,"featured_media":36994,"comment_status":"open","ping_status":"open","sticky":false,"template":"","format":"standard","meta":{"jnews-multi-image_gallery":[],"jnews_single_post":{"format":"standard"},"jnews_primary_category":[],"jnews_social_meta":[],"footnotes":""},"categories":[1],"tags":[],"class_list":["post-36990","post","type-post","status-publish","format-standard","has-post-thumbnail","hentry","category-mix"],"_links":{"self":[{"href":"https:\/\/correiodoestado.audiencelabs.com.br\/wp-json\/wp\/v2\/posts\/36990","targetHints":{"allow":["GET"]}}],"collection":[{"href":"https:\/\/correiodoestado.audiencelabs.com.br\/wp-json\/wp\/v2\/posts"}],"about":[{"href":"https:\/\/correiodoestado.audiencelabs.com.br\/wp-json\/wp\/v2\/types\/post"}],"author":[{"embeddable":true,"href":"https:\/\/correiodoestado.audiencelabs.com.br\/wp-json\/wp\/v2\/users\/8"}],"replies":[{"embeddable":true,"href":"https:\/\/correiodoestado.audiencelabs.com.br\/wp-json\/wp\/v2\/comments?post=36990"}],"version-history":[{"count":4,"href":"https:\/\/correiodoestado.audiencelabs.com.br\/wp-json\/wp\/v2\/posts\/36990\/revisions"}],"predecessor-version":[{"id":37249,"href":"https:\/\/correiodoestado.audiencelabs.com.br\/wp-json\/wp\/v2\/posts\/36990\/revisions\/37249"}],"wp:featuredmedia":[{"embeddable":true,"href":"https:\/\/correiodoestado.audiencelabs.com.br\/wp-json\/wp\/v2\/media\/36994"}],"wp:attachment":[{"href":"https:\/\/correiodoestado.audiencelabs.com.br\/wp-json\/wp\/v2\/media?parent=36990"}],"wp:term":[{"taxonomy":"category","embeddable":true,"href":"https:\/\/correiodoestado.audiencelabs.com.br\/wp-json\/wp\/v2\/categories?post=36990"},{"taxonomy":"post_tag","embeddable":true,"href":"https:\/\/correiodoestado.audiencelabs.com.br\/wp-json\/wp\/v2\/tags?post=36990"}],"curies":[{"name":"wp","href":"https:\/\/api.w.org\/{rel}","templated":true}]}}