{"id":37313,"date":"2026-03-19T05:45:00","date_gmt":"2026-03-19T08:45:00","guid":{"rendered":"https:\/\/correiodoestado.audiencelabs.com.br\/?p=37313"},"modified":"2026-03-19T10:40:43","modified_gmt":"2026-03-19T13:40:43","slug":"rodovia-brasileira-onde-passam-80-mil-veiculos-por-dia-dobra-o-preco-do-pedagio","status":"publish","type":"post","link":"https:\/\/correiodoestado.audiencelabs.com.br\/rodovia-brasileira-onde-passam-80-mil-veiculos-por-dia-dobra-o-preco-do-pedagio\/","title":{"rendered":"Rodovia brasileira onde passam 80 mil ve\u00edculos por dia dobra o pre\u00e7o do ped\u00e1gio"},"content":{"rendered":"\n<p>Conforme a atualiza\u00e7\u00e3o da tabela de pre\u00e7os de <a href=\"https:\/\/correiodoestado.com.br\/mix\/a-partir-de-sexta-feira-20-o-preco-do-pedagio-vai-ficar-r-60-centavos-mais-caro-na-br-101\/\" target=\"_blank\" rel=\"noopener\">ped\u00e1gios <\/a>autorizada pela Ag\u00eancia Nacional de Transportes Terrestres (ANTT), a BR-153 cobrar\u00e1 novos valores nas pra\u00e7as. Levando em considera\u00e7\u00e3o todo o trecho administrado pela concession\u00e1ria Way-153, o fluxo total corresponde a aproximadamente 80 mil ve\u00edculos trafegando diariamente.<\/p>\n\n\n\n<p>No in\u00edcio desta semana, a empresa respons\u00e1vel pela concess\u00e3o da parte sul da rodovia em Goi\u00e1s, que abrange&nbsp;Piracanjuba&nbsp;e&nbsp;Itumbiara, confirmou a mudan\u00e7a nas cobran\u00e7as. Na pr\u00e1tica, os motoristas de carros e caminh\u00f5es foram os que mais demonstraram insatisfa\u00e7\u00e3o com a implementa\u00e7\u00e3o, tendo em vista que as portagens passar\u00e3o a cobrar quase o dobro do valor antigo.<\/p>\n\n\n\n<figure class=\"wp-block-image size-large\"><img loading=\"lazy\" decoding=\"async\" width=\"1024\" height=\"613\" src=\"https:\/\/correiodoestado.audiencelabs.com.br\/wp-content\/uploads\/2026\/03\/WhatsApp-Image-2026-03-18-at-13.57.19-2-1024x613.jpeg\" alt=\"\" class=\"wp-image-37315\" srcset=\"https:\/\/correiodoestado.audiencelabs.com.br\/wp-content\/uploads\/2026\/03\/WhatsApp-Image-2026-03-18-at-13.57.19-2-1024x613.jpeg 1024w, https:\/\/correiodoestado.audiencelabs.com.br\/wp-content\/uploads\/2026\/03\/WhatsApp-Image-2026-03-18-at-13.57.19-2-300x180.jpeg 300w, https:\/\/correiodoestado.audiencelabs.com.br\/wp-content\/uploads\/2026\/03\/WhatsApp-Image-2026-03-18-at-13.57.19-2-768x460.jpeg 768w, https:\/\/correiodoestado.audiencelabs.com.br\/wp-content\/uploads\/2026\/03\/WhatsApp-Image-2026-03-18-at-13.57.19-2-750x449.jpeg 750w, https:\/\/correiodoestado.audiencelabs.com.br\/wp-content\/uploads\/2026\/03\/WhatsApp-Image-2026-03-18-at-13.57.19-2-1140x682.jpeg 1140w, https:\/\/correiodoestado.audiencelabs.com.br\/wp-content\/uploads\/2026\/03\/WhatsApp-Image-2026-03-18-at-13.57.19-2.jpeg 1300w\" sizes=\"auto, (max-width: 1024px) 100vw, 1024px\" \/><figcaption class=\"wp-element-caption\">Cr\u00e9ditos: Divulga\u00e7\u00e3o\/ANTT<\/figcaption><\/figure>\n\n\n\n<p>Al\u00e9m de as cifras serem salgadas para o bolso dos condutores, a maior reclama\u00e7\u00e3o fica a cargo da baixa infraestrutura presente no trecho. Por\u00e9m, segundo a Way-153, ao longo de tr\u00eas d\u00e9cadas, est\u00e3o previstos mais de R$ 10 bilh\u00f5es em investimentos na \u00e1rea administrada. Nesse per\u00edodo, s\u00e3o projetadas melhorias em pavimenta\u00e7\u00e3o, requalifica\u00e7\u00e3o das pistas, ro\u00e7agem da vegeta\u00e7\u00e3o \u00e0s margens da rodovia e novas sinaliza\u00e7\u00f5es.<\/p>\n\n\n<style>@media (min-width: 992px) {\n    .recomendadorV2Area1 {\n        width: 280px;\n    }\n    .recomendadorV2Area2 {\n        padding: 0px 20px;\n        width: calc(100% - 280px);\n    }\n}\n\n@media (max-width: 992px) {\n    .recomendadorV2Button {\n        margin: 0 auto;\n    }\n    .recomendadorV2Area {\n        flex-direction: column;\n        text-align: center;\n    }\n    .recomendadorV2Area2 {\n        padding: 0px 20px;\n    }\n}\n\n.recomendadorV2Area {\n    background: #eeeeee3d;\n    border-radius: 10px;\n    padding: 15px;\n    display: flex;\n    margin: 15px auto;\n    border: 1px solid #00000014;\n    max-width: 800px;\n}\n\n.recomendadorV2Area1 img {\n    width: 280px;\n    height: auto;\n    border-radius: 8px;\n}\n\n.linkrecomendadorv2 {\n    text-decoration: none !important;\n}\n\n.recomendadorV2Area2 .recomendadorV2Type {\n    text-transform: uppercase;\n    font-weight: 500;\n    font-size: 11px;\n    letter-spacing: 2px;\n    color: #666;\n    margin: 12px 0;\n    display: block;\n}\n\n.recomendadorV2Title h2 {\n    padding-top: 0px !important;\n    margin: 0px !important;\n    border-left: none !important;\n    padding-left: 0px !important;\n    line-height: 1.3;\n    color: #000 !important;\n    font-size: 24px;\n    margin-bottom: 12px !important;\n}\n\n.recomendadorV2Desc {\n    color: #333;\n    margin: 12px 0px !important;\n    font-size: 15px;\n    line-height: 1.5;\n}\n\n.recomendadorV2Button {\n    width: auto;\n    max-width: 200px;\n    margin: 0;\n    display: inline-flex;\n    align-items: center;\n    background: #1D3557;\n    border-radius: 8px;\n    color: #fff;\n    height: 36px;\n    justify-content: center;\n    text-align: center;\n    font-size: 14px;\n    padding: 0 20px;\n    transition: background-color 0.2s ease;\n}\n\n.recomendadorV2Button:hover {\n    background: #2a4d7a;\n}\n\n.recomendadorV2Button:after {\n    margin-top: -2px;\n    content: \"\u2192\";\n    padding: 0px 0px 0px 8px;\n}\n\n.recomendadorV2Alert {\n    text-align: left;\n    font-size: 11px;\n    margin-top: 8px;\n    color: #666;\n}\n\n.recomendadorFixedArea {\n    width: 100%;\n    display: flex;\n    justify-content: center;\n    align-items: center;\n}\n\n@media (min-width: 992px) {\n    #recomendadorFixed {\n        width: 32% !important;\n        left: 5%;\n    }\n    .recomendadorCloseFixed{\n        right: inherit !important;\n        left: 378px !important;\n    }\n}\n\n#recomendadorFixed {\n    width: 90%;\n    box-shadow: 0 10px 20px 0px #00000057;\n    display: none;\n    height: 90px;\n    background: #F6F6F6;\n    position: fixed;\n    flex-direction: row;\n    bottom: 10px;\n    z-index: 9999;\n    border-radius: 16px;\n    padding: 7px 10px;\n}\n\n.recomendadorLeftArea {\n    width: 160px;\n}\n\n.recomendadorRightArea h2 {\n    padding-top: 0px;\n    margin: 2px 0px 4px 0px !important;\n    font-weight: 400;\n    text-align: center;\n    padding-left: 0px !important;\n    color: #000 !important;\n    border-left: none !important;\n    line-height: 20px;\n    font-size: 12px !important;\n}\n\n.recomendadorImgFixed {\n    overflow: hidden;\n    padding: 8px 6px;\n    height: 100%;\n}\n\n.recomendadorImgFixed img {\n    height: 100% !important;\n    border-radius: 16px;\n}\n\n.recomendadorRightArea {\n    padding-top: 6px;\n    display: flex;\n    width: calc(100% - 130px);\n    justify-content: space-between;\n    align-items: center;\n    flex-direction: column;\n}\n\n.recomendadorButtonFixed {\n    margin: 0 auto;\n    background: #1D3557;\n    width: 80%;\n    text-align: center;\n    font-size: 10px;\n    color: #FFF;\n    padding: 2px 10px;\n    border-radius: 3px;\n}\n\n.recomendadorButtonFixed:after {\n    margin-top: -3px;\n    content: \"\u2192\";\n    padding: 0px 0px 0px 10px;\n}\n\n.recomendadorAlertFixed {\n    font-weight: 400;\n    text-align: center;\n    color: #484848;\n    font-size: 8px;\n}\n\n.recomendadorCloseFixed {\n    z-index: 99999;\n    display: none;\n    right: 0px;\n    left: inherit;\n    bottom: 99px;\n    position: fixed;\n    justify-content: center;\n    background: #F6F6F6;\n    width: 25px;\n    align-items: center;\n    height: 25px;\n    font-weight: 800;\n    border-radius: 50%;\n    border: 1px solid #EBEBEB;\n}\n\n.recomendadorV2Desc{\n    color: #000000;\n    margin: 20px 0px;\n}\n\n@media (max-width: 576px) {\n    .recomendadorV2Area {\n      padding: 10px;\n      max-width: 100%;\n    }\n  \n    .recomendadorV2Area1 img {\n      width: 100%;\n      border-radius: 6px;\n    }\n  \n    .recomendadorV2Area2 .recomendadorV2Type {\n      font-size: 9px;\n      letter-spacing: 1px;\n      margin: 8px 0;\n    }\n  \n    .recomendadorV2Title h2 {\n      font-size: 18px !important;\n      margin-bottom: 8px !important;\n      line-height: 1.2;\n    }\n  \n    .recomendadorV2Desc {\n      font-size: 14px;\n      margin: 8px 0 !important;\n      line-height: 1.4;\n    }\n  \n    .recomendadorV2Button {\n      font-size: 12px;\n      height: 30px;\n      padding: 0 12px;\n      max-width: 160px;\n    }\n  \n    .recomendadorV2Button:after {\n      padding-left: 6px;\n    }\n  }\n  <\/style>\n        <div class=\"lazyblock-recomendador-v2-2jDGz wp-block-lazyblock-recomendador-v2\">\n        <a class=\"linkrecomendadorv2\" href=\"https:\/\/correiodoestado.com.br\/mix\/espera-de-4-decadas-chegara-ao-fim-com-nova-ponte-de-r-716-milhoes-eliminando-a-necessidade-de-balsa\/?utm_source=lazy\" target=\"_blank\" rel=\"noopener\">\n            <div class=\"recomendadorV2Area\">\n            <div class=\"recomendadorV2Area1\">\n                <div class=\"recomendadorV2Img\">\n                <img class=\"lazyloaded\" decoding=\"async\" src=\"https:\/\/correiodoestado.com.br\/mix\/wp-content\/uploads\/2026\/03\/evento_ponte_japura_foto_rdziura-7393-1140x570.jpg\" data-src=\"https:\/\/correiodoestado.com.br\/mix\/wp-content\/uploads\/2026\/03\/evento_ponte_japura_foto_rdziura-7393-1140x570.jpg\" alt=\"\">\n                <\/div>\n            <\/div>\n            <div class=\"recomendadorV2Area2\">\n                <div class=\"recomendadorV2Type\">\n                    <span>Obra hist\u00f3rica<\/span>\n                <\/div>\n                <div class=\"recomendadorV2Title\">\n                <h2><span>Nova ponte \ud83d\udea7<\/span><\/h2>\n                <\/div>\n                <div class=\"recomendadorV2Desc\">\n                <span>Fim da balsa ap\u00f3s 40 anos de espera<\/span>\n                <\/div>\n                <div class=\"recomendadorV2Button\">Veja detalhes<\/div>\n                <div class=\"recomendadorV2Alert\"><\/div>\n            <\/div>\n            <\/div>\n        <\/a>\n        <div>\n            <div style=\"z-index:99999;\" id=\"buttonClose\" onclick=\"closeRecomendadorFixed()\">\n            <div class=\"recomendadorCloseFixed\">X<\/div>\n            <\/div>\n            <a href=\"https:\/\/correiodoestado.com.br\/mix\/espera-de-4-decadas-chegara-ao-fim-com-nova-ponte-de-r-716-milhoes-eliminando-a-necessidade-de-balsa\/?utm_source=lazy\" target=\"_blank\" rel=\"noopener\">\n            <div class=\"recomendadorFixedArea\">\n                <div id=\"recomendadorFixed\">\n                <div class=\"recomendadorLeftArea\">\n                    <div class=\"recomendadorImgFixed\">\n                    <img class=\"lazyload\" decoding=\"async\" src=\"https:\/\/correiodoestado.com.br\/mix\/wp-content\/uploads\/2026\/03\/evento_ponte_japura_foto_rdziura-7393-1140x570.jpg\" alt=\"\">\n                    <\/div>\n                <\/div>\n                <div class=\"recomendadorRightArea\">\n                    <div class=\"recomendadorTitleFixed\">\n                    <h2><span>Nova ponte \ud83d\udea7<\/span><\/h2>\n                    <\/div>\n                    <div class=\"recomendadorButtonFixed\">Veja detalhes<\/div>\n                    <div class=\"recomendadorAlertFixed\"><\/div>\n                <\/div>\n                <\/div>\n            <\/div>\n            <\/a>\n        <\/div>\n        <\/div>\n\n\n\n<p>Para que a nova cobran\u00e7a deixe de causar irritabilidade nos motoristas, o contrato de concess\u00e3o tamb\u00e9m prev\u00ea 42 km de duplica\u00e7\u00e3o, 31,8 km de faixas adicionais, al\u00e9m da constru\u00e7\u00e3o de passarelas, acessos, pontos de \u00f4nibus e passagens de fauna ao longo da rodovia. No mais, a Ag\u00eancia Nacional de Transportes Terrestres afirmou que as tarifas entrar\u00e3o em vig\u00eancia a partir de 26 de mar\u00e7o.<\/p>\n\n\n\n<h2 class=\"wp-block-heading\">Confira as novas tarifas do ped\u00e1gio:<\/h2>\n\n\n\n<figure class=\"wp-block-table\"><table class=\"has-fixed-layout\"><tbody><tr><td class=\"has-text-align-center\" data-align=\"center\"><strong>Classe de ve\u00edculo<\/strong><\/td><td class=\"has-text-align-center\" data-align=\"center\"><strong>Itumbiara<\/strong><\/td><td class=\"has-text-align-center\" data-align=\"center\"><strong>Piracanjuba<\/strong><\/td><\/tr><tr><td class=\"has-text-align-center\" data-align=\"center\">Autom\u00f3vel, caminhonete e furg\u00e3o (2 eixos, rodagem simples)<\/td><td class=\"has-text-align-center\" data-align=\"center\">R$ 14,90<\/td><td class=\"has-text-align-center\" data-align=\"center\">R$ 15,60<\/td><\/tr><tr><td class=\"has-text-align-center\" data-align=\"center\">Caminh\u00e3o leve, \u00f4nibus, caminh\u00e3o-trator e furg\u00e3o (2 eixos, rodagem dupla)<\/td><td class=\"has-text-align-center\" data-align=\"center\">R$ 29,80<\/td><td class=\"has-text-align-center\" data-align=\"center\">R$ 31,20<\/td><\/tr><tr><td class=\"has-text-align-center\" data-align=\"center\">Autom\u00f3vel e caminhonete com semirreboque (3 eixos)<\/td><td class=\"has-text-align-center\" data-align=\"center\">R$ 22,35<\/td><td class=\"has-text-align-center\" data-align=\"center\">R$ 23,40<\/td><\/tr><tr><td class=\"has-text-align-center\" data-align=\"center\">Caminh\u00e3o, caminh\u00e3o-trator com semirreboque e \u00f4nibus (3 eixos, rodagem dupla)<\/td><td class=\"has-text-align-center\" data-align=\"center\">R$ 44,70<\/td><td class=\"has-text-align-center\" data-align=\"center\">R$ 46,80<\/td><\/tr><tr><td class=\"has-text-align-center\" data-align=\"center\">Autom\u00f3vel e caminhonete com reboque (4 eixos)<\/td><td class=\"has-text-align-center\" data-align=\"center\">R$ 29,80<\/td><td class=\"has-text-align-center\" data-align=\"center\">R$ 31,20<\/td><\/tr><tr><td class=\"has-text-align-center\" data-align=\"center\">Caminh\u00e3o com reboque ou caminh\u00e3o-trator com semirreboque (4 eixos)<\/td><td class=\"has-text-align-center\" data-align=\"center\">R$ 59,60<\/td><td class=\"has-text-align-center\" data-align=\"center\">R$ 62,40<\/td><\/tr><tr><td class=\"has-text-align-center\" data-align=\"center\">Caminh\u00e3o com reboque ou caminh\u00e3o-trator com semirreboque (5 eixos)<\/td><td class=\"has-text-align-center\" data-align=\"center\">R$ 74,50<\/td><td class=\"has-text-align-center\" data-align=\"center\">R$ 78,00<\/td><\/tr><tr><td class=\"has-text-align-center\" data-align=\"center\">Caminh\u00e3o com reboque ou caminh\u00e3o-trator com semirreboque (6 eixos)<\/td><td class=\"has-text-align-center\" data-align=\"center\">R$ 89,40<\/td><td class=\"has-text-align-center\" data-align=\"center\">R$ 93,60<\/td><\/tr><tr><td class=\"has-text-align-center\" data-align=\"center\">Caminh\u00e3o com reboque ou caminh\u00e3o-trator com semirreboque (7 eixos<\/td><td class=\"has-text-align-center\" data-align=\"center\">R$ 104,30<\/td><td class=\"has-text-align-center\" data-align=\"center\">R$ 109,20<\/td><\/tr><tr><td class=\"has-text-align-center\" data-align=\"center\">Caminh\u00e3o com reboque ou caminh\u00e3o-trator com semirreboque (8 eixos)<\/td><td class=\"has-text-align-center\" data-align=\"center\">R$ 119,20<\/td><td class=\"has-text-align-center\" data-align=\"center\">R$ 124,80<\/td><\/tr><tr><td class=\"has-text-align-center\" data-align=\"center\">Motocicleta, motoneta, triciclo e bicicleta motorizada<\/td><td class=\"has-text-align-center\" data-align=\"center\">Isento<\/td><td class=\"has-text-align-center\" data-align=\"center\">Isento<\/td><\/tr><tr><td class=\"has-text-align-center\" data-align=\"center\">Ambul\u00e2ncias, ve\u00edculos oficiais e de corpo diplom\u00e1tico<\/td><td class=\"has-text-align-center\" data-align=\"center\">Isento<\/td><td class=\"has-text-align-center\" data-align=\"center\">Isento<\/td><\/tr><\/tbody><\/table><\/figure>\n\n\n\n<p><\/p>\n\n\n\n<p><\/p>\n","protected":false},"excerpt":{"rendered":"<p>Conforme a atualiza\u00e7\u00e3o da tabela de pre\u00e7os de ped\u00e1gios autorizada pela Ag\u00eancia Nacional de Transportes Terrestres (ANTT), a BR-153 cobrar\u00e1 novos valores nas pra\u00e7as<\/p>\n","protected":false},"author":8,"featured_media":37316,"comment_status":"open","ping_status":"open","sticky":false,"template":"","format":"standard","meta":{"jnews-multi-image_gallery":[],"jnews_single_post":{"format":"standard"},"jnews_primary_category":[],"jnews_social_meta":[],"footnotes":""},"categories":[1],"tags":[],"class_list":["post-37313","post","type-post","status-publish","format-standard","has-post-thumbnail","hentry","category-mix"],"_links":{"self":[{"href":"https:\/\/correiodoestado.audiencelabs.com.br\/wp-json\/wp\/v2\/posts\/37313","targetHints":{"allow":["GET"]}}],"collection":[{"href":"https:\/\/correiodoestado.audiencelabs.com.br\/wp-json\/wp\/v2\/posts"}],"about":[{"href":"https:\/\/correiodoestado.audiencelabs.com.br\/wp-json\/wp\/v2\/types\/post"}],"author":[{"embeddable":true,"href":"https:\/\/correiodoestado.audiencelabs.com.br\/wp-json\/wp\/v2\/users\/8"}],"replies":[{"embeddable":true,"href":"https:\/\/correiodoestado.audiencelabs.com.br\/wp-json\/wp\/v2\/comments?post=37313"}],"version-history":[{"count":3,"href":"https:\/\/correiodoestado.audiencelabs.com.br\/wp-json\/wp\/v2\/posts\/37313\/revisions"}],"predecessor-version":[{"id":37447,"href":"https:\/\/correiodoestado.audiencelabs.com.br\/wp-json\/wp\/v2\/posts\/37313\/revisions\/37447"}],"wp:featuredmedia":[{"embeddable":true,"href":"https:\/\/correiodoestado.audiencelabs.com.br\/wp-json\/wp\/v2\/media\/37316"}],"wp:attachment":[{"href":"https:\/\/correiodoestado.audiencelabs.com.br\/wp-json\/wp\/v2\/media?parent=37313"}],"wp:term":[{"taxonomy":"category","embeddable":true,"href":"https:\/\/correiodoestado.audiencelabs.com.br\/wp-json\/wp\/v2\/categories?post=37313"},{"taxonomy":"post_tag","embeddable":true,"href":"https:\/\/correiodoestado.audiencelabs.com.br\/wp-json\/wp\/v2\/tags?post=37313"}],"curies":[{"name":"wp","href":"https:\/\/api.w.org\/{rel}","templated":true}]}}