{"id":37361,"date":"2026-03-21T07:15:00","date_gmt":"2026-03-21T10:15:00","guid":{"rendered":"https:\/\/correiodoestado.audiencelabs.com.br\/?p=37361"},"modified":"2026-03-19T17:49:15","modified_gmt":"2026-03-19T20:49:15","slug":"novo-auxilio-financeiro-sera-dado-a-maes-que-possuem-filhos-com-deficiencia-ou-autismo","status":"publish","type":"post","link":"https:\/\/correiodoestado.audiencelabs.com.br\/novo-auxilio-financeiro-sera-dado-a-maes-que-possuem-filhos-com-deficiencia-ou-autismo\/","title":{"rendered":"Novo aux\u00edlio financeiro ser\u00e1 dado a m\u00e3es que possuem filhos com defici\u00eancia ou autismo"},"content":{"rendered":"\n<p>Em meados da temporada passada, a Comiss\u00e3o de Defesa dos Direitos das Pessoas com Defici\u00eancia aprovou o Projeto de Lei 1520\/25, que cria o Aux\u00edlio M\u00e3e At\u00edpica (AMA). Essa medida institui a entrega de um apoio financeiro e psicossocial a m\u00e3es ou respons\u00e1veis legais de crian\u00e7as e adolescentes com defici\u00eancia severa ou Transtorno do Espectro Autista (TEA).<\/p>\n\n\n\n<p>De autoria da deputada Carla Dickson (Uni\u00e3o-RN), o texto prop\u00f5e um benef\u00edcio financeiro de at\u00e9 um sal\u00e1rio m\u00ednimo para m\u00e3es ou respons\u00e1veis legais desses indiv\u00edduos que necessitam de cuidados redobrados. Na an\u00e1lise da parlamentar, a rotina torna-se cansativa, culminando, muitas das vezes, no abandono do trabalho para que a dedica\u00e7\u00e3o seja completamente entregue ao filho.<\/p>\n\n\n\n<figure class=\"wp-block-image size-large\"><img loading=\"lazy\" decoding=\"async\" width=\"1024\" height=\"631\" src=\"https:\/\/correiodoestado.audiencelabs.com.br\/wp-content\/uploads\/2026\/03\/img20250702165314517-1-768x473-1-1024x631.jpg\" alt=\"\" class=\"wp-image-37370\" srcset=\"https:\/\/correiodoestado.audiencelabs.com.br\/wp-content\/uploads\/2026\/03\/img20250702165314517-1-768x473-1-1024x631.jpg 1024w, https:\/\/correiodoestado.audiencelabs.com.br\/wp-content\/uploads\/2026\/03\/img20250702165314517-1-768x473-1-300x185.jpg 300w, https:\/\/correiodoestado.audiencelabs.com.br\/wp-content\/uploads\/2026\/03\/img20250702165314517-1-768x473-1-768x473.jpg 768w, https:\/\/correiodoestado.audiencelabs.com.br\/wp-content\/uploads\/2026\/03\/img20250702165314517-1-768x473-1-750x462.jpg 750w, https:\/\/correiodoestado.audiencelabs.com.br\/wp-content\/uploads\/2026\/03\/img20250702165314517-1-768x473-1-1140x702.jpg 1140w, https:\/\/correiodoestado.audiencelabs.com.br\/wp-content\/uploads\/2026\/03\/img20250702165314517-1-768x473-1.jpg 1200w\" sizes=\"auto, (max-width: 1024px) 100vw, 1024px\" \/><figcaption class=\"wp-element-caption\">Cr\u00e9ditos: Kayo Magalh\u00e3es \/ C\u00e2mara dos Deputados<\/figcaption><\/figure>\n\n\n\n<p>\u201cNa pr\u00e1tica, essas m\u00e3es comp\u00f5em um segmento invis\u00edvel das pol\u00edticas p\u00fablicas. Suas rotinas exaustivas e solit\u00e1rias resultam, frequentemente, em esgotamento emocional, depress\u00e3o, ansiedade e empobrecimento, sem que exista qualquer compensa\u00e7\u00e3o do Estado por essa dedica\u00e7\u00e3o integral. O Aux\u00edlio M\u00e3e At\u00edpica prop\u00f5e-se, portanto, a promover justi\u00e7a social, prote\u00e7\u00e3o social e equidade de g\u00eanero\u201d, defende Carla.\u00a0<\/p>\n\n\n\n<p>Apesar de a proposta ter sido comemorada, especialmente pelas m\u00e3es e respons\u00e1veis de pessoas com defici\u00eancia severa ou <a href=\"https:\/\/correiodoestado.com.br\/mix\/5-sinais-de-autismo-em-pessoas-com-mais-de-18-anos\/\" target=\"_blank\" rel=\"noopener\">autismo<\/a>, o texto ainda precisa ser aprovado pela C\u00e2mara e pelo Senado. No mais, a tramita\u00e7\u00e3o, previamente, ocorrer\u00e1 nas comiss\u00f5es de Previd\u00eancia, Assist\u00eancia Social, Inf\u00e2ncia, Adolesc\u00eancia e Fam\u00edlia; de Finan\u00e7as e Tributa\u00e7\u00e3o; e de Constitui\u00e7\u00e3o e Justi\u00e7a e de Cidadania.<\/p>\n\n\n\n<h2 class=\"wp-block-heading\">Quem ter\u00e1 direito ao aux\u00edlio em caso de aprova\u00e7\u00e3o?<\/h2>\n\n\n\n<p>Conforme o projeto de lei, o  Aux\u00edlio M\u00e3e At\u00edpica ser\u00e1 pago diretamente \u00e0 m\u00e3e ou respons\u00e1vel legal, independentemente de v\u00ednculo empregat\u00edcio formal, desde que atenda aos seguintes crit\u00e9rios:<\/p>\n\n\n\n<ul class=\"wp-block-list\">\n<li>Ser m\u00e3e biol\u00f3gica, adotiva ou respons\u00e1vel legal por crian\u00e7a ou adolescente com TEA ou outra defici\u00eancia severa que exija cuidados cont\u00ednuos;<\/li>\n\n\n\n<li>Apresentar comprova\u00e7\u00e3o de carga de cuidado elevada que afete sua rotina de trabalho, mediante laudos m\u00e9dicos, relat\u00f3rios de assistentes sociais e profissionais de sa\u00fade;<\/li>\n\n\n\n<li>Estar inscrita no Cadastro \u00danico para Programas Sociais do Governo Federal (Cad\u00danico).\u00a0<\/li>\n<\/ul>\n","protected":false},"excerpt":{"rendered":"<p>M\u00e3es e respons\u00e1veis por crian\u00e7as com autismo ou defici\u00eancia severa podem ser beneficiados com valores pagos pelo Governo Federal. Entenda;<\/p>\n","protected":false},"author":8,"featured_media":37372,"comment_status":"open","ping_status":"open","sticky":false,"template":"","format":"standard","meta":{"jnews-multi-image_gallery":[],"jnews_single_post":{"format":"standard"},"jnews_primary_category":[],"jnews_social_meta":[],"footnotes":""},"categories":[1],"tags":[],"class_list":["post-37361","post","type-post","status-publish","format-standard","has-post-thumbnail","hentry","category-mix"],"_links":{"self":[{"href":"https:\/\/correiodoestado.audiencelabs.com.br\/wp-json\/wp\/v2\/posts\/37361","targetHints":{"allow":["GET"]}}],"collection":[{"href":"https:\/\/correiodoestado.audiencelabs.com.br\/wp-json\/wp\/v2\/posts"}],"about":[{"href":"https:\/\/correiodoestado.audiencelabs.com.br\/wp-json\/wp\/v2\/types\/post"}],"author":[{"embeddable":true,"href":"https:\/\/correiodoestado.audiencelabs.com.br\/wp-json\/wp\/v2\/users\/8"}],"replies":[{"embeddable":true,"href":"https:\/\/correiodoestado.audiencelabs.com.br\/wp-json\/wp\/v2\/comments?post=37361"}],"version-history":[{"count":1,"href":"https:\/\/correiodoestado.audiencelabs.com.br\/wp-json\/wp\/v2\/posts\/37361\/revisions"}],"predecessor-version":[{"id":37373,"href":"https:\/\/correiodoestado.audiencelabs.com.br\/wp-json\/wp\/v2\/posts\/37361\/revisions\/37373"}],"wp:featuredmedia":[{"embeddable":true,"href":"https:\/\/correiodoestado.audiencelabs.com.br\/wp-json\/wp\/v2\/media\/37372"}],"wp:attachment":[{"href":"https:\/\/correiodoestado.audiencelabs.com.br\/wp-json\/wp\/v2\/media?parent=37361"}],"wp:term":[{"taxonomy":"category","embeddable":true,"href":"https:\/\/correiodoestado.audiencelabs.com.br\/wp-json\/wp\/v2\/categories?post=37361"},{"taxonomy":"post_tag","embeddable":true,"href":"https:\/\/correiodoestado.audiencelabs.com.br\/wp-json\/wp\/v2\/tags?post=37361"}],"curies":[{"name":"wp","href":"https:\/\/api.w.org\/{rel}","templated":true}]}}