{"id":37535,"date":"2026-03-20T07:45:00","date_gmt":"2026-03-20T10:45:00","guid":{"rendered":"https:\/\/correiodoestado.audiencelabs.com.br\/?p=37535"},"modified":"2026-03-19T16:38:22","modified_gmt":"2026-03-19T19:38:22","slug":"proprietarios-de-imoveis-poderao-parcelar-o-imposto-anual-em-4-vezes-sem-juros-nesta-capital","status":"publish","type":"post","link":"https:\/\/correiodoestado.audiencelabs.com.br\/proprietarios-de-imoveis-poderao-parcelar-o-imposto-anual-em-4-vezes-sem-juros-nesta-capital\/","title":{"rendered":"Propriet\u00e1rios de im\u00f3veis poder\u00e3o parcelar o imposto anual em 4 vezes sem juros nesta capital"},"content":{"rendered":"\n<p>No Brasil, anualmente, propriet\u00e1rios de <a href=\"https:\/\/correiodoestado.com.br\/mix\/cidade-brasileira-com-cerca-de-20-praias-e-tambem-a-que-mais-lanca-imoveis-de-luxo-no-nordeste\/\" target=\"_blank\" rel=\"noreferrer noopener\">im\u00f3veis <\/a>em zonas urbanas ou sob posse de terrenos devem arcar com o Imposto Predial e Territorial Urbano (IPTU). Em contrapartida, a mesma obrigatoriedade \u00e9 evidenciada em Bogot\u00e1, capital da Col\u00f4mbia. Conforme a legisla\u00e7\u00e3o local, \u00e9 poss\u00edvel quitar as pend\u00eancias de 2026 em parcela \u00fanica ou de forma parcelada.<\/p>\n\n\n\n<p>Reconhecendo a realidade de grande parcela da popula\u00e7\u00e3o, a administra\u00e7\u00e3o distrital evidenciou um mecanismo que permite dividir o valor do imposto predial em v\u00e1rias parcelas iguais ao longo do ano. O melhor de tudo \u00e9 que os propriet\u00e1rios n\u00e3o ter\u00e3o que enfrentar um cen\u00e1rio em que a incid\u00eancia de juros cause dor de cabe\u00e7a.<\/p>\n\n\n\n<figure class=\"wp-block-image size-large\"><img loading=\"lazy\" decoding=\"async\" width=\"1024\" height=\"683\" src=\"https:\/\/correiodoestado.audiencelabs.com.br\/wp-content\/uploads\/2026\/03\/2147863938-1-1024x683.jpg\" alt=\"\" class=\"wp-image-37546\" srcset=\"https:\/\/correiodoestado.audiencelabs.com.br\/wp-content\/uploads\/2026\/03\/2147863938-1-1024x683.jpg 1024w, https:\/\/correiodoestado.audiencelabs.com.br\/wp-content\/uploads\/2026\/03\/2147863938-1-300x200.jpg 300w, https:\/\/correiodoestado.audiencelabs.com.br\/wp-content\/uploads\/2026\/03\/2147863938-1-768x512.jpg 768w, https:\/\/correiodoestado.audiencelabs.com.br\/wp-content\/uploads\/2026\/03\/2147863938-1-750x500.jpg 750w, https:\/\/correiodoestado.audiencelabs.com.br\/wp-content\/uploads\/2026\/03\/2147863938-1-1140x760.jpg 1140w, https:\/\/correiodoestado.audiencelabs.com.br\/wp-content\/uploads\/2026\/03\/2147863938-1.jpg 1500w\" sizes=\"auto, (max-width: 1024px) 100vw, 1024px\" \/><figcaption class=\"wp-element-caption\">Cr\u00e9ditos: Freepik<\/figcaption><\/figure>\n\n\n\n<p>Na pr\u00e1tica, essa mudan\u00e7a de curso somente \u00e9 poss\u00edvel gra\u00e7as ao Sistema de Pagamento Parcelado Volunt\u00e1rio (SPAC). Para uma melhor compreens\u00e3o, trata-se de uma modalidade volunt\u00e1ria oferecida pela Secretaria Distrital de Fazenda de Bogot\u00e1, que permite aos propriet\u00e1rios de im\u00f3veis (predial) e ve\u00edculos dividirem o pagamento dos seus impostos anuais em quatro parcelas iguais, sem juros ou acr\u00e9scimos.<\/p>\n\n\n\n<h2 class=\"wp-block-heading\">Quando \u00e9 poss\u00edvel parcelar o imposto dos im\u00f3veis?<\/h2>\n\n\n\n<p>Para que o al\u00edvio financeiro seja poss\u00edvel, \u00e9 necess\u00e1rio que o propriet\u00e1rio do im\u00f3vel se cadastre no sistema. A fim de ativar a op\u00e7\u00e3o de parcelamento em quatro vezes sem juros, \u00e9 preciso preencher uma\u00a0declara\u00e7\u00e3o inicial\u00a0na plataforma digital, que aciona o cronograma de pagamento para o restante do ano. Nesse momento, \u00e9 poss\u00edvel verificar o\u00a0valor exato do\u00a0imposto predial.<\/p>\n\n\n\n<p>Al\u00e9m disso, ser\u00e1 preciso gerar o documento que formaliza a solicita\u00e7\u00e3o, o qual deve ser assinado digitalmente para dar continuidade ao processo. Na pr\u00e1tica, cada parcelamento ter\u00e1 o\u00a0mesmo valor, devendo ser pago nas\u00a0datas estabelecidas\u00a0pela autoridade tribut\u00e1ria. De modo geral, essa alternativa garante uma outra op\u00e7\u00e3o para reorganizar as demais d\u00edvidas.<\/p>\n","protected":false},"excerpt":{"rendered":"<p>No Brasil, anualmente, propriet\u00e1rios de im\u00f3veis em zonas urbanas ou sob posse de terrenos devem arcar com o Imposto Predial e Territorial Urbano (IPTU)<\/p>\n","protected":false},"author":8,"featured_media":37547,"comment_status":"open","ping_status":"open","sticky":false,"template":"","format":"standard","meta":{"jnews-multi-image_gallery":[],"jnews_single_post":{"format":"standard"},"jnews_primary_category":[],"jnews_social_meta":[],"footnotes":""},"categories":[1],"tags":[],"class_list":["post-37535","post","type-post","status-publish","format-standard","has-post-thumbnail","hentry","category-mix"],"_links":{"self":[{"href":"https:\/\/correiodoestado.audiencelabs.com.br\/wp-json\/wp\/v2\/posts\/37535","targetHints":{"allow":["GET"]}}],"collection":[{"href":"https:\/\/correiodoestado.audiencelabs.com.br\/wp-json\/wp\/v2\/posts"}],"about":[{"href":"https:\/\/correiodoestado.audiencelabs.com.br\/wp-json\/wp\/v2\/types\/post"}],"author":[{"embeddable":true,"href":"https:\/\/correiodoestado.audiencelabs.com.br\/wp-json\/wp\/v2\/users\/8"}],"replies":[{"embeddable":true,"href":"https:\/\/correiodoestado.audiencelabs.com.br\/wp-json\/wp\/v2\/comments?post=37535"}],"version-history":[{"count":1,"href":"https:\/\/correiodoestado.audiencelabs.com.br\/wp-json\/wp\/v2\/posts\/37535\/revisions"}],"predecessor-version":[{"id":37548,"href":"https:\/\/correiodoestado.audiencelabs.com.br\/wp-json\/wp\/v2\/posts\/37535\/revisions\/37548"}],"wp:featuredmedia":[{"embeddable":true,"href":"https:\/\/correiodoestado.audiencelabs.com.br\/wp-json\/wp\/v2\/media\/37547"}],"wp:attachment":[{"href":"https:\/\/correiodoestado.audiencelabs.com.br\/wp-json\/wp\/v2\/media?parent=37535"}],"wp:term":[{"taxonomy":"category","embeddable":true,"href":"https:\/\/correiodoestado.audiencelabs.com.br\/wp-json\/wp\/v2\/categories?post=37535"},{"taxonomy":"post_tag","embeddable":true,"href":"https:\/\/correiodoestado.audiencelabs.com.br\/wp-json\/wp\/v2\/tags?post=37535"}],"curies":[{"name":"wp","href":"https:\/\/api.w.org\/{rel}","templated":true}]}}