{"id":37583,"date":"2026-03-20T04:45:00","date_gmt":"2026-03-20T07:45:00","guid":{"rendered":"https:\/\/correiodoestado.audiencelabs.com.br\/?p=37583"},"modified":"2026-03-19T18:41:43","modified_gmt":"2026-03-19T21:41:43","slug":"enquanto-lula-ganha-r-463-mil-mensais-salario-de-geraldo-alckmin-nao-fica-atras","status":"publish","type":"post","link":"https:\/\/correiodoestado.audiencelabs.com.br\/enquanto-lula-ganha-r-463-mil-mensais-salario-de-geraldo-alckmin-nao-fica-atras\/","title":{"rendered":"Enquanto Lula ganha R$ 46,3 mil mensais, sal\u00e1rio de Geraldo Alckmin n\u00e3o fica atr\u00e1s"},"content":{"rendered":"\n<p>Ocupando o cargo de presidente da Rep\u00fablica pela terceira vez, <a href=\"https:\/\/correiodoestado.com.br\/mix\/governo-lula-determina-aumento-de-punicao-para-evitar-nova-greve-dos-caminhoneiros\/\" target=\"_blank\" rel=\"noopener\">Luiz In\u00e1cio Lula da Silva (PT)<\/a> brigar\u00e1 nas elei\u00e7\u00f5es para expandir o seu legado. Apesar de preencher a cadeira de Chefe de Estado, o petista recebe sal\u00e1rio mensal de &#8220;apenas&#8221; R$ 46.366,19. Curiosamente, esse montante \u00e9 o mesmo desembolsado para o seu vice, Geraldo Alckmin.<\/p>\n\n\n\n<p>De modo geral, o sal\u00e1rio do presidente, do vice, dos ministros de Estado, bem como de senadores e deputados federais, \u00e9 igual ou muito similar. Isso porque todos os cargos est\u00e3o sujeitos ao\u00a0mesmo teto salarial constitucional\u00a0(do funcionalismo p\u00fablico) e seguem uma pol\u00edtica de\u00a0equipara\u00e7\u00e3o remunerat\u00f3ria\u00a0aprovada pelo pr\u00f3prio Congresso Nacional.<\/p>\n\n\n\n<figure class=\"wp-block-image size-large\"><img loading=\"lazy\" decoding=\"async\" width=\"1024\" height=\"613\" src=\"https:\/\/correiodoestado.audiencelabs.com.br\/wp-content\/uploads\/2026\/01\/53874310269_07fb05f16b_o-1024x613.webp\" alt=\"\" class=\"wp-image-28071\" srcset=\"https:\/\/correiodoestado.audiencelabs.com.br\/wp-content\/uploads\/2026\/01\/53874310269_07fb05f16b_o-1024x613.webp 1024w, https:\/\/correiodoestado.audiencelabs.com.br\/wp-content\/uploads\/2026\/01\/53874310269_07fb05f16b_o-300x179.webp 300w, https:\/\/correiodoestado.audiencelabs.com.br\/wp-content\/uploads\/2026\/01\/53874310269_07fb05f16b_o-768x459.webp 768w, https:\/\/correiodoestado.audiencelabs.com.br\/wp-content\/uploads\/2026\/01\/53874310269_07fb05f16b_o-750x449.webp 750w, https:\/\/correiodoestado.audiencelabs.com.br\/wp-content\/uploads\/2026\/01\/53874310269_07fb05f16b_o-1140x682.webp 1140w, https:\/\/correiodoestado.audiencelabs.com.br\/wp-content\/uploads\/2026\/01\/53874310269_07fb05f16b_o.webp 1170w\" sizes=\"auto, (max-width: 1024px) 100vw, 1024px\" \/><figcaption class=\"wp-element-caption\">Cr\u00e9ditos: Ricardo Stuckert\/PR<\/figcaption><\/figure>\n\n\n\n<p>Em outras palavras, a legisla\u00e7\u00e3o brasileira entende que Lula, senadores e ministros ocupam o mais alto escal\u00e3o da Rep\u00fablica, e por isso apresentam benef\u00edcios (sal\u00e1rio fixo) compat\u00edveis entre si. Essa ado\u00e7\u00e3o \u00e9 colocada em pr\u00e1tica independentemente de os pol\u00edticos possu\u00edrem resid\u00eancias oficiais, verbas de gabinete ou assessores.<\/p>\n\n\n\n<p>Na pr\u00e1tica, a Constitui\u00e7\u00e3o Federal estabelece o sal\u00e1rio dos ministros do Supremo Tribunal Federal (STF) como o teto m\u00e1ximo (teto constitucional) para o funcionalismo p\u00fablico brasileiro. Por sua vez, os subs\u00eddios dos chefes dos tr\u00eas poderes (Executivo, Legislativo e Judici\u00e1rio) e parlamentares tendem a ser alinhados a esse mesmo limite.<\/p>\n\n\n\n<h2 class=\"wp-block-heading\">Valores entregues a Lula s\u00e3o ligeiramente superiores<\/h2>\n\n\n\n<p>Enquanto senadores e deputados federais faturam exatamente o mesmo valor, o presidente da Rep\u00fablica, por vezes, ganha um valor ligeiramente diferente, dependendo da estrutura de gratifica\u00e7\u00f5es. Mesmo que a base salarial seja nivelada, o montante de R$ 46 mil \u00e9 considerado um &#8220;subs\u00eddio&#8221;, o que significa que, em tese, n\u00e3o deveria ser acrescido de verbas extras. A quest\u00e3o \u00e9 que os parlamentares contam com benef\u00edcios como aux\u00edlio-moradia e verbas de gabinete.<\/p>\n","protected":false},"excerpt":{"rendered":"<p>Apesar de preencher a cadeira de Chefe de Estado, Luiz In\u00e1cio Lula da Silva (PT) recebe sal\u00e1rio mensal de &#8220;apenas&#8221; R$ 46.366,19. Confira os demais cargos<\/p>\n","protected":false},"author":8,"featured_media":37584,"comment_status":"open","ping_status":"open","sticky":false,"template":"","format":"standard","meta":{"jnews-multi-image_gallery":[],"jnews_single_post":{"format":"standard"},"jnews_primary_category":[],"jnews_social_meta":[],"footnotes":""},"categories":[1],"tags":[],"class_list":["post-37583","post","type-post","status-publish","format-standard","has-post-thumbnail","hentry","category-mix"],"_links":{"self":[{"href":"https:\/\/correiodoestado.audiencelabs.com.br\/wp-json\/wp\/v2\/posts\/37583","targetHints":{"allow":["GET"]}}],"collection":[{"href":"https:\/\/correiodoestado.audiencelabs.com.br\/wp-json\/wp\/v2\/posts"}],"about":[{"href":"https:\/\/correiodoestado.audiencelabs.com.br\/wp-json\/wp\/v2\/types\/post"}],"author":[{"embeddable":true,"href":"https:\/\/correiodoestado.audiencelabs.com.br\/wp-json\/wp\/v2\/users\/8"}],"replies":[{"embeddable":true,"href":"https:\/\/correiodoestado.audiencelabs.com.br\/wp-json\/wp\/v2\/comments?post=37583"}],"version-history":[{"count":1,"href":"https:\/\/correiodoestado.audiencelabs.com.br\/wp-json\/wp\/v2\/posts\/37583\/revisions"}],"predecessor-version":[{"id":37585,"href":"https:\/\/correiodoestado.audiencelabs.com.br\/wp-json\/wp\/v2\/posts\/37583\/revisions\/37585"}],"wp:featuredmedia":[{"embeddable":true,"href":"https:\/\/correiodoestado.audiencelabs.com.br\/wp-json\/wp\/v2\/media\/37584"}],"wp:attachment":[{"href":"https:\/\/correiodoestado.audiencelabs.com.br\/wp-json\/wp\/v2\/media?parent=37583"}],"wp:term":[{"taxonomy":"category","embeddable":true,"href":"https:\/\/correiodoestado.audiencelabs.com.br\/wp-json\/wp\/v2\/categories?post=37583"},{"taxonomy":"post_tag","embeddable":true,"href":"https:\/\/correiodoestado.audiencelabs.com.br\/wp-json\/wp\/v2\/tags?post=37583"}],"curies":[{"name":"wp","href":"https:\/\/api.w.org\/{rel}","templated":true}]}}