{"id":37923,"date":"2026-04-03T11:02:00","date_gmt":"2026-04-03T14:02:00","guid":{"rendered":"https:\/\/correiodoestado.audiencelabs.com.br\/?p=37923"},"modified":"2026-04-02T19:21:18","modified_gmt":"2026-04-02T22:21:18","slug":"governo-determina-que-nao-existe-valor-maximo-no-pagamento-do-bolsa-familia","status":"publish","type":"post","link":"https:\/\/correiodoestado.audiencelabs.com.br\/governo-determina-que-nao-existe-valor-maximo-no-pagamento-do-bolsa-familia\/","title":{"rendered":"Governo determina que n\u00e3o existe valor m\u00e1ximo no pagamento do Bolsa Fam\u00edlia"},"content":{"rendered":"\n<p>O valor pago pelo Governo Federal aos benefici\u00e1rios do Bolsa Fam\u00edlia n\u00e3o segue um teto fixo e pode variar de acordo com a realidade de cada fam\u00edlia brasileira. O c\u00e1lculo \u00e9 feito de forma individualizada e leva em conta diferentes fatores para garantir que os inscritos no programa social consigam superar a situa\u00e7\u00e3o de vulnerabilidade e atingir uma renda m\u00ednima por pessoa.<\/p>\n\n\n\n<p>Na pr\u00e1tica, o benef\u00edcio \u00e9 ajustado para que a renda mensal por integrante da fam\u00edlia ultrapasse o patamar considerado de extrema pobreza. Por isso, n\u00e3o existe um valor padr\u00e3o igual para todos, j\u00e1 que o objetivo do programa \u00e9 complementar a renda seguindo a necessidade espec\u00edfica de cada n\u00facleo familiar.<\/p>\n\n\n\n<figure class=\"wp-block-gallery has-nested-images columns-default is-cropped wp-block-gallery-1 is-layout-flex wp-block-gallery-is-layout-flex\">\n<figure class=\"wp-block-image size-large\"><img loading=\"lazy\" decoding=\"async\" width=\"1024\" height=\"613\" data-id=\"37927\" src=\"https:\/\/correiodoestado.audiencelabs.com.br\/wp-content\/uploads\/2026\/03\/53627965394_380dd5f870_o-1024x613.webp\" alt=\"\" class=\"wp-image-37927\" srcset=\"https:\/\/correiodoestado.audiencelabs.com.br\/wp-content\/uploads\/2026\/03\/53627965394_380dd5f870_o-1024x613.webp 1024w, https:\/\/correiodoestado.audiencelabs.com.br\/wp-content\/uploads\/2026\/03\/53627965394_380dd5f870_o-300x179.webp 300w, https:\/\/correiodoestado.audiencelabs.com.br\/wp-content\/uploads\/2026\/03\/53627965394_380dd5f870_o-768x459.webp 768w, https:\/\/correiodoestado.audiencelabs.com.br\/wp-content\/uploads\/2026\/03\/53627965394_380dd5f870_o-750x449.webp 750w, https:\/\/correiodoestado.audiencelabs.com.br\/wp-content\/uploads\/2026\/03\/53627965394_380dd5f870_o-1140x682.webp 1140w, https:\/\/correiodoestado.audiencelabs.com.br\/wp-content\/uploads\/2026\/03\/53627965394_380dd5f870_o.webp 1170w\" sizes=\"auto, (max-width: 1024px) 100vw, 1024px\" \/><figcaption class=\"wp-element-caption\">Cr\u00e9ditos: Lyon Santos\/MDS<\/figcaption><\/figure>\n<\/figure>\n\n\n\n<p>Entre os crit\u00e9rios considerados no c\u00e1lculo est\u00e3o as informa\u00e7\u00f5es registradas no Cadastro \u00danico, o Cad\u00danico, o n\u00famero de pessoas que comp\u00f5em a fam\u00edlia e os valores de outros aux\u00edlios j\u00e1 recebidos dentro do pr\u00f3prio programa. Esses dados permitem que o Governo Federal possa definir quanto cada fam\u00edlia precisa receber para alcan\u00e7ar o m\u00ednimo estabelecido.<\/p>\n\n\n\n<h2 class=\"wp-block-heading\">Bolsa Fam\u00edlia ainda atende a milh\u00f5es de brasileiros<\/h2>\n\n\n\n<p>Para ter direito ao benef\u00edcio, a principal regra \u00e9 que a renda mensal por pessoa n\u00e3o ultrapasse R$ 218. Esse c\u00e1lculo \u00e9 feito somando todos os rendimentos da fam\u00edlia e dividindo pelo n\u00famero de integrantes, o que determina se o grupo se enquadra nos crit\u00e9rios exigidos ou n\u00e3o. Atualmente, o valor do Bolsa Fam\u00edlia mant\u00e9m um patamar m\u00e9dio de repasse superior\u00a0a R$ 638 por fam\u00edlia.<\/p>\n\n\n\n<p>Um exemplo pr\u00e1tico ajuda a entender: se apenas uma pessoa da fam\u00edlia recebe um sal\u00e1rio m\u00ednimo de R$ 1.518 e h\u00e1 sete integrantes no total, a renda por pessoa ser\u00e1 de R$ 216,85. Como o valor fica abaixo do limite estabelecido, essa fam\u00edlia pode ser inclu\u00edda no programa e passar a receber o benef\u00edcio.<\/p>\n","protected":false},"excerpt":{"rendered":"<p>O valor pago pelo Governo Federal aos benefici\u00e1rios do Bolsa Fam\u00edlia n\u00e3o segue um teto fixo e pode variar de acordo com a realidade de cada fam\u00edlia brasileira. O c\u00e1lculo \u00e9 feito de forma individualizada e leva em conta diferentes fatores para garantir que os inscritos no programa social consigam superar a situa\u00e7\u00e3o de vulnerabilidade [&hellip;]<\/p>\n","protected":false},"author":18,"featured_media":37925,"comment_status":"open","ping_status":"open","sticky":false,"template":"","format":"standard","meta":{"jnews-multi-image_gallery":[],"jnews_single_post":{"format":"standard"},"jnews_primary_category":[],"jnews_social_meta":[],"footnotes":""},"categories":[1],"tags":[],"class_list":["post-37923","post","type-post","status-publish","format-standard","has-post-thumbnail","hentry","category-mix"],"_links":{"self":[{"href":"https:\/\/correiodoestado.audiencelabs.com.br\/wp-json\/wp\/v2\/posts\/37923","targetHints":{"allow":["GET"]}}],"collection":[{"href":"https:\/\/correiodoestado.audiencelabs.com.br\/wp-json\/wp\/v2\/posts"}],"about":[{"href":"https:\/\/correiodoestado.audiencelabs.com.br\/wp-json\/wp\/v2\/types\/post"}],"author":[{"embeddable":true,"href":"https:\/\/correiodoestado.audiencelabs.com.br\/wp-json\/wp\/v2\/users\/18"}],"replies":[{"embeddable":true,"href":"https:\/\/correiodoestado.audiencelabs.com.br\/wp-json\/wp\/v2\/comments?post=37923"}],"version-history":[{"count":2,"href":"https:\/\/correiodoestado.audiencelabs.com.br\/wp-json\/wp\/v2\/posts\/37923\/revisions"}],"predecessor-version":[{"id":39443,"href":"https:\/\/correiodoestado.audiencelabs.com.br\/wp-json\/wp\/v2\/posts\/37923\/revisions\/39443"}],"wp:featuredmedia":[{"embeddable":true,"href":"https:\/\/correiodoestado.audiencelabs.com.br\/wp-json\/wp\/v2\/media\/37925"}],"wp:attachment":[{"href":"https:\/\/correiodoestado.audiencelabs.com.br\/wp-json\/wp\/v2\/media?parent=37923"}],"wp:term":[{"taxonomy":"category","embeddable":true,"href":"https:\/\/correiodoestado.audiencelabs.com.br\/wp-json\/wp\/v2\/categories?post=37923"},{"taxonomy":"post_tag","embeddable":true,"href":"https:\/\/correiodoestado.audiencelabs.com.br\/wp-json\/wp\/v2\/tags?post=37923"}],"curies":[{"name":"wp","href":"https:\/\/api.w.org\/{rel}","templated":true}]}}