{"id":38051,"date":"2026-03-24T10:31:00","date_gmt":"2026-03-24T13:31:00","guid":{"rendered":"https:\/\/correiodoestado.audiencelabs.com.br\/?p=38051"},"modified":"2026-03-24T13:26:46","modified_gmt":"2026-03-24T16:26:46","slug":"novo-trem-de-r-45-bilhoes-vai-ligar-capital-ao-destino-mais-badalado-do-inverno-gerando-quase-23-mil-empregos","status":"publish","type":"post","link":"https:\/\/correiodoestado.audiencelabs.com.br\/novo-trem-de-r-45-bilhoes-vai-ligar-capital-ao-destino-mais-badalado-do-inverno-gerando-quase-23-mil-empregos\/","title":{"rendered":"Novo trem de R$ 4,5 bilh\u00f5es vai ligar capital ao destino mais badalado do inverno gerando quase 23 mil empregos"},"content":{"rendered":"\n<p>Uma nova liga\u00e7\u00e3o ferrovi\u00e1ria entre o aeroporto de Porto Alegre e a Serra Ga\u00facha promete transformar a mobilidade no estado do Rio Grande do Sul. O projeto prev\u00ea a constru\u00e7\u00e3o de um trem moderno que sai da capital e vai at\u00e9 Gramado, com direito a um investimento bilion\u00e1rio, focando no turismo e no desenvolvimento regional.<\/p>\n\n\n\n<p>A iniciativa vai contar com cerca de R$ 4,5 bilh\u00f5es em investimentos privados e deve gerar mais de 22 mil empregos diretos e indiretos ao longo de sua implanta\u00e7\u00e3o. A proposta \u00e9 considerada in\u00e9dita no pa\u00eds por permitir a explora\u00e7\u00e3o privada de uma ferrovia estadual de passageiros, com concess\u00e3o de longo prazo. O trajeto ter\u00e1 in\u00edcio pr\u00f3ximo ao Aeroporto Internacional Salgado Filho, em Porto Alegre.<\/p>\n\n\n\n<figure class=\"wp-block-gallery has-nested-images columns-default is-cropped wp-block-gallery-1 is-layout-flex wp-block-gallery-is-layout-flex\">\n<figure class=\"wp-block-image size-large\"><img loading=\"lazy\" decoding=\"async\" width=\"770\" height=\"513\" data-id=\"38052\" src=\"https:\/\/correiodoestado.audiencelabs.com.br\/wp-content\/uploads\/2026\/03\/0d7a9393.webp\" alt=\"\" class=\"wp-image-38052\" srcset=\"https:\/\/correiodoestado.audiencelabs.com.br\/wp-content\/uploads\/2026\/03\/0d7a9393.webp 770w, https:\/\/correiodoestado.audiencelabs.com.br\/wp-content\/uploads\/2026\/03\/0d7a9393-300x200.webp 300w, https:\/\/correiodoestado.audiencelabs.com.br\/wp-content\/uploads\/2026\/03\/0d7a9393-768x512.webp 768w, https:\/\/correiodoestado.audiencelabs.com.br\/wp-content\/uploads\/2026\/03\/0d7a9393-750x500.webp 750w\" sizes=\"auto, (max-width: 770px) 100vw, 770px\" \/><figcaption class=\"wp-element-caption\">Cr\u00e9ditos: Valter Campanato\/Ag\u00eancia Brasil <\/figcaption><\/figure>\n<\/figure>\n\n\n\n<p>O trem segue at\u00e9 a Avenida das Hort\u00eansias, eixo tur\u00edstico entre Gramado e Canela. A linha vai cruzar 19 munic\u00edpios e impactar diretamente 22 cidades ao longo do percurso, o que promete aumentar a integra\u00e7\u00e3o regional. Com trens h\u00edbridos, movidos a eletricidade e diesel, a proposta tamb\u00e9m busca reduzir a emiss\u00e3o de poluentes. A viagem entre Porto Alegre e Gramado poder\u00e1 ser feita em cerca de uma hora.<\/p>\n\n\n\n<h2 class=\"wp-block-heading\">Novo trem vai ligar Porto Alegre \u00e0 Serra Ga\u00facha<\/h2>\n\n\n\n<p>Vale destacar que o trem vai reduzir significativamente o tempo atual de deslocamento por estrada, que costuma variar entre duas e tr\u00eas horas. Al\u00e9m de facilitar o acesso de turistas \u00e0 Serra Ga\u00facha, o novo modal deve impulsionar a economia local e fortalecer o setor de transporte no Estado. A expectativa \u00e9 de que o sistema entre em opera\u00e7\u00e3o na pr\u00f3xima d\u00e9cada, ap\u00f3s etapas de licenciamento, capta\u00e7\u00e3o de recursos e execu\u00e7\u00e3o das obras.<\/p>\n\n\n\n<p>&#8220;Os estudos apontam a viabilidade econ\u00f4mica e t\u00e9cnica desse projeto, temos uma boa expectativa de que ele possa se transformar em realidade at\u00e9 o in\u00edcio da pr\u00f3xima d\u00e9cada, ou seja, at\u00e9 2030, 2033. Sem d\u00favida nenhuma, essa linha f\u00e9rrea tamb\u00e9m colaborar\u00e1 ainda mais para a consolida\u00e7\u00e3o e potencializa\u00e7\u00e3o da voca\u00e7\u00e3o tur\u00edstica aqui na Serra Ga\u00facha&#8221;, comentou o governador do estado, Eduardo Leite. <\/p>\n","protected":false},"excerpt":{"rendered":"<p>Uma nova liga\u00e7\u00e3o ferrovi\u00e1ria entre o aeroporto de Porto Alegre e a Serra Ga\u00facha promete transformar a mobilidade no estado do Rio Grande do Sul. O projeto prev\u00ea a constru\u00e7\u00e3o de um trem moderno que sai da capital e vai at\u00e9 Gramado, com direito a um investimento bilion\u00e1rio, focando no turismo e no desenvolvimento regional. [&hellip;]<\/p>\n","protected":false},"author":18,"featured_media":31930,"comment_status":"open","ping_status":"open","sticky":false,"template":"","format":"standard","meta":{"jnews-multi-image_gallery":[],"jnews_single_post":{"format":"standard"},"jnews_primary_category":[],"jnews_social_meta":[],"footnotes":""},"categories":[1],"tags":[],"class_list":["post-38051","post","type-post","status-publish","format-standard","has-post-thumbnail","hentry","category-mix"],"_links":{"self":[{"href":"https:\/\/correiodoestado.audiencelabs.com.br\/wp-json\/wp\/v2\/posts\/38051","targetHints":{"allow":["GET"]}}],"collection":[{"href":"https:\/\/correiodoestado.audiencelabs.com.br\/wp-json\/wp\/v2\/posts"}],"about":[{"href":"https:\/\/correiodoestado.audiencelabs.com.br\/wp-json\/wp\/v2\/types\/post"}],"author":[{"embeddable":true,"href":"https:\/\/correiodoestado.audiencelabs.com.br\/wp-json\/wp\/v2\/users\/18"}],"replies":[{"embeddable":true,"href":"https:\/\/correiodoestado.audiencelabs.com.br\/wp-json\/wp\/v2\/comments?post=38051"}],"version-history":[{"count":1,"href":"https:\/\/correiodoestado.audiencelabs.com.br\/wp-json\/wp\/v2\/posts\/38051\/revisions"}],"predecessor-version":[{"id":38054,"href":"https:\/\/correiodoestado.audiencelabs.com.br\/wp-json\/wp\/v2\/posts\/38051\/revisions\/38054"}],"wp:featuredmedia":[{"embeddable":true,"href":"https:\/\/correiodoestado.audiencelabs.com.br\/wp-json\/wp\/v2\/media\/31930"}],"wp:attachment":[{"href":"https:\/\/correiodoestado.audiencelabs.com.br\/wp-json\/wp\/v2\/media?parent=38051"}],"wp:term":[{"taxonomy":"category","embeddable":true,"href":"https:\/\/correiodoestado.audiencelabs.com.br\/wp-json\/wp\/v2\/categories?post=38051"},{"taxonomy":"post_tag","embeddable":true,"href":"https:\/\/correiodoestado.audiencelabs.com.br\/wp-json\/wp\/v2\/tags?post=38051"}],"curies":[{"name":"wp","href":"https:\/\/api.w.org\/{rel}","templated":true}]}}