{"id":38101,"date":"2026-03-24T12:50:00","date_gmt":"2026-03-24T15:50:00","guid":{"rendered":"https:\/\/correiodoestado.audiencelabs.com.br\/?p=38101"},"modified":"2026-03-24T12:22:18","modified_gmt":"2026-03-24T15:22:18","slug":"7-flores-para-plantar-sem-medo-no-outono-de-2026","status":"publish","type":"post","link":"https:\/\/correiodoestado.audiencelabs.com.br\/7-flores-para-plantar-sem-medo-no-outono-de-2026\/","title":{"rendered":"7 flores para plantar sem medo no outono de 2026"},"content":{"rendered":"\n<p>O dia 20 de mar\u00e7o foi marcado pelo in\u00edcio do outono no Brasil, esta\u00e7\u00e3o marcada pela queda de folhas, menor ocorr\u00eancia de chuvas, ar mais seco e ventanias. Apesar de simbolizar a transi\u00e7\u00e3o entre ver\u00e3o e inverno, costuma ser prop\u00edcia tamb\u00e9m para o plantio, uma vez que \u00e9 tomada pela abund\u00e2ncia na colheita. Por outro lado, as <a href=\"https:\/\/correiodoestado.com.br\/mix\/maior-floresta-do-brasil-conta-com-55-milhoes-de-arvores-escondidas\/\" target=\"_blank\" rel=\"noreferrer noopener\">flores <\/a>podem ser semeadas, potencializando o clima pacificador.<\/p>\n\n\n\n<p>Aos amantes da vegeta\u00e7\u00e3o, \u00e9 poss\u00edvel plantar algumas flores no outono sem ter que se preocupar com seu descenso natural. Para isso, \u00e9 necess\u00e1rio selecionar as esp\u00e9cies que conseguem se adaptar com facilidade a temperaturas amenas e que fogem do calor escaldante do ver\u00e3o. Especialmente no Sul e Sudeste do Brasil, algumas escolhas podem trazer jardins vibrantes e resistentes.<\/p>\n\n\n\n<figure class=\"wp-block-image size-large\"><img loading=\"lazy\" decoding=\"async\" width=\"1024\" height=\"683\" src=\"https:\/\/correiodoestado.audiencelabs.com.br\/wp-content\/uploads\/2026\/03\/tomoko-uji-kxvn1ogpTtE-unsplash-1024x683.jpg\" alt=\"\" class=\"wp-image-38106\" srcset=\"https:\/\/correiodoestado.audiencelabs.com.br\/wp-content\/uploads\/2026\/03\/tomoko-uji-kxvn1ogpTtE-unsplash-1024x683.jpg 1024w, https:\/\/correiodoestado.audiencelabs.com.br\/wp-content\/uploads\/2026\/03\/tomoko-uji-kxvn1ogpTtE-unsplash-300x200.jpg 300w, https:\/\/correiodoestado.audiencelabs.com.br\/wp-content\/uploads\/2026\/03\/tomoko-uji-kxvn1ogpTtE-unsplash-768x512.jpg 768w, https:\/\/correiodoestado.audiencelabs.com.br\/wp-content\/uploads\/2026\/03\/tomoko-uji-kxvn1ogpTtE-unsplash-1536x1024.jpg 1536w, https:\/\/correiodoestado.audiencelabs.com.br\/wp-content\/uploads\/2026\/03\/tomoko-uji-kxvn1ogpTtE-unsplash-750x500.jpg 750w, https:\/\/correiodoestado.audiencelabs.com.br\/wp-content\/uploads\/2026\/03\/tomoko-uji-kxvn1ogpTtE-unsplash-1140x760.jpg 1140w, https:\/\/correiodoestado.audiencelabs.com.br\/wp-content\/uploads\/2026\/03\/tomoko-uji-kxvn1ogpTtE-unsplash.jpg 1920w\" sizes=\"auto, (max-width: 1024px) 100vw, 1024px\" \/><figcaption class=\"wp-element-caption\">Cr\u00e9ditos: Unsplash<\/figcaption><\/figure>\n\n\n\n<h2 class=\"wp-block-heading\">Mas, afinal, quais plantas escolher?<\/h2>\n\n\n\n<p><strong>Amor-perfeito:<\/strong> \u00e9 uma planta de clima ameno que\u00a0prospera no outono e inverno, sendo uma das escolhas mais assertivas para canteiros e vasos. Resistente ao frio, consegue explorar sua diversidade de cores (roxo, amarelo e branco) entre mar\u00e7o e junho. Conforme os especialistas, \u00e9 recomendado plant\u00e1-la em solo \u00famido, adubando a cada 15 dias para uma flora\u00e7\u00e3o cont\u00ednua.<\/p>\n\n\n\n<p><strong>Cal\u00eandula:<\/strong> \u00e9 caracterizada por prosperar em climas amenos e florescer com tons vibrantes de amarelo e laranja, mesmo com a queda de temperaturas. Para quem n\u00e3o gosta de desprender muita aten\u00e7\u00e3o com cuidados, essa esp\u00e9cie \u00e9 de baixa manuten\u00e7\u00e3o e resiste bem ao frio leve. Na pr\u00e1tica, \u00e9 ideal para canteiros ou vasos, mas prefira deposit\u00e1-la em sol pleno.<\/p>\n\n\n\n<p><strong>Cravina:<\/strong> essa flor adapta-se perfeitamente \u00e0s temperaturas mais amenas e, frequentemente, floresce ou prepara-se para o auge no inverno. Pr\u00e1tica e robusta, oferece flores mi\u00fadas em tons vivos como rosa e vermelho. S\u00e3o indicadas para estarem em jardins delicados ou bordaduras, uma vez que s\u00e3o resistentes a solos pobres.<\/p>\n\n\n\n<p><strong>Pet\u00fania:<\/strong> na pr\u00e1tica, prosperam melhor em regi\u00f5es de clima ameno, em que o frio intenso ainda n\u00e3o chegou. Essa op\u00e7\u00e3o aprecia sol pleno, solo rico em mat\u00e9ria org\u00e2nica e bem drenado, exigindo regas moderadas (sem encharcar) para evitar apodrecimento. A dica \u00e9 utilizar fertilizante rico em pot\u00e1ssio para prolongar a flora\u00e7\u00e3o.<\/p>\n\n\n\n<p><strong>Ger\u00e2nio:<\/strong> aos interessados, essa alternativa suporta quedas de temperatura com flora\u00e7\u00e3o incessante em vermelho, rosa ou salm\u00e3o. O ponto favor\u00e1vel fica a cargo da manuten\u00e7\u00e3o, tendo em vista que \u00e9 necess\u00e1rio apenas ter acesso ao sol direto e drenagem boa com o intuito de evitar pragas.<\/p>\n\n\n\n<p><strong>Pr\u00edmula:<\/strong> de modo geral, essas flores surgem quando as temperaturas come\u00e7am a diminuir, sendo uma \u00f3tima escolha para colorir o jardim ou interiores durante essa esta\u00e7\u00e3o. Sobretudo, s\u00e3o \u00f3timas para serras frias do Sul, com flores delicadas em past\u00e9is. O recomendado \u00e9 plant\u00e1-las em sombra parcial e solo \u00e1cido.<\/p>\n\n\n\n<p><strong>Boca-de-le\u00e3o:<\/strong> por \u00faltimo, mas n\u00e3o menos importante, essa op\u00e7\u00e3o \u00e9 \u00f3tima para o outono, j\u00e1 que prefere temperaturas amenas. Essa esta\u00e7\u00e3o corresponde ao momento perfeito para plantar, pois costuma prosperar em clima mais frio, exigindo sol direto, solo rico em mat\u00e9ria org\u00e2nica, boa drenagem e regas constantes.<\/p>\n","protected":false},"excerpt":{"rendered":"<p>pesar de simbolizar a transi\u00e7\u00e3o entre ver\u00e3o e inverso, costuma ser prop\u00edcia tamb\u00e9m para o plantio, uma vez que \u00e9 tomada pela abund\u00e2ncia na colheita<\/p>\n","protected":false},"author":8,"featured_media":38107,"comment_status":"open","ping_status":"open","sticky":false,"template":"","format":"standard","meta":{"jnews-multi-image_gallery":[],"jnews_single_post":{"format":"standard"},"jnews_primary_category":[],"jnews_social_meta":[],"footnotes":""},"categories":[1],"tags":[],"class_list":["post-38101","post","type-post","status-publish","format-standard","has-post-thumbnail","hentry","category-mix"],"_links":{"self":[{"href":"https:\/\/correiodoestado.audiencelabs.com.br\/wp-json\/wp\/v2\/posts\/38101","targetHints":{"allow":["GET"]}}],"collection":[{"href":"https:\/\/correiodoestado.audiencelabs.com.br\/wp-json\/wp\/v2\/posts"}],"about":[{"href":"https:\/\/correiodoestado.audiencelabs.com.br\/wp-json\/wp\/v2\/types\/post"}],"author":[{"embeddable":true,"href":"https:\/\/correiodoestado.audiencelabs.com.br\/wp-json\/wp\/v2\/users\/8"}],"replies":[{"embeddable":true,"href":"https:\/\/correiodoestado.audiencelabs.com.br\/wp-json\/wp\/v2\/comments?post=38101"}],"version-history":[{"count":1,"href":"https:\/\/correiodoestado.audiencelabs.com.br\/wp-json\/wp\/v2\/posts\/38101\/revisions"}],"predecessor-version":[{"id":38108,"href":"https:\/\/correiodoestado.audiencelabs.com.br\/wp-json\/wp\/v2\/posts\/38101\/revisions\/38108"}],"wp:featuredmedia":[{"embeddable":true,"href":"https:\/\/correiodoestado.audiencelabs.com.br\/wp-json\/wp\/v2\/media\/38107"}],"wp:attachment":[{"href":"https:\/\/correiodoestado.audiencelabs.com.br\/wp-json\/wp\/v2\/media?parent=38101"}],"wp:term":[{"taxonomy":"category","embeddable":true,"href":"https:\/\/correiodoestado.audiencelabs.com.br\/wp-json\/wp\/v2\/categories?post=38101"},{"taxonomy":"post_tag","embeddable":true,"href":"https:\/\/correiodoestado.audiencelabs.com.br\/wp-json\/wp\/v2\/tags?post=38101"}],"curies":[{"name":"wp","href":"https:\/\/api.w.org\/{rel}","templated":true}]}}