{"id":38129,"date":"2026-03-25T08:15:00","date_gmt":"2026-03-25T11:15:00","guid":{"rendered":"https:\/\/correiodoestado.audiencelabs.com.br\/?p=38129"},"modified":"2026-03-25T09:25:53","modified_gmt":"2026-03-25T12:25:53","slug":"cidade-eleita-a-mais-suja-do-brasil-ja-foi-capital-federal-no-passado","status":"publish","type":"post","link":"https:\/\/correiodoestado.audiencelabs.com.br\/cidade-eleita-a-mais-suja-do-brasil-ja-foi-capital-federal-no-passado\/","title":{"rendered":"Cidade eleita a mais suja do Brasil j\u00e1 foi capital federal no passado"},"content":{"rendered":"\n<p>A qualidade da limpeza urbana nas cidades do Brasil foi avaliada no levantamento do Instituto Verit\u00e1, que fez uma pesquisa sobre a percep\u00e7\u00e3o da popula\u00e7\u00e3o em capitais e centenas de munic\u00edpios. O estudo revelou contrastes significativos entre as regi\u00f5es, com destaque positivo para Curitiba, no Paran\u00e1, e desempenho preocupante em Bel\u00e9m, no Par\u00e1.<\/p>\n\n\n\n<p>A pesquisa ouviu 3.326 pessoas em todo o pa\u00eds e apontou que 53,1% dos entrevistados consideram satisfat\u00f3ria a limpeza p\u00fablica em suas cidades, enquanto 46,9% demonstraram insatisfa\u00e7\u00e3o. Apesar da divis\u00e3o, os dados indicam que, em muitas localidades, os servi\u00e7os ainda enfrentam desafios estruturais e de gest\u00e3o.<\/p>\n\n\n\n<figure class=\"wp-block-gallery has-nested-images columns-default is-cropped wp-block-gallery-1 is-layout-flex wp-block-gallery-is-layout-flex\">\n<figure class=\"wp-block-image size-large\"><img loading=\"lazy\" decoding=\"async\" width=\"770\" height=\"513\" data-id=\"38130\" src=\"https:\/\/correiodoestado.audiencelabs.com.br\/wp-content\/uploads\/2026\/03\/rbr0905.webp\" alt=\"\" class=\"wp-image-38130\" srcset=\"https:\/\/correiodoestado.audiencelabs.com.br\/wp-content\/uploads\/2026\/03\/rbr0905.webp 770w, https:\/\/correiodoestado.audiencelabs.com.br\/wp-content\/uploads\/2026\/03\/rbr0905-300x200.webp 300w, https:\/\/correiodoestado.audiencelabs.com.br\/wp-content\/uploads\/2026\/03\/rbr0905-768x512.webp 768w, https:\/\/correiodoestado.audiencelabs.com.br\/wp-content\/uploads\/2026\/03\/rbr0905-750x500.webp 750w\" sizes=\"auto, (max-width: 770px) 100vw, 770px\" \/><figcaption class=\"wp-element-caption\">Cr\u00e9ditos: T\u00e2nia R\u00eago\/Ag\u00eancia Brasil <\/figcaption><\/figure>\n<\/figure>\n\n\n\n<p>Entre as capitais, Curitiba lidera com folga, registrando 78% de aprova\u00e7\u00e3o da popula\u00e7\u00e3o. Na sequ\u00eancia aparecem Boa Vista (71%), Bras\u00edlia (60%), Vit\u00f3ria (60%) e Palmas (59%). Na outra ponta do ranking, Bel\u00e9m aparece com apenas 20% de aprova\u00e7\u00e3o. A capital paraense enfrenta dificuldades como a satura\u00e7\u00e3o do aterro sanit\u00e1rio e d\u00edvidas relacionadas ao tratamento de res\u00edduos. <\/p>\n\n\n\n<h2 class=\"wp-block-heading\">Bel\u00e9m \u00e9 a capital mais suja do Brasil<\/h2>\n\n\n\n<p>O cen\u00e1rio chama aten\u00e7\u00e3o especialmente porque a cidade foi sede da COP30, evento internacional que reuniu lideran\u00e7as globais para discutir mudan\u00e7as clim\u00e1ticas. Nesse contexto, o presidente Luiz In\u00e1cio Lula da Silva sancionou a medida que transferiu simbolicamente a capital federal do pa\u00eds para Bel\u00e9m durante a realiza\u00e7\u00e3o da confer\u00eancia.<\/p>\n\n\n\n<p>A iniciativa permitiu que os tr\u00eas Poderes atuassem diretamente da cidade no per\u00edodo, refor\u00e7ando a import\u00e2ncia do evento e ampliando os desafios locais de infraestrutura e organiza\u00e7\u00e3o urbana. Confira a seguir como ficou o levantamento:<\/p>\n\n\n\n<p><strong>Capitais mais limpas:<\/strong><\/p>\n\n\n\n<ul class=\"wp-block-list\">\n<li>1\u00ba lugar: Curitiba \u2013 78% das avalia\u00e7\u00f5es positivas;<\/li>\n\n\n\n<li>2\u00ba lugar: Boa Vista \u2013 71% das avalia\u00e7\u00f5es positivas;<\/li>\n\n\n\n<li>3\u00ba lugar: Bras\u00edlia \u2013 60% das avalia\u00e7\u00f5es positivas;<\/li>\n\n\n\n<li>4\u00ba lugar: Vit\u00f3ria \u2013 60% das avalia\u00e7\u00f5es positivas;<\/li>\n\n\n\n<li>5\u00ba lugar: Palmas \u2013 59% das avalia\u00e7\u00f5es positivas;<\/li>\n\n\n\n<li>6\u00ba lugar: Florian\u00f3polis \u2013 58% das avalia\u00e7\u00f5es positivas;<\/li>\n\n\n\n<li>7\u00ba lugar: Macap\u00e1 \u2013 57% das avalia\u00e7\u00f5es positivas;<\/li>\n\n\n\n<li>8\u00ba lugar: Aracaju \u2013 57% das avalia\u00e7\u00f5es positivas;<\/li>\n\n\n\n<li>9\u00ba lugar: Belo Horizonte \u2013 55% das avalia\u00e7\u00f5es positivas;<\/li>\n\n\n\n<li>10\u00ba lugar: Jo\u00e3o Pessoa \u2013 54% das avalia\u00e7\u00f5es positivas.<\/li>\n<\/ul>\n\n\n\n<p><strong>Capitais mais sujas:<\/strong><\/p>\n\n\n\n<ul class=\"wp-block-list\">\n<li>1\u00ba lugar: Bel\u00e9m \u2013 80% das avalia\u00e7\u00f5es;<\/li>\n\n\n\n<li>2\u00ba lugar: Teresina \u2013 80% das avalia\u00e7\u00f5es;<\/li>\n\n\n\n<li>3\u00ba lugar: Fortaleza \u2013 69% das avalia\u00e7\u00f5es;<\/li>\n\n\n\n<li>4\u00ba lugar: S\u00e3o Paulo \u2013 66% das avalia\u00e7\u00f5es;<\/li>\n\n\n\n<li>5\u00ba lugar: Cuiab\u00e1 \u2013 66% das avalia\u00e7\u00f5es;<\/li>\n\n\n\n<li>6\u00ba lugar: Goi\u00e2nia \u2013 64% das avalia\u00e7\u00f5es;<\/li>\n\n\n\n<li>7\u00ba lugar: Manaus \u2013 59% das avalia\u00e7\u00f5es;<\/li>\n\n\n\n<li>8\u00ba lugar: Rio Branco \u2013 58% das avalia\u00e7\u00f5es;<\/li>\n\n\n\n<li>9\u00ba lugar: Recife \u2013 57% das avalia\u00e7\u00f5es;<\/li>\n\n\n\n<li>10\u00ba lugar: S\u00e3o Lu\u00eds \u2013 57% das avalia\u00e7\u00f5es<\/li>\n<\/ul>\n","protected":false},"excerpt":{"rendered":"<p>A qualidade da limpeza urbana nas cidades do Brasil foi avaliada no levantamento do Instituto Verit\u00e1, que fez uma pesquisa sobre a percep\u00e7\u00e3o da popula\u00e7\u00e3o em capitais e centenas de munic\u00edpios. O estudo revelou contrastes significativos entre as regi\u00f5es, com destaque positivo para Curitiba, no Paran\u00e1, e desempenho preocupante em Bel\u00e9m, no Par\u00e1. A pesquisa [&hellip;]<\/p>\n","protected":false},"author":18,"featured_media":32216,"comment_status":"open","ping_status":"open","sticky":false,"template":"","format":"standard","meta":{"jnews-multi-image_gallery":[],"jnews_single_post":{"format":"standard"},"jnews_primary_category":[],"jnews_social_meta":[],"footnotes":""},"categories":[1],"tags":[],"class_list":["post-38129","post","type-post","status-publish","format-standard","has-post-thumbnail","hentry","category-mix"],"_links":{"self":[{"href":"https:\/\/correiodoestado.audiencelabs.com.br\/wp-json\/wp\/v2\/posts\/38129","targetHints":{"allow":["GET"]}}],"collection":[{"href":"https:\/\/correiodoestado.audiencelabs.com.br\/wp-json\/wp\/v2\/posts"}],"about":[{"href":"https:\/\/correiodoestado.audiencelabs.com.br\/wp-json\/wp\/v2\/types\/post"}],"author":[{"embeddable":true,"href":"https:\/\/correiodoestado.audiencelabs.com.br\/wp-json\/wp\/v2\/users\/18"}],"replies":[{"embeddable":true,"href":"https:\/\/correiodoestado.audiencelabs.com.br\/wp-json\/wp\/v2\/comments?post=38129"}],"version-history":[{"count":4,"href":"https:\/\/correiodoestado.audiencelabs.com.br\/wp-json\/wp\/v2\/posts\/38129\/revisions"}],"predecessor-version":[{"id":38257,"href":"https:\/\/correiodoestado.audiencelabs.com.br\/wp-json\/wp\/v2\/posts\/38129\/revisions\/38257"}],"wp:featuredmedia":[{"embeddable":true,"href":"https:\/\/correiodoestado.audiencelabs.com.br\/wp-json\/wp\/v2\/media\/32216"}],"wp:attachment":[{"href":"https:\/\/correiodoestado.audiencelabs.com.br\/wp-json\/wp\/v2\/media?parent=38129"}],"wp:term":[{"taxonomy":"category","embeddable":true,"href":"https:\/\/correiodoestado.audiencelabs.com.br\/wp-json\/wp\/v2\/categories?post=38129"},{"taxonomy":"post_tag","embeddable":true,"href":"https:\/\/correiodoestado.audiencelabs.com.br\/wp-json\/wp\/v2\/tags?post=38129"}],"curies":[{"name":"wp","href":"https:\/\/api.w.org\/{rel}","templated":true}]}}