{"id":38302,"date":"2026-03-26T06:45:00","date_gmt":"2026-03-26T09:45:00","guid":{"rendered":"https:\/\/correiodoestado.audiencelabs.com.br\/?p=38302"},"modified":"2026-03-25T14:37:07","modified_gmt":"2026-03-25T17:37:07","slug":"mais-um-estado-pode-obrigar-que-supermercados-fechem-aos-domingos","status":"publish","type":"post","link":"https:\/\/correiodoestado.audiencelabs.com.br\/mais-um-estado-pode-obrigar-que-supermercados-fechem-aos-domingos\/","title":{"rendered":"Mais um estado pode obrigar que supermercados fechem aos domingos"},"content":{"rendered":"\n<p>Alguns estados brasileiros adotaram a redu\u00e7\u00e3o da escala de trabalho dos funcion\u00e1rios, optando por fechar as portas dos empreendimentos aos domingos. Diante desse cen\u00e1rio, <a href=\"https:\/\/correiodoestado.com.br\/mix\/convencao-coletiva-estabelece-multa-pesada-para-supermercados-que-abrirem-aos-domingos-de-marco-neste-estado\/\" target=\"_blank\" rel=\"noreferrer noopener\">supermercados<\/a>, hipermercados e atacarejos em Goi\u00e1s podem adotar os mesmos protocolos nas pr\u00f3ximas semanas. A ideia \u00e9 alinhar os \u00faltimos ajustes para que, a partir de abril, o fechamento j\u00e1 seja uma realidade.<\/p>\n\n\n\n<p>Embora a euforia tenha tomado conta dos colaboradores, a proposta ainda se encontra em discuss\u00e3o dentro da Conven\u00e7\u00e3o Coletiva de Trabalho (CCT) do setor. Para que as atividades sejam encerradas aos domingos, \u00e9 necess\u00e1rio um pr\u00e9vio acordo entre representantes dos trabalhadores e empres\u00e1rios. Na pr\u00e1tica, o protocolo tende a garantir um dia fixo de descanso na semana.<\/p>\n\n\n\n<figure class=\"wp-block-image size-large\"><img loading=\"lazy\" decoding=\"async\" width=\"1024\" height=\"673\" src=\"https:\/\/correiodoestado.audiencelabs.com.br\/wp-content\/uploads\/2026\/03\/jack-lee-IH65r4HEQWQ-unsplash-1024x673.jpg\" alt=\"\" class=\"wp-image-38304\" srcset=\"https:\/\/correiodoestado.audiencelabs.com.br\/wp-content\/uploads\/2026\/03\/jack-lee-IH65r4HEQWQ-unsplash-1024x673.jpg 1024w, https:\/\/correiodoestado.audiencelabs.com.br\/wp-content\/uploads\/2026\/03\/jack-lee-IH65r4HEQWQ-unsplash-300x197.jpg 300w, https:\/\/correiodoestado.audiencelabs.com.br\/wp-content\/uploads\/2026\/03\/jack-lee-IH65r4HEQWQ-unsplash-768x505.jpg 768w, https:\/\/correiodoestado.audiencelabs.com.br\/wp-content\/uploads\/2026\/03\/jack-lee-IH65r4HEQWQ-unsplash-1536x1010.jpg 1536w, https:\/\/correiodoestado.audiencelabs.com.br\/wp-content\/uploads\/2026\/03\/jack-lee-IH65r4HEQWQ-unsplash-750x493.jpg 750w, https:\/\/correiodoestado.audiencelabs.com.br\/wp-content\/uploads\/2026\/03\/jack-lee-IH65r4HEQWQ-unsplash-1140x749.jpg 1140w, https:\/\/correiodoestado.audiencelabs.com.br\/wp-content\/uploads\/2026\/03\/jack-lee-IH65r4HEQWQ-unsplash.jpg 1920w\" sizes=\"auto, (max-width: 1024px) 100vw, 1024px\" \/><figcaption class=\"wp-element-caption\">Cr\u00e9ditos: Unsplash<\/figcaption><\/figure>\n\n\n\n<p>Nos \u00faltimos meses, a discuss\u00e3o sobre o fim da escala 6&#215;1 ganhou destaque nacional, com muitos empres\u00e1rios mostrando-se contra a medida. Contudo, a realidade no estado de Goi\u00e1s ligou o sinal de alerta, tendo em vista a dificuldade encontrada para preencher vagas oferecidas no setor supermercadista. Portanto, com o fechamento dos port\u00f5es aos domingos, o cen\u00e1rio pode se tornar favor\u00e1vel.<\/p>\n\n\n\n<p>Por outro lado, al\u00e9m da possibilidade de encerrar as atividades aos domingos, v\u00eam sendo pautados ajustes na jornada de trabalho dos funcion\u00e1rios de supermercados, hipermercados e atacarejos. Em resumo, est\u00e1 sendo discutida a redu\u00e7\u00e3o da carga semanal e chances de funcionamento estendido aos s\u00e1bados. Essa mudan\u00e7a de curso tende a compensar o impacto no faturamento.<\/p>\n\n\n\n<h2 class=\"wp-block-heading\">O que \u00e9 preciso para os supermercados fecharem aos domingos?<\/h2>\n\n\n\n<p>A discuss\u00e3o tende a gerar novos desdobramentos. Isso porque a proposta foi encaminhada pelo sindicato que representa os trabalhadores aos sindicatos que s\u00e3o respons\u00e1veis pelas companhias. Nesse cen\u00e1rio, as empresas devolvem a minuta inicial, corrigindo os pontos com os quais n\u00e3o concordam. Por \u00faltimo, para entrar em vig\u00eancia, as assinaturas de todos os documentos, por parte das duas entidades, devem ser sacramentadas.<\/p>\n\n\n\n<p>Atualmente, os colaboradores dos supermercados trabalham em uma jornada de oito horas di\u00e1rias, com uma folga semanal, cujo dia varia conforme a escala da empresa. Pela proposta que ser\u00e1 levada pelo sindicato dos funcion\u00e1rios, a escala continuar\u00e1 de seis dias de trabalho por semana, mas com jornada de seis horas di\u00e1rias.<\/p>\n","protected":false},"excerpt":{"rendered":"<p>Diante desse cen\u00e1rio, supermercados, hipermercados e atacarejos podem adotar os mesmos protocolos nas pr\u00f3ximas semanas. Entenda o que est\u00e1 em jogo<\/p>\n","protected":false},"author":8,"featured_media":38303,"comment_status":"open","ping_status":"open","sticky":false,"template":"","format":"standard","meta":{"jnews-multi-image_gallery":[],"jnews_single_post":{"format":"standard"},"jnews_primary_category":[],"jnews_social_meta":[],"footnotes":""},"categories":[1],"tags":[],"class_list":["post-38302","post","type-post","status-publish","format-standard","has-post-thumbnail","hentry","category-mix"],"_links":{"self":[{"href":"https:\/\/correiodoestado.audiencelabs.com.br\/wp-json\/wp\/v2\/posts\/38302","targetHints":{"allow":["GET"]}}],"collection":[{"href":"https:\/\/correiodoestado.audiencelabs.com.br\/wp-json\/wp\/v2\/posts"}],"about":[{"href":"https:\/\/correiodoestado.audiencelabs.com.br\/wp-json\/wp\/v2\/types\/post"}],"author":[{"embeddable":true,"href":"https:\/\/correiodoestado.audiencelabs.com.br\/wp-json\/wp\/v2\/users\/8"}],"replies":[{"embeddable":true,"href":"https:\/\/correiodoestado.audiencelabs.com.br\/wp-json\/wp\/v2\/comments?post=38302"}],"version-history":[{"count":3,"href":"https:\/\/correiodoestado.audiencelabs.com.br\/wp-json\/wp\/v2\/posts\/38302\/revisions"}],"predecessor-version":[{"id":38369,"href":"https:\/\/correiodoestado.audiencelabs.com.br\/wp-json\/wp\/v2\/posts\/38302\/revisions\/38369"}],"wp:featuredmedia":[{"embeddable":true,"href":"https:\/\/correiodoestado.audiencelabs.com.br\/wp-json\/wp\/v2\/media\/38303"}],"wp:attachment":[{"href":"https:\/\/correiodoestado.audiencelabs.com.br\/wp-json\/wp\/v2\/media?parent=38302"}],"wp:term":[{"taxonomy":"category","embeddable":true,"href":"https:\/\/correiodoestado.audiencelabs.com.br\/wp-json\/wp\/v2\/categories?post=38302"},{"taxonomy":"post_tag","embeddable":true,"href":"https:\/\/correiodoestado.audiencelabs.com.br\/wp-json\/wp\/v2\/tags?post=38302"}],"curies":[{"name":"wp","href":"https:\/\/api.w.org\/{rel}","templated":true}]}}