{"id":38845,"date":"2026-04-05T08:16:00","date_gmt":"2026-04-05T11:16:00","guid":{"rendered":"https:\/\/correiodoestado.audiencelabs.com.br\/?p=38845"},"modified":"2026-04-02T18:58:09","modified_gmt":"2026-04-02T21:58:09","slug":"nova-regra-do-inss-garante-otima-noticia-para-quem-trabalhou-como-agricultor-antes-de-1991","status":"publish","type":"post","link":"https:\/\/correiodoestado.audiencelabs.com.br\/nova-regra-do-inss-garante-otima-noticia-para-quem-trabalhou-como-agricultor-antes-de-1991\/","title":{"rendered":"Nova regra do INSS garante \u00f3tima not\u00edcia para quem trabalhou como agricultor antes de 1991"},"content":{"rendered":"\n<p>Uma nova lei que altera as regras do Instituto Nacional do Seguro Social (INSS) foi sancionada pelo presidente da Rep\u00fablica, Luiz In\u00e1cio Lula da Silva (PT), e publicada no Di\u00e1rio Oficial da Uni\u00e3o na \u00faltima sexta-feira (27). A medida traz mudan\u00e7as importantes para trabalhadores rurais e facilita o reconhecimento de per\u00edodos antigos de trabalho no campo para efeitos de aposentadoria.<\/p>\n\n\n\n<p>A Lei 15.363 determina que trabalhadores rurais que exerceram atividades antes da obrigatoriedade de contribui\u00e7\u00e3o ao INSS n\u00e3o precisar\u00e3o mais pagar multa para validar esse tempo de servi\u00e7o. A mudan\u00e7a beneficia especialmente aqueles que atuaram no campo antes de 1991, quando a filia\u00e7\u00e3o ao Regime Geral de Previd\u00eancia Social (RGPS) ainda n\u00e3o era obrigat\u00f3ria.<\/p>\n\n\n\n<figure class=\"wp-block-gallery has-nested-images columns-default is-cropped wp-block-gallery-1 is-layout-flex wp-block-gallery-is-layout-flex\">\n<figure class=\"wp-block-image size-large\"><img loading=\"lazy\" decoding=\"async\" width=\"1024\" height=\"613\" data-id=\"38851\" src=\"https:\/\/correiodoestado.audiencelabs.com.br\/wp-content\/uploads\/2026\/03\/1089300-vcapto_abr_2408172783_1-1024x613.webp\" alt=\"\" class=\"wp-image-38851\" srcset=\"https:\/\/correiodoestado.audiencelabs.com.br\/wp-content\/uploads\/2026\/03\/1089300-vcapto_abr_2408172783_1-1024x613.webp 1024w, https:\/\/correiodoestado.audiencelabs.com.br\/wp-content\/uploads\/2026\/03\/1089300-vcapto_abr_2408172783_1-300x179.webp 300w, https:\/\/correiodoestado.audiencelabs.com.br\/wp-content\/uploads\/2026\/03\/1089300-vcapto_abr_2408172783_1-768x459.webp 768w, https:\/\/correiodoestado.audiencelabs.com.br\/wp-content\/uploads\/2026\/03\/1089300-vcapto_abr_2408172783_1-750x449.webp 750w, https:\/\/correiodoestado.audiencelabs.com.br\/wp-content\/uploads\/2026\/03\/1089300-vcapto_abr_2408172783_1-1140x682.webp 1140w, https:\/\/correiodoestado.audiencelabs.com.br\/wp-content\/uploads\/2026\/03\/1089300-vcapto_abr_2408172783_1.webp 1170w\" sizes=\"auto, (max-width: 1024px) 100vw, 1024px\" \/><figcaption class=\"wp-element-caption\">Cr\u00e9ditos: Valter Campanato\/Ag\u00eancia Brasil <\/figcaption><\/figure>\n<\/figure>\n\n\n\n<p>At\u00e9 ent\u00e3o, quem desejava incluir esse per\u00edodo no c\u00e1lculo da aposentadoria precisava regularizar contribui\u00e7\u00f5es em atraso, o que implicava pagamento de juros e multas. Com a nova regra, a penalidade \u00e9 eliminada, o que deixa o processo mais acess\u00edvel e menos burocr\u00e1tico para milhares de trabalhadores e agricultores.<\/p>\n\n\n\n<h2 class=\"wp-block-heading\">Novas regras do INSS para trabalhadores do campo<\/h2>\n\n\n\n<p>A proposta que originou a lei foi apresentada pelo senador Paulo Paim (PT), por meio do Projeto de Lei do Senado (PLS) 793\/2015. O texto avan\u00e7ou no Congresso ao longo dos anos, sendo aprovado inicialmente na Comiss\u00e3o de Assuntos Sociais (CAS) em 2021 e, posteriormente, validado pela C\u00e2mara dos Deputados antes de seguir para a san\u00e7\u00e3o presidencial, sendo finalizado na semana passada.<\/p>\n\n\n\n<p>De acordo com Paim, a cobran\u00e7a anterior era considerada injusta, j\u00e1 que, antes de 1991, o trabalhador rural era classificado como segurado facultativo do RGPS. Ou seja, n\u00e3o havia obriga\u00e7\u00e3o legal de contribui\u00e7\u00e3o, o que tornava inadequada a aplica\u00e7\u00e3o de multa sobre per\u00edodos em que a ades\u00e3o ao sistema era opcional.<\/p>\n","protected":false},"excerpt":{"rendered":"<p>Uma nova lei que altera as regras do Instituto Nacional do Seguro Social (INSS) foi sancionada pelo presidente da Rep\u00fablica, Luiz In\u00e1cio Lula da Silva (PT), e publicada no Di\u00e1rio Oficial da Uni\u00e3o na \u00faltima sexta-feira (27). A medida traz mudan\u00e7as importantes para trabalhadores rurais e facilita o reconhecimento de per\u00edodos antigos de trabalho no [&hellip;]<\/p>\n","protected":false},"author":18,"featured_media":38850,"comment_status":"open","ping_status":"open","sticky":false,"template":"","format":"standard","meta":{"jnews-multi-image_gallery":[],"jnews_single_post":{"format":"standard"},"jnews_primary_category":[],"jnews_social_meta":[],"footnotes":""},"categories":[1],"tags":[],"class_list":["post-38845","post","type-post","status-publish","format-standard","has-post-thumbnail","hentry","category-mix"],"_links":{"self":[{"href":"https:\/\/correiodoestado.audiencelabs.com.br\/wp-json\/wp\/v2\/posts\/38845","targetHints":{"allow":["GET"]}}],"collection":[{"href":"https:\/\/correiodoestado.audiencelabs.com.br\/wp-json\/wp\/v2\/posts"}],"about":[{"href":"https:\/\/correiodoestado.audiencelabs.com.br\/wp-json\/wp\/v2\/types\/post"}],"author":[{"embeddable":true,"href":"https:\/\/correiodoestado.audiencelabs.com.br\/wp-json\/wp\/v2\/users\/18"}],"replies":[{"embeddable":true,"href":"https:\/\/correiodoestado.audiencelabs.com.br\/wp-json\/wp\/v2\/comments?post=38845"}],"version-history":[{"count":2,"href":"https:\/\/correiodoestado.audiencelabs.com.br\/wp-json\/wp\/v2\/posts\/38845\/revisions"}],"predecessor-version":[{"id":39502,"href":"https:\/\/correiodoestado.audiencelabs.com.br\/wp-json\/wp\/v2\/posts\/38845\/revisions\/39502"}],"wp:featuredmedia":[{"embeddable":true,"href":"https:\/\/correiodoestado.audiencelabs.com.br\/wp-json\/wp\/v2\/media\/38850"}],"wp:attachment":[{"href":"https:\/\/correiodoestado.audiencelabs.com.br\/wp-json\/wp\/v2\/media?parent=38845"}],"wp:term":[{"taxonomy":"category","embeddable":true,"href":"https:\/\/correiodoestado.audiencelabs.com.br\/wp-json\/wp\/v2\/categories?post=38845"},{"taxonomy":"post_tag","embeddable":true,"href":"https:\/\/correiodoestado.audiencelabs.com.br\/wp-json\/wp\/v2\/tags?post=38845"}],"curies":[{"name":"wp","href":"https:\/\/api.w.org\/{rel}","templated":true}]}}