{"id":38870,"date":"2026-04-05T07:15:00","date_gmt":"2026-04-05T10:15:00","guid":{"rendered":"https:\/\/correiodoestado.audiencelabs.com.br\/?p=38870"},"modified":"2026-04-02T18:57:56","modified_gmt":"2026-04-02T21:57:56","slug":"religioes-que-seguem-outra-cultura-e-nao-celebram-a-pascoa","status":"publish","type":"post","link":"https:\/\/correiodoestado.audiencelabs.com.br\/religioes-que-seguem-outra-cultura-e-nao-celebram-a-pascoa\/","title":{"rendered":"Religi\u00f5es que seguem outra cultura e n\u00e3o celebram a P\u00e1scoa"},"content":{"rendered":"\n<p>De acordo com o catolicismo, a <a href=\"https:\/\/correiodoestado.com.br\/mix\/4-erros-bastante-comuns-de-motoristas-durante-a-pascoa-que-geram-multa-de-r-58-mil\/\" target=\"_blank\" rel=\"noopener\">P\u00e1scoa\u00a0<\/a>corresponde \u00e0 celebra\u00e7\u00e3o mais importante, marcando a\u00a0ressurrei\u00e7\u00e3o de Jesus Cristo\u00a0tr\u00eas dias ap\u00f3s sua crucifica\u00e7\u00e3o. Aos fi\u00e9is, esse per\u00edodo representa uma contempla\u00e7\u00e3o para sintetizar a vit\u00f3ria sobre a morte, esperan\u00e7a, renova\u00e7\u00e3o e a passagem para a vida. Contudo, mesmo abrangendo tamanho significado, a data n\u00e3o \u00e9 cultivada em outras religi\u00f5es.<\/p>\n\n\n\n<p>Para os crist\u00e3os, o dia 5 de abril de 2026 ser\u00e1 marcado pelo renascimento de Cristo. Conforme o Vaticano,\u00a0ap\u00f3s o sepultamento de\u00a0Jesus, Maria Madalena e outros fi\u00e9is foram visitar seu t\u00famulo e descobriram que\u00a0o corpo n\u00e3o estava mais no lugar\u00a0onde havia sido colocado. Em contrapartida, diversas outras religi\u00f5es n\u00e3o comemoram a data ou simplesmente n\u00e3o retratam significado algum.<\/p>\n\n\n\n<figure class=\"wp-block-image size-large\"><img loading=\"lazy\" decoding=\"async\" width=\"1024\" height=\"768\" src=\"https:\/\/correiodoestado.audiencelabs.com.br\/wp-content\/uploads\/2026\/03\/alicia-quan-kBybHJ3CEWI-unsplash-1024x768.jpg\" alt=\"\" class=\"wp-image-38874\" srcset=\"https:\/\/correiodoestado.audiencelabs.com.br\/wp-content\/uploads\/2026\/03\/alicia-quan-kBybHJ3CEWI-unsplash-1024x768.jpg 1024w, https:\/\/correiodoestado.audiencelabs.com.br\/wp-content\/uploads\/2026\/03\/alicia-quan-kBybHJ3CEWI-unsplash-300x225.jpg 300w, https:\/\/correiodoestado.audiencelabs.com.br\/wp-content\/uploads\/2026\/03\/alicia-quan-kBybHJ3CEWI-unsplash-768x576.jpg 768w, https:\/\/correiodoestado.audiencelabs.com.br\/wp-content\/uploads\/2026\/03\/alicia-quan-kBybHJ3CEWI-unsplash-1536x1152.jpg 1536w, https:\/\/correiodoestado.audiencelabs.com.br\/wp-content\/uploads\/2026\/03\/alicia-quan-kBybHJ3CEWI-unsplash-750x563.jpg 750w, https:\/\/correiodoestado.audiencelabs.com.br\/wp-content\/uploads\/2026\/03\/alicia-quan-kBybHJ3CEWI-unsplash-1140x855.jpg 1140w, https:\/\/correiodoestado.audiencelabs.com.br\/wp-content\/uploads\/2026\/03\/alicia-quan-kBybHJ3CEWI-unsplash.jpg 1920w\" sizes=\"auto, (max-width: 1024px) 100vw, 1024px\" \/><figcaption class=\"wp-element-caption\">Cr\u00e9ditos: Freepik<\/figcaption><\/figure>\n\n\n\n<h2 class=\"wp-block-heading\">Mas, afinal, quais s\u00e3o as religi\u00f5es que n\u00e3o celebram a P\u00e1scoa?<\/h2>\n\n\n\n<p><strong>Juda\u00edsmo e a Festa da Liberta\u00e7\u00e3o:<\/strong> no mesmo per\u00edodo em que ocorre a P\u00e1scoa, o Juda\u00edsmo celebra a Pessach ou \u201cFesta da Liberta\u00e7\u00e3o\u201d. Sobretudo, \u00e9 uma celebra\u00e7\u00e3o do povo judeu em alus\u00e3o \u00e0 liberta\u00e7\u00e3o da escravid\u00e3o do Egito. Na noite da data em quest\u00e3o, os lares de fam\u00edlias judias devem estar higienizados e arrumados.<\/p>\n\n\n\n<p>Por sua vez, assim como ocorre na P\u00e1scoa, h\u00e1 regras referentes \u00e0 alimenta\u00e7\u00e3o. Em resumo, um dia antes da Festa da Liberta\u00e7\u00e3o, \u00e9 proibido o consumo de comidas fermentadas. Al\u00e9m disso, a fam\u00edlia \u00e9 obrigada a jejuar em homenagem aos primog\u00eanitos que n\u00e3o foram atingidos pela \u00faltima das pragas eg\u00edpcias.<\/p>\n\n\n\n<p><strong>Testemunhas de Jeov\u00e1:<\/strong> para esse segmento, a P\u00e1scoa possui sua import\u00e2ncia, mas a comemora\u00e7\u00e3o est\u00e1 vetada. Essa aus\u00eancia de celebra\u00e7\u00e3o se d\u00e1 ao fato de que os indiv\u00edduos acreditam que a data n\u00e3o se baseia na B\u00edblia e possui ra\u00edzes em ritos pag\u00e3os de fertilidade. Por outro lado, as testemunhas defendem que Jesus Cristo teria dito que se deveria celebrar sua morte e n\u00e3o sua ressurrei\u00e7\u00e3o.<\/p>\n\n\n\n<p><strong>Budismo:<\/strong> esse segmento n\u00e3o celebra a data, tendo em vista que \u00e9 uma tradi\u00e7\u00e3o religiosa distinta, com mais de 2.600 anos, focada na vida e ensinamentos de Sidarta Gautama (Buda), e n\u00e3o na figura de Jesus Cristo. Em outras palavras, possuem suas pr\u00f3prias celebra\u00e7\u00f5es, cultuando um outro deus.<\/p>\n\n\n\n<p><strong>Islamismo:<\/strong> por fim, essa religi\u00e3o baseia-se no Alcor\u00e3o, Jesus (Isa), que defende que Jesus Cristo n\u00e3o foi crucificado e nem morto, sendo elevado vivo ao c\u00e9u por Deus. Como a f\u00e9 isl\u00e2mica n\u00e3o reconhece a morte e a ressurrei\u00e7\u00e3o da entidade, a base da celebra\u00e7\u00e3o crist\u00e3 n\u00e3o se aplica. Contudo, \u00e9 v\u00e1lido destacar que a figura \u00e9 cultuada e respeitada como um grande profeta.<\/p>\n","protected":false},"excerpt":{"rendered":"<p>De acordo com o catolicismo, a P\u00e1scoa\u00a0corresponde \u00e0 celebra\u00e7\u00e3o mais importante, marcando a\u00a0ressurrei\u00e7\u00e3o de Jesus Cristo\u00a0tr\u00eas dias ap\u00f3s sua crucifica\u00e7\u00e3o<\/p>\n","protected":false},"author":8,"featured_media":38875,"comment_status":"open","ping_status":"open","sticky":false,"template":"","format":"standard","meta":{"jnews-multi-image_gallery":[],"jnews_single_post":{"format":"standard"},"jnews_primary_category":[],"jnews_social_meta":[],"footnotes":""},"categories":[1],"tags":[],"class_list":["post-38870","post","type-post","status-publish","format-standard","has-post-thumbnail","hentry","category-mix"],"_links":{"self":[{"href":"https:\/\/correiodoestado.audiencelabs.com.br\/wp-json\/wp\/v2\/posts\/38870","targetHints":{"allow":["GET"]}}],"collection":[{"href":"https:\/\/correiodoestado.audiencelabs.com.br\/wp-json\/wp\/v2\/posts"}],"about":[{"href":"https:\/\/correiodoestado.audiencelabs.com.br\/wp-json\/wp\/v2\/types\/post"}],"author":[{"embeddable":true,"href":"https:\/\/correiodoestado.audiencelabs.com.br\/wp-json\/wp\/v2\/users\/8"}],"replies":[{"embeddable":true,"href":"https:\/\/correiodoestado.audiencelabs.com.br\/wp-json\/wp\/v2\/comments?post=38870"}],"version-history":[{"count":2,"href":"https:\/\/correiodoestado.audiencelabs.com.br\/wp-json\/wp\/v2\/posts\/38870\/revisions"}],"predecessor-version":[{"id":39500,"href":"https:\/\/correiodoestado.audiencelabs.com.br\/wp-json\/wp\/v2\/posts\/38870\/revisions\/39500"}],"wp:featuredmedia":[{"embeddable":true,"href":"https:\/\/correiodoestado.audiencelabs.com.br\/wp-json\/wp\/v2\/media\/38875"}],"wp:attachment":[{"href":"https:\/\/correiodoestado.audiencelabs.com.br\/wp-json\/wp\/v2\/media?parent=38870"}],"wp:term":[{"taxonomy":"category","embeddable":true,"href":"https:\/\/correiodoestado.audiencelabs.com.br\/wp-json\/wp\/v2\/categories?post=38870"},{"taxonomy":"post_tag","embeddable":true,"href":"https:\/\/correiodoestado.audiencelabs.com.br\/wp-json\/wp\/v2\/tags?post=38870"}],"curies":[{"name":"wp","href":"https:\/\/api.w.org\/{rel}","templated":true}]}}