{"id":39055,"date":"2026-04-04T14:58:00","date_gmt":"2026-04-04T17:58:00","guid":{"rendered":"https:\/\/correiodoestado.audiencelabs.com.br\/?p=39055"},"modified":"2026-04-02T19:06:04","modified_gmt":"2026-04-02T22:06:04","slug":"melhor-dica-para-quem-perdeu-o-bolsa-familia-voltar-a-receber","status":"publish","type":"post","link":"https:\/\/correiodoestado.audiencelabs.com.br\/melhor-dica-para-quem-perdeu-o-bolsa-familia-voltar-a-receber\/","title":{"rendered":"Melhor dica para quem perdeu o Bolsa Fam\u00edlia voltar a receber"},"content":{"rendered":"\n<p>O Governo Federal colocou em pr\u00e1tica o pente-fino em fun\u00e7\u00e3o do <a href=\"https:\/\/correiodoestado.com.br\/mix\/governo-federal-deixa-inscritos-do-cadunico-e-bolsa-familia-em-alerta\/\" target=\"_blank\" rel=\"noopener\">Bolsa Fam\u00edlia<\/a>, com a finalidade de revisar e atualizar os dados dos benefici\u00e1rios. Em alguns situa\u00e7\u00f5es, \u00e9 poss\u00edvel que o aux\u00edlio seja bloqueado ou at\u00e9 mesmo descontinuado. Diante desse cen\u00e1rio, muitas pessoas encontram-se de m\u00e3os atadas, mas o problema \u00e9 f\u00e1cil de ser resolvido.<\/p>\n\n\n\n<p>Na pr\u00e1tica, a ideia \u00e9 entender se a distribui\u00e7\u00e3o de renda permanece sendo ofertada para fam\u00edlias que est\u00e3o dentro dos crit\u00e9rios exigidos pelo programa. Conforme o Minist\u00e9rio do Desenvolvimento e Assist\u00eancia Social, Fam\u00edlia e Combate \u00e0 Fome (MDS), os principais motivo da interrup\u00e7\u00e3o das transfer\u00eancias incluem aumento da renda e inconsist\u00eancias nas informa\u00e7\u00f5es repassadas pelo representante do lar.<\/p>\n\n\n\n<figure class=\"wp-block-image size-large\"><img loading=\"lazy\" decoding=\"async\" width=\"1024\" height=\"613\" src=\"https:\/\/correiodoestado.audiencelabs.com.br\/wp-content\/uploads\/2026\/03\/WhatsApp-Image-2026-03-18-at-16.35.21-1-1024x613.jpeg\" alt=\"\" class=\"wp-image-37377\" srcset=\"https:\/\/correiodoestado.audiencelabs.com.br\/wp-content\/uploads\/2026\/03\/WhatsApp-Image-2026-03-18-at-16.35.21-1-1024x613.jpeg 1024w, https:\/\/correiodoestado.audiencelabs.com.br\/wp-content\/uploads\/2026\/03\/WhatsApp-Image-2026-03-18-at-16.35.21-1-300x180.jpeg 300w, https:\/\/correiodoestado.audiencelabs.com.br\/wp-content\/uploads\/2026\/03\/WhatsApp-Image-2026-03-18-at-16.35.21-1-768x460.jpeg 768w, https:\/\/correiodoestado.audiencelabs.com.br\/wp-content\/uploads\/2026\/03\/WhatsApp-Image-2026-03-18-at-16.35.21-1-750x449.jpeg 750w, https:\/\/correiodoestado.audiencelabs.com.br\/wp-content\/uploads\/2026\/03\/WhatsApp-Image-2026-03-18-at-16.35.21-1-1140x682.jpeg 1140w, https:\/\/correiodoestado.audiencelabs.com.br\/wp-content\/uploads\/2026\/03\/WhatsApp-Image-2026-03-18-at-16.35.21-1.jpeg 1200w\" sizes=\"auto, (max-width: 1024px) 100vw, 1024px\" \/><figcaption class=\"wp-element-caption\">Cr\u00e9ditos: Lyon Santos\/ MDS<\/figcaption><\/figure>\n\n\n\n<p>De modo geral, os benefici\u00e1rios que tiveram o Bolsa Fam\u00edlia interrompido podem buscar a regulariza\u00e7\u00e3o por meio da atualiza\u00e7\u00e3o cadastral. A princ\u00edpio, ser\u00e1 necess\u00e1rio procurar um Centro de Refer\u00eancia de Assist\u00eancia Social (CRAS) do munic\u00edpio para corrigir ou atualizar as informa\u00e7\u00f5es da composi\u00e7\u00e3o familiar. Sobretudo, os dados ser\u00e3o novamente analisados pelo Governo Federal.<\/p>\n\n\n\n<p>Diante desse cen\u00e1rio, caso as informa\u00e7\u00f5es sejam comprovadas e a fam\u00edlia siga dentro dos par\u00e2metros do programa, os valores ser\u00e3o restabelecidos. Portanto, priorizar a atualiza\u00e7\u00e3o do cadastro \u00e9 indispens\u00e1vel para evitar problemas maiores. Isso inclui notificar altera\u00e7\u00f5es de renda, endere\u00e7o e at\u00e9 mesmo o aumento no n\u00famero de integrantes da resid\u00eancia.<\/p>\n\n\n\n<p>Contudo, \u00e9 v\u00e1lido destacar que o principal crit\u00e9rio para a distribui\u00e7\u00e3o dos valores \u00e9 que a a renda de cada pessoa da fam\u00edlia seja de, no m\u00e1ximo, R$ 218 por m\u00eas. Ao passo que essa reparti\u00e7\u00e3o superar o piso, o Governo Federal n\u00e3o autoriza a transfer\u00eancia. O intuito do programa \u00e9 contribuir no combate \u00e0 pobreza que assola milhares de pessoas no Brasil.<\/p>\n\n\n\n<h2 class=\"wp-block-heading\">Calend\u00e1rio do Bolsa Fam\u00edlia de abril de 2026:<\/h2>\n\n\n\n<figure class=\"wp-block-table is-style-stripes\"><table class=\"has-fixed-layout\"><tbody><tr><td class=\"has-text-align-center\" data-align=\"center\"><strong>N\u00daMERO DO NIS<\/strong><\/td><td><strong>DATA DO PAGAMENTO<\/strong><\/td><\/tr><tr><td class=\"has-text-align-center\" data-align=\"center\">Final 1<\/td><td>16 de abril<\/td><\/tr><tr><td class=\"has-text-align-center\" data-align=\"center\">Final 2<\/td><td>17 de abril<\/td><\/tr><tr><td class=\"has-text-align-center\" data-align=\"center\">Final 3<\/td><td>20 de abril<\/td><\/tr><tr><td class=\"has-text-align-center\" data-align=\"center\">Final 4<\/td><td>22 de abril<\/td><\/tr><tr><td class=\"has-text-align-center\" data-align=\"center\">Final 5<\/td><td>23 de abril<\/td><\/tr><tr><td class=\"has-text-align-center\" data-align=\"center\">Final 6<\/td><td>24 de abril<\/td><\/tr><tr><td class=\"has-text-align-center\" data-align=\"center\">Final 7<\/td><td>27 de abril<\/td><\/tr><tr><td class=\"has-text-align-center\" data-align=\"center\">Final 8<\/td><td>28 de abril<\/td><\/tr><tr><td class=\"has-text-align-center\" data-align=\"center\">Final 9<\/td><td>29 de abril<\/td><\/tr><tr><td class=\"has-text-align-center\" data-align=\"center\">Final 0<\/td><td>30 de abril<\/td><\/tr><\/tbody><\/table><\/figure>\n","protected":false},"excerpt":{"rendered":"<p>O Governo Federal colocou em pr\u00e1tica o pente-fino em fun\u00e7\u00e3o do Bolsa Fam\u00edlia, com a finalidade de revisar e atualizar os dados dos benefici\u00e1rios<\/p>\n","protected":false},"author":8,"featured_media":37376,"comment_status":"open","ping_status":"open","sticky":false,"template":"","format":"standard","meta":{"jnews-multi-image_gallery":[],"jnews_single_post":{"format":"standard"},"jnews_primary_category":[],"jnews_social_meta":[],"footnotes":""},"categories":[1],"tags":[],"class_list":["post-39055","post","type-post","status-publish","format-standard","has-post-thumbnail","hentry","category-mix"],"_links":{"self":[{"href":"https:\/\/correiodoestado.audiencelabs.com.br\/wp-json\/wp\/v2\/posts\/39055","targetHints":{"allow":["GET"]}}],"collection":[{"href":"https:\/\/correiodoestado.audiencelabs.com.br\/wp-json\/wp\/v2\/posts"}],"about":[{"href":"https:\/\/correiodoestado.audiencelabs.com.br\/wp-json\/wp\/v2\/types\/post"}],"author":[{"embeddable":true,"href":"https:\/\/correiodoestado.audiencelabs.com.br\/wp-json\/wp\/v2\/users\/8"}],"replies":[{"embeddable":true,"href":"https:\/\/correiodoestado.audiencelabs.com.br\/wp-json\/wp\/v2\/comments?post=39055"}],"version-history":[{"count":1,"href":"https:\/\/correiodoestado.audiencelabs.com.br\/wp-json\/wp\/v2\/posts\/39055\/revisions"}],"predecessor-version":[{"id":39056,"href":"https:\/\/correiodoestado.audiencelabs.com.br\/wp-json\/wp\/v2\/posts\/39055\/revisions\/39056"}],"wp:featuredmedia":[{"embeddable":true,"href":"https:\/\/correiodoestado.audiencelabs.com.br\/wp-json\/wp\/v2\/media\/37376"}],"wp:attachment":[{"href":"https:\/\/correiodoestado.audiencelabs.com.br\/wp-json\/wp\/v2\/media?parent=39055"}],"wp:term":[{"taxonomy":"category","embeddable":true,"href":"https:\/\/correiodoestado.audiencelabs.com.br\/wp-json\/wp\/v2\/categories?post=39055"},{"taxonomy":"post_tag","embeddable":true,"href":"https:\/\/correiodoestado.audiencelabs.com.br\/wp-json\/wp\/v2\/tags?post=39055"}],"curies":[{"name":"wp","href":"https:\/\/api.w.org\/{rel}","templated":true}]}}