{"id":39070,"date":"2026-04-04T17:45:00","date_gmt":"2026-04-04T20:45:00","guid":{"rendered":"https:\/\/correiodoestado.audiencelabs.com.br\/?p=39070"},"modified":"2026-04-02T18:57:17","modified_gmt":"2026-04-02T21:57:17","slug":"adeus-ao-cortador-de-grama-nova-tecnologia-promete-aposentar-o-metodo-tradicional","status":"publish","type":"post","link":"https:\/\/correiodoestado.audiencelabs.com.br\/adeus-ao-cortador-de-grama-nova-tecnologia-promete-aposentar-o-metodo-tradicional\/","title":{"rendered":"Adeus ao cortador de grama: nova tecnologia promete aposentar o m\u00e9todo tradicional"},"content":{"rendered":"\n<p>De modo geral, a grama cresce mais rapidamente\u00a0durante a\u00a0primavera e o ver\u00e3o, tendo em vista serem esta\u00e7\u00f5es que impulsionam o calor e chuvas, exigindo podas frequentes. Em regi\u00f5es com maior crescimento de plantas, \u00e9 comum que o aliado preferido seja o cortador. No entanto, uma nova <a href=\"https:\/\/correiodoestado.com.br\/mix\/adeus-ao-caimento-errado-nova-tecnologia-nivela-o-piso-sozinha-e-em-minutos\/\" target=\"_blank\" rel=\"noopener\">tecnologia <\/a>foi colocada no mercado e promete revolucionar a jardinagem.<\/p>\n\n\n\n<p>O mais novo lan\u00e7amento corresponde a um rob\u00f4 cortador de grama, que descarta o manuseio de pessoas para seguir operando. Na pr\u00e1tica, sua autonomia garante que terrenos sejam percorridos, desviando de obst\u00e1culos e identificando limites do espa\u00e7o. Ao passo que est\u00e3o descarregando, retornam \u00e0 base para novamente serem carregados.<\/p>\n\n\n\n<figure class=\"wp-block-image size-large\"><img loading=\"lazy\" decoding=\"async\" width=\"1024\" height=\"683\" src=\"https:\/\/correiodoestado.audiencelabs.com.br\/wp-content\/uploads\/2026\/03\/istockphoto-1222037072-612x612-1-1024x683.jpg\" alt=\"\" class=\"wp-image-39072\" srcset=\"https:\/\/correiodoestado.audiencelabs.com.br\/wp-content\/uploads\/2026\/03\/istockphoto-1222037072-612x612-1-1024x683.jpg 1024w, https:\/\/correiodoestado.audiencelabs.com.br\/wp-content\/uploads\/2026\/03\/istockphoto-1222037072-612x612-1-300x200.jpg 300w, https:\/\/correiodoestado.audiencelabs.com.br\/wp-content\/uploads\/2026\/03\/istockphoto-1222037072-612x612-1-768x512.jpg 768w, https:\/\/correiodoestado.audiencelabs.com.br\/wp-content\/uploads\/2026\/03\/istockphoto-1222037072-612x612-1-750x500.jpg 750w, https:\/\/correiodoestado.audiencelabs.com.br\/wp-content\/uploads\/2026\/03\/istockphoto-1222037072-612x612-1-1140x760.jpg 1140w, https:\/\/correiodoestado.audiencelabs.com.br\/wp-content\/uploads\/2026\/03\/istockphoto-1222037072-612x612-1.jpg 1200w\" sizes=\"auto, (max-width: 1024px) 100vw, 1024px\" \/><figcaption class=\"wp-element-caption\">Cr\u00e9ditos: iStock<\/figcaption><\/figure>\n\n\n\n<p>Essa nova alternativa faz com que o gramado esteja sempre nivelado, fator comemorado por muitos propriet\u00e1rios que n\u00e3o possuem tempo na agenda para as podas. Contudo, alguns questionamentos s\u00e3o latentes, como, por exemplo, a capacidade de resist\u00eancia a chuvas. Pensando nesses cen\u00e1rios, muitos modelos j\u00e1 saem de f\u00e1brica preparados para lidar com condi\u00e7\u00f5es adversas.<\/p>\n\n\n\n<h2 class=\"wp-block-heading\">E no Brasil, a tecnologia j\u00e1 chegou?<\/h2>\n\n\n\n<p>Embora seja popular no mercado internacional, no Brasil, a tecnologia ainda \u00e9 uma novidade. Para uma melhor compreens\u00e3o, s\u00e3o presen\u00e7as em resid\u00eancias de padr\u00e3o elevado. O objetivo \u00e9 que a alternativa do cortador de grama tradicional ganhe proje\u00e7\u00e3o, uma vez que a praticidade torna o servi\u00e7o dos propriet\u00e1rios dos im\u00f3veis e jardineiros facilitado.<\/p>\n\n\n\n<p>At\u00e9 a dissemina\u00e7\u00e3o do projeto ascender, a realidade se manter\u00e1 a mesma. Isso porque os rob\u00f4s n\u00e3o s\u00e3o acess\u00edveis para a realidade de grande parcela dos brasileiros. Em resumo, a tecnologia em quest\u00e3o vem sendo comercializada por valores que v\u00e3o de R$ 7 mil a R$ 24 mil. As varia\u00e7\u00f5es s\u00e3o de acordo com o modelo e as versatilidades presentes no maquin\u00e1rio.<\/p>\n","protected":false},"excerpt":{"rendered":"<p>Apesar de o cortador de grama tradicional ser o maior aliado dos jardineiros e propriet\u00e1rios de im\u00f3veis com plantas, uma outra alternativa pode revolucionar o mercado<\/p>\n","protected":false},"author":8,"featured_media":39071,"comment_status":"open","ping_status":"open","sticky":false,"template":"","format":"standard","meta":{"jnews-multi-image_gallery":[],"jnews_single_post":{"format":"standard"},"jnews_primary_category":[],"jnews_social_meta":[],"footnotes":""},"categories":[1],"tags":[],"class_list":["post-39070","post","type-post","status-publish","format-standard","has-post-thumbnail","hentry","category-mix"],"_links":{"self":[{"href":"https:\/\/correiodoestado.audiencelabs.com.br\/wp-json\/wp\/v2\/posts\/39070","targetHints":{"allow":["GET"]}}],"collection":[{"href":"https:\/\/correiodoestado.audiencelabs.com.br\/wp-json\/wp\/v2\/posts"}],"about":[{"href":"https:\/\/correiodoestado.audiencelabs.com.br\/wp-json\/wp\/v2\/types\/post"}],"author":[{"embeddable":true,"href":"https:\/\/correiodoestado.audiencelabs.com.br\/wp-json\/wp\/v2\/users\/8"}],"replies":[{"embeddable":true,"href":"https:\/\/correiodoestado.audiencelabs.com.br\/wp-json\/wp\/v2\/comments?post=39070"}],"version-history":[{"count":2,"href":"https:\/\/correiodoestado.audiencelabs.com.br\/wp-json\/wp\/v2\/posts\/39070\/revisions"}],"predecessor-version":[{"id":39491,"href":"https:\/\/correiodoestado.audiencelabs.com.br\/wp-json\/wp\/v2\/posts\/39070\/revisions\/39491"}],"wp:featuredmedia":[{"embeddable":true,"href":"https:\/\/correiodoestado.audiencelabs.com.br\/wp-json\/wp\/v2\/media\/39071"}],"wp:attachment":[{"href":"https:\/\/correiodoestado.audiencelabs.com.br\/wp-json\/wp\/v2\/media?parent=39070"}],"wp:term":[{"taxonomy":"category","embeddable":true,"href":"https:\/\/correiodoestado.audiencelabs.com.br\/wp-json\/wp\/v2\/categories?post=39070"},{"taxonomy":"post_tag","embeddable":true,"href":"https:\/\/correiodoestado.audiencelabs.com.br\/wp-json\/wp\/v2\/tags?post=39070"}],"curies":[{"name":"wp","href":"https:\/\/api.w.org\/{rel}","templated":true}]}}