{"id":39104,"date":"2026-04-01T06:53:00","date_gmt":"2026-04-01T09:53:00","guid":{"rendered":"https:\/\/correiodoestado.audiencelabs.com.br\/?p=39104"},"modified":"2026-03-31T17:41:13","modified_gmt":"2026-03-31T20:41:13","slug":"5-cidades-brasileiras-feitas-sob-medida-para-aposentados","status":"publish","type":"post","link":"https:\/\/correiodoestado.audiencelabs.com.br\/5-cidades-brasileiras-feitas-sob-medida-para-aposentados\/","title":{"rendered":"5 cidades brasileiras feitas sob medida para aposentados"},"content":{"rendered":"\n<p>De acordo com o levantamento efetuado pelo Instituto Brasileiro de Geografia e Estat\u00edstica (IBGE), em 2022, existem aproximadamente 33 milh\u00f5es de idosos no pa\u00eds. Diante desse cen\u00e1rio, muitas cidades est\u00e3o remodelando suas estruturas para garantir seguran\u00e7a e mobilidade a esses indiv\u00edduos. Por\u00e9m, alguns munic\u00edpios se destacam entre os demais.<\/p>\n\n\n\n<p>De acordo com a legisla\u00e7\u00e3o brasileira, \u00e9 imprescind\u00edvel garantir a acessibilidade para idosos com a finalidade de promover a&nbsp;autonomia, independ\u00eancia e seguran\u00e7a dessas pessoas. Como parte integrante do processo de inclus\u00e3o social, alguns locais do pa\u00eds priorizam o conforto, figurando entre os principais destinos dos <a href=\"https:\/\/correiodoestado.com.br\/mix\/saque-acima-de-r-84-mil-e-liberado-para-aposentados-do-inss-em-marco\/\" target=\"_blank\" rel=\"noreferrer noopener\">aposentados<\/a>.<\/p>\n\n\n\n<figure class=\"wp-block-image size-large\"><img loading=\"lazy\" decoding=\"async\" width=\"1024\" height=\"613\" src=\"https:\/\/correiodoestado.audiencelabs.com.br\/wp-content\/uploads\/2026\/02\/gramado_rs-1024x613.webp\" alt=\"\" class=\"wp-image-34390\" srcset=\"https:\/\/correiodoestado.audiencelabs.com.br\/wp-content\/uploads\/2026\/02\/gramado_rs-1024x613.webp 1024w, https:\/\/correiodoestado.audiencelabs.com.br\/wp-content\/uploads\/2026\/02\/gramado_rs-300x179.webp 300w, https:\/\/correiodoestado.audiencelabs.com.br\/wp-content\/uploads\/2026\/02\/gramado_rs-768x459.webp 768w, https:\/\/correiodoestado.audiencelabs.com.br\/wp-content\/uploads\/2026\/02\/gramado_rs-750x449.webp 750w, https:\/\/correiodoestado.audiencelabs.com.br\/wp-content\/uploads\/2026\/02\/gramado_rs-1140x682.webp 1140w, https:\/\/correiodoestado.audiencelabs.com.br\/wp-content\/uploads\/2026\/02\/gramado_rs.webp 1170w\" sizes=\"auto, (max-width: 1024px) 100vw, 1024px\" \/><figcaption class=\"wp-element-caption\">Cr\u00e9ditos: Bruno Stoltz\/Prefeitura de Gramado<\/figcaption><\/figure>\n\n\n\n<h2 class=\"wp-block-heading\">Confira os principais destinos para os aposentados:<\/h2>\n\n\n<style>@media (min-width: 992px) {\n    .recomendadorV2Area1 {\n        width: 280px;\n    }\n    .recomendadorV2Area2 {\n        padding: 0px 20px;\n        width: calc(100% - 280px);\n    }\n}\n\n@media (max-width: 992px) {\n    .recomendadorV2Button {\n        margin: 0 auto;\n    }\n    .recomendadorV2Area {\n        flex-direction: column;\n        text-align: center;\n    }\n    .recomendadorV2Area2 {\n        padding: 0px 20px;\n    }\n}\n\n.recomendadorV2Area {\n    background: #eeeeee3d;\n    border-radius: 10px;\n    padding: 15px;\n    display: flex;\n    margin: 15px auto;\n    border: 1px solid #00000014;\n    max-width: 800px;\n}\n\n.recomendadorV2Area1 img {\n    width: 280px;\n    height: auto;\n    border-radius: 8px;\n}\n\n.linkrecomendadorv2 {\n    text-decoration: none !important;\n}\n\n.recomendadorV2Area2 .recomendadorV2Type {\n    text-transform: uppercase;\n    font-weight: 500;\n    font-size: 11px;\n    letter-spacing: 2px;\n    color: #666;\n    margin: 12px 0;\n    display: block;\n}\n\n.recomendadorV2Title h2 {\n    padding-top: 0px !important;\n    margin: 0px !important;\n    border-left: none !important;\n    padding-left: 0px !important;\n    line-height: 1.3;\n    color: #000 !important;\n    font-size: 24px;\n    margin-bottom: 12px !important;\n}\n\n.recomendadorV2Desc {\n    color: #333;\n    margin: 12px 0px !important;\n    font-size: 15px;\n    line-height: 1.5;\n}\n\n.recomendadorV2Button {\n    width: auto;\n    max-width: 200px;\n    margin: 0;\n    display: inline-flex;\n    align-items: center;\n    background: #1D3557;\n    border-radius: 8px;\n    color: #fff;\n    height: 36px;\n    justify-content: center;\n    text-align: center;\n    font-size: 14px;\n    padding: 0 20px;\n    transition: background-color 0.2s ease;\n}\n\n.recomendadorV2Button:hover {\n    background: #2a4d7a;\n}\n\n.recomendadorV2Button:after {\n    margin-top: -2px;\n    content: \"\u2192\";\n    padding: 0px 0px 0px 8px;\n}\n\n.recomendadorV2Alert {\n    text-align: left;\n    font-size: 11px;\n    margin-top: 8px;\n    color: #666;\n}\n\n.recomendadorFixedArea {\n    width: 100%;\n    display: flex;\n    justify-content: center;\n    align-items: center;\n}\n\n@media (min-width: 992px) {\n    #recomendadorFixed {\n        width: 32% !important;\n        left: 5%;\n    }\n    .recomendadorCloseFixed{\n        right: inherit !important;\n        left: 378px !important;\n    }\n}\n\n#recomendadorFixed {\n    width: 90%;\n    box-shadow: 0 10px 20px 0px #00000057;\n    display: none;\n    height: 90px;\n    background: #F6F6F6;\n    position: fixed;\n    flex-direction: row;\n    bottom: 10px;\n    z-index: 9999;\n    border-radius: 16px;\n    padding: 7px 10px;\n}\n\n.recomendadorLeftArea {\n    width: 160px;\n}\n\n.recomendadorRightArea h2 {\n    padding-top: 0px;\n    margin: 2px 0px 4px 0px !important;\n    font-weight: 400;\n    text-align: center;\n    padding-left: 0px !important;\n    color: #000 !important;\n    border-left: none !important;\n    line-height: 20px;\n    font-size: 12px !important;\n}\n\n.recomendadorImgFixed {\n    overflow: hidden;\n    padding: 8px 6px;\n    height: 100%;\n}\n\n.recomendadorImgFixed img {\n    height: 100% !important;\n    border-radius: 16px;\n}\n\n.recomendadorRightArea {\n    padding-top: 6px;\n    display: flex;\n    width: calc(100% - 130px);\n    justify-content: space-between;\n    align-items: center;\n    flex-direction: column;\n}\n\n.recomendadorButtonFixed {\n    margin: 0 auto;\n    background: #1D3557;\n    width: 80%;\n    text-align: center;\n    font-size: 10px;\n    color: #FFF;\n    padding: 2px 10px;\n    border-radius: 3px;\n}\n\n.recomendadorButtonFixed:after {\n    margin-top: -3px;\n    content: \"\u2192\";\n    padding: 0px 0px 0px 10px;\n}\n\n.recomendadorAlertFixed {\n    font-weight: 400;\n    text-align: center;\n    color: #484848;\n    font-size: 8px;\n}\n\n.recomendadorCloseFixed {\n    z-index: 99999;\n    display: none;\n    right: 0px;\n    left: inherit;\n    bottom: 99px;\n    position: fixed;\n    justify-content: center;\n    background: #F6F6F6;\n    width: 25px;\n    align-items: center;\n    height: 25px;\n    font-weight: 800;\n    border-radius: 50%;\n    border: 1px solid #EBEBEB;\n}\n\n.recomendadorV2Desc{\n    color: #000000;\n    margin: 20px 0px;\n}\n\n@media (max-width: 576px) {\n    .recomendadorV2Area {\n      padding: 10px;\n      max-width: 100%;\n    }\n  \n    .recomendadorV2Area1 img {\n      width: 100%;\n      border-radius: 6px;\n    }\n  \n    .recomendadorV2Area2 .recomendadorV2Type {\n      font-size: 9px;\n      letter-spacing: 1px;\n      margin: 8px 0;\n    }\n  \n    .recomendadorV2Title h2 {\n      font-size: 18px !important;\n      margin-bottom: 8px !important;\n      line-height: 1.2;\n    }\n  \n    .recomendadorV2Desc {\n      font-size: 14px;\n      margin: 8px 0 !important;\n      line-height: 1.4;\n    }\n  \n    .recomendadorV2Button {\n      font-size: 12px;\n      height: 30px;\n      padding: 0 12px;\n      max-width: 160px;\n    }\n  \n    .recomendadorV2Button:after {\n      padding-left: 6px;\n    }\n  }\n  <\/style>\n        <div class=\"lazyblock-recomendador-v2-2jDGz wp-block-lazyblock-recomendador-v2\">\n        <a class=\"linkrecomendadorv2\" href=\"https:\/\/correiodoestado.com.br\/mix\/maior-padaria-da-america-latina-com-2-500-m\u00b2-tem-mais-de-5-mil-produtos-e-fica-no-brasil\/?utm_source=lazy\" target=\"_blank\" rel=\"noopener\">\n            <div class=\"recomendadorV2Area\">\n            <div class=\"recomendadorV2Area1\">\n                <div class=\"recomendadorV2Img\">\n                <img class=\"lazyloaded\" decoding=\"async\" src=\"https:\/\/correiodoestado.com.br\/mix\/wp-content\/uploads\/2026\/03\/mohamed-hassouna-N4gtuEZ5gWc-unsplash-1140x570.jpg\" data-src=\"https:\/\/correiodoestado.com.br\/mix\/wp-content\/uploads\/2026\/03\/mohamed-hassouna-N4gtuEZ5gWc-unsplash-1140x570.jpg\" alt=\"\">\n                <\/div>\n            <\/div>\n            <div class=\"recomendadorV2Area2\">\n                <div class=\"recomendadorV2Type\">\n                    <span>Padaria gigante<\/span>\n                <\/div>\n                <div class=\"recomendadorV2Title\">\n                <h2><span>5 mil itens \ud83e\udd56<\/span><\/h2>\n                <\/div>\n                <div class=\"recomendadorV2Desc\">\n                <span>Maior da Am\u00e9rica Latina fica no Brasil<\/span>\n                <\/div>\n                <div class=\"recomendadorV2Button\">Conhecer<\/div>\n                <div class=\"recomendadorV2Alert\"><\/div>\n            <\/div>\n            <\/div>\n        <\/a>\n        <div>\n            <div style=\"z-index:99999;\" id=\"buttonClose\" onclick=\"closeRecomendadorFixed()\">\n            <div class=\"recomendadorCloseFixed\">X<\/div>\n            <\/div>\n            <a href=\"https:\/\/correiodoestado.com.br\/mix\/maior-padaria-da-america-latina-com-2-500-m\u00b2-tem-mais-de-5-mil-produtos-e-fica-no-brasil\/?utm_source=lazy\" target=\"_blank\" rel=\"noopener\">\n            <div class=\"recomendadorFixedArea\">\n                <div id=\"recomendadorFixed\">\n                <div class=\"recomendadorLeftArea\">\n                    <div class=\"recomendadorImgFixed\">\n                    <img class=\"lazyload\" decoding=\"async\" src=\"https:\/\/correiodoestado.com.br\/mix\/wp-content\/uploads\/2026\/03\/mohamed-hassouna-N4gtuEZ5gWc-unsplash-1140x570.jpg\" alt=\"\">\n                    <\/div>\n                <\/div>\n                <div class=\"recomendadorRightArea\">\n                    <div class=\"recomendadorTitleFixed\">\n                    <h2><span>5 mil itens \ud83e\udd56<\/span><\/h2>\n                    <\/div>\n                    <div class=\"recomendadorButtonFixed\">Conhecer<\/div>\n                    <div class=\"recomendadorAlertFixed\"><\/div>\n                <\/div>\n                <\/div>\n            <\/div>\n            <\/a>\n        <\/div>\n        <\/div>\n\n\n\n<p><strong>Po\u00e7os de Caldas:<\/strong> situada no sul de Minas Gerais, a cidade \u00e9 amplamente conhecida por seu clima agrad\u00e1vel e pelas \u00e1guas termais, com destaque para os balne\u00e1rios e presen\u00e7a de centros residenciais s\u00eaniores especializados. Com boa infraestrutura de sa\u00fade e muitas \u00e1reas verdes, oferece um ambiente tranquilo e acolhedor para quem prioriza o sossego.<\/p>\n\n\n\n<p><strong>Jo\u00e3o Pessoa:<\/strong> capital da Para\u00edba, o munic\u00edpio nordestino \u00e9 tomado por belas praias e clima quente durante todo o ano. Apesar de ser uma das grandes protagonistas da regi\u00e3o, a cidade apresenta ritmo de vida mais calmo, o que \u00e9 determinante para os aposentados. Al\u00e9m disso, destaca-se pelo baixo custo, o que favorece o desembarque, seja para viajar, seja para morar.<\/p>\n\n\n\n<p><strong>Gramado: <\/strong>prestigiada por atrair milhares de visitantes durante todo o ano, a cidade n\u00e3o deixa a desejar no segmento de seguran\u00e7a e qualidade de vida. Quanto ao clima, o frio se sobressai e costuma ser um dos fatores que ganha relev\u00e2ncia diante das demais localidades. Embora o custo de vida seja elevado, \u00e9 uma escolha para aposentados que priorizam conforto e estrutura.<\/p>\n\n\n\n<p><strong>Florian\u00f3polis: <\/strong>a capital de Santa Catarina \u00e9 uma das op\u00e7\u00f5es mais positivas para quem deseja aliar natureza com excelente infraestrutura urbana. Um adendo para a gera\u00e7\u00e3o mais velha \u00e9 que o munic\u00edpio apresenta hospitais de primeira linha, al\u00e9m de diversos servi\u00e7os de lazer e bairros tranquilos. \u00c9 bastante procurada por quem busca envelhecer com qualidade de vida.<\/p>\n\n\n\n<p><strong>Atibaia: <\/strong>por \u00faltimo, mas n\u00e3o menos importante, est\u00e1 a cidade do interior paulista. Aos curiosos, o munic\u00edpio oferece clima agrad\u00e1vel, ar puro e tranquilidade aos moradores e visitantes. Um outro fator que merece destaque \u00e9 a sua proximidade com a capital, facilitando o acesso a servi\u00e7os mais complexos, sendo uma alternativa equilibrada.<\/p>\n","protected":false},"excerpt":{"rendered":"<p>Como parte integrante do processo de inclus\u00e3o social, alguns locais do pa\u00eds priorizam o conforto, figurando entre os principais destinos dos aposentados<\/p>\n","protected":false},"author":8,"featured_media":34376,"comment_status":"open","ping_status":"open","sticky":false,"template":"","format":"standard","meta":{"jnews-multi-image_gallery":[],"jnews_single_post":{"format":"standard"},"jnews_primary_category":[],"jnews_social_meta":[],"footnotes":""},"categories":[1],"tags":[],"class_list":["post-39104","post","type-post","status-publish","format-standard","has-post-thumbnail","hentry","category-mix"],"_links":{"self":[{"href":"https:\/\/correiodoestado.audiencelabs.com.br\/wp-json\/wp\/v2\/posts\/39104","targetHints":{"allow":["GET"]}}],"collection":[{"href":"https:\/\/correiodoestado.audiencelabs.com.br\/wp-json\/wp\/v2\/posts"}],"about":[{"href":"https:\/\/correiodoestado.audiencelabs.com.br\/wp-json\/wp\/v2\/types\/post"}],"author":[{"embeddable":true,"href":"https:\/\/correiodoestado.audiencelabs.com.br\/wp-json\/wp\/v2\/users\/8"}],"replies":[{"embeddable":true,"href":"https:\/\/correiodoestado.audiencelabs.com.br\/wp-json\/wp\/v2\/comments?post=39104"}],"version-history":[{"count":3,"href":"https:\/\/correiodoestado.audiencelabs.com.br\/wp-json\/wp\/v2\/posts\/39104\/revisions"}],"predecessor-version":[{"id":39144,"href":"https:\/\/correiodoestado.audiencelabs.com.br\/wp-json\/wp\/v2\/posts\/39104\/revisions\/39144"}],"wp:featuredmedia":[{"embeddable":true,"href":"https:\/\/correiodoestado.audiencelabs.com.br\/wp-json\/wp\/v2\/media\/34376"}],"wp:attachment":[{"href":"https:\/\/correiodoestado.audiencelabs.com.br\/wp-json\/wp\/v2\/media?parent=39104"}],"wp:term":[{"taxonomy":"category","embeddable":true,"href":"https:\/\/correiodoestado.audiencelabs.com.br\/wp-json\/wp\/v2\/categories?post=39104"},{"taxonomy":"post_tag","embeddable":true,"href":"https:\/\/correiodoestado.audiencelabs.com.br\/wp-json\/wp\/v2\/tags?post=39104"}],"curies":[{"name":"wp","href":"https:\/\/api.w.org\/{rel}","templated":true}]}}