{"id":39138,"date":"2026-04-04T05:38:00","date_gmt":"2026-04-04T08:38:00","guid":{"rendered":"https:\/\/correiodoestado.audiencelabs.com.br\/?p=39138"},"modified":"2026-04-02T19:43:11","modified_gmt":"2026-04-02T22:43:11","slug":"nova-carteira-de-identidade-nacional-pode-ser-tirada-no-conforto-da-sua-casa-pelo-gov-br","status":"publish","type":"post","link":"https:\/\/correiodoestado.audiencelabs.com.br\/nova-carteira-de-identidade-nacional-pode-ser-tirada-no-conforto-da-sua-casa-pelo-gov-br\/","title":{"rendered":"Nova Carteira de Identidade Nacional pode ser tirada no conforto da sua casa pelo gov.br"},"content":{"rendered":"\n<p>Conforme determina\u00e7\u00e3o do Governo Federal, a <a href=\"https:\/\/correiodoestado.com.br\/mix\/fazer-a-nova-carteira-de-identidade-nacional-torna-se-obrigatorio-para-brasileiros-que-irao-realizar-voos-internacionais\/\" target=\"_blank\" rel=\"noopener\">Carteira de Identidade Nacional&nbsp;(CIN)<\/a>&nbsp;tornou-se o novo documento de identifica\u00e7\u00e3o oficial no Brasil, lan\u00e7ado em 2022 para substituir gradualmente o antigo Registro Geral (RG). A fim de facilitar a vida da popula\u00e7\u00e3o, os primeiros passos da emiss\u00e3o ocorrem por meio digital, no portal gov.br.<\/p>\n\n\n\n<p>Embora o governo tenha decretado que a emiss\u00e3o deve ser feita at\u00e9 2032, o mecanismo n\u00e3o \u00e9 t\u00e3o protocolar como a maioria acredita. Na pr\u00e1tica, os brasileiros devem ter conta&nbsp;gov.br&nbsp;nos n\u00edveis prata ou ouro, o que garante uma verifica\u00e7\u00e3o mais r\u00edgida da identidade. Por outro lado, tamb\u00e9m \u00e9 indispens\u00e1vel manter o CPF ativo e regular, pois ele passa a ser o identificador \u00fanico do documento.<\/p>\n\n\n\n<h2 class=\"wp-block-heading\">Nova Carteira de Identidade Nacional<\/h2>\n\n\n\n<figure class=\"wp-block-image size-large\"><img loading=\"lazy\" decoding=\"async\" width=\"1024\" height=\"403\" src=\"https:\/\/correiodoestado.audiencelabs.com.br\/wp-content\/uploads\/2026\/03\/b13a18dc-4c16-4c90-a0c6-d8665da9a254-1-e1774990446167-1024x403.png\" alt=\"\" class=\"wp-image-39145\" srcset=\"https:\/\/correiodoestado.audiencelabs.com.br\/wp-content\/uploads\/2026\/03\/b13a18dc-4c16-4c90-a0c6-d8665da9a254-1-e1774990446167-1024x403.png 1024w, https:\/\/correiodoestado.audiencelabs.com.br\/wp-content\/uploads\/2026\/03\/b13a18dc-4c16-4c90-a0c6-d8665da9a254-1-e1774990446167-300x118.png 300w, https:\/\/correiodoestado.audiencelabs.com.br\/wp-content\/uploads\/2026\/03\/b13a18dc-4c16-4c90-a0c6-d8665da9a254-1-e1774990446167-768x302.png 768w, https:\/\/correiodoestado.audiencelabs.com.br\/wp-content\/uploads\/2026\/03\/b13a18dc-4c16-4c90-a0c6-d8665da9a254-1-e1774990446167-750x295.png 750w, https:\/\/correiodoestado.audiencelabs.com.br\/wp-content\/uploads\/2026\/03\/b13a18dc-4c16-4c90-a0c6-d8665da9a254-1-e1774990446167.png 1098w\" sizes=\"auto, (max-width: 1024px) 100vw, 1024px\" \/><figcaption class=\"wp-element-caption\">Cr\u00e9ditos: Divulga\u00e7\u00e3o\/Governo Federal<\/figcaption><\/figure>\n\n\n\n<p>\u00c9 importante ressaltar que erros de nome, filia\u00e7\u00e3o ou data de nascimento devem ser obrigatoriamente corrigidos previamente na Receita Federal. De modo geral, essa versatilidade na hora de emitir a Carteira de Identidade Nacional proporciona simplicidade na vida do cidad\u00e3o, unificando a identifica\u00e7\u00e3o em torno do CPF e reorganizando os dados civis no poder p\u00fablico.<\/p>\n\n\n\n<p>Segundo o Governo Federal, o objetivo da mudan\u00e7a est\u00e1 diretamente ligado \u00e0 necessidade de reduzir fraudes, al\u00e9m de garantir o f\u00e1cil acesso aos servi\u00e7os p\u00fablicos. A vers\u00e3o mais recente sana os m\u00faltiplos desafios de identifica\u00e7\u00e3o civil em raz\u00e3o da fragmenta\u00e7\u00e3o e inseguran\u00e7a dos sistemas de reconhecimento, dos diversos normativos legais e infralegais e da falta de um padr\u00e3o nacional para verifica\u00e7\u00e3o da pessoa.<\/p>\n\n\n\n<h2 class=\"wp-block-heading\" id=\"h-quais-sao-os-requisitos-basicos-para-solicitar-a-nova-identidade-digital\">Como emitir a CIN?<\/h2>\n\n\n\n<p>Todos os brasileiros podem ter acesso \u00e0 documenta\u00e7\u00e3o de forma simplificada. Em resumo, basta iniciar o processo solicitando o servi\u00e7o por meio do gov.br, site do Governo Federal. Atendendo aos requisitos b\u00e1sicos e estando com os documentos em m\u00e3os, \u00e9 necess\u00e1rio preencher corretamente os dados pessoais. Confira como:<\/p>\n\n\n\n<ul class=\"wp-block-list\">\n<li><strong>Confirma\u00e7\u00e3o de dados pessoais:<\/strong>&nbsp;o sistema recupera automaticamente informa\u00e7\u00f5es do CPF, cabendo ao solicitante conferir se todos os dados est\u00e3o corretos;<\/li>\n\n\n\n<li><strong>Atualiza\u00e7\u00e3o de endere\u00e7o:&nbsp;<\/strong>\u00e9 preciso informar o endere\u00e7o residencial atual, que constar\u00e1 no documento f\u00edsico e ser\u00e1 utilizado para eventual envio postal da carteira;<\/li>\n\n\n\n<li><strong>Agendamento de atendimento:&nbsp;<\/strong>os brasileiros v\u00e3o poder escolher o posto de atendimento mais pr\u00f3ximo de sua resid\u00eancia, assim como a data e hor\u00e1rio dispon\u00edveis para comparecimento;<\/li>\n\n\n\n<li><strong>Pagamento da taxa:&nbsp;<\/strong>ser\u00e1 gerado um boleto ou c\u00f3digo de pagamento via PIX para quita\u00e7\u00e3o da taxa de emiss\u00e3o;<\/li>\n\n\n\n<li><strong>Protocolo de atendimento:<\/strong>&nbsp;por fim, ser\u00e1 gerado um protocolo de atendimento que permitir\u00e1 consultar o andamento do processo e confirmar detalhes da etapa presencial. Na data marcada, \u00e9 s\u00f3 comparecer ao local com os documentos solicitados e realizar o cadastro de digitais e foto. O prazo de entrega da CIN varia de 15 a 30 dias.<\/li>\n<\/ul>\n","protected":false},"excerpt":{"rendered":"<p>Conforme determina\u00e7\u00e3o do Governo Federal, a Carteira de Identidade Nacional\u00a0(CIN)\u00a0tornou-se o novo documento de identifica\u00e7\u00e3o oficial no Brasil, lan\u00e7ado em 2022 para substituir gradualmente o antigo Registro Geral (RG)<\/p>\n","protected":false},"author":8,"featured_media":33373,"comment_status":"open","ping_status":"open","sticky":false,"template":"","format":"standard","meta":{"jnews-multi-image_gallery":[],"jnews_single_post":{"format":"standard"},"jnews_primary_category":[],"jnews_social_meta":[],"footnotes":""},"categories":[1],"tags":[],"class_list":["post-39138","post","type-post","status-publish","format-standard","has-post-thumbnail","hentry","category-mix"],"_links":{"self":[{"href":"https:\/\/correiodoestado.audiencelabs.com.br\/wp-json\/wp\/v2\/posts\/39138","targetHints":{"allow":["GET"]}}],"collection":[{"href":"https:\/\/correiodoestado.audiencelabs.com.br\/wp-json\/wp\/v2\/posts"}],"about":[{"href":"https:\/\/correiodoestado.audiencelabs.com.br\/wp-json\/wp\/v2\/types\/post"}],"author":[{"embeddable":true,"href":"https:\/\/correiodoestado.audiencelabs.com.br\/wp-json\/wp\/v2\/users\/8"}],"replies":[{"embeddable":true,"href":"https:\/\/correiodoestado.audiencelabs.com.br\/wp-json\/wp\/v2\/comments?post=39138"}],"version-history":[{"count":3,"href":"https:\/\/correiodoestado.audiencelabs.com.br\/wp-json\/wp\/v2\/posts\/39138\/revisions"}],"predecessor-version":[{"id":39459,"href":"https:\/\/correiodoestado.audiencelabs.com.br\/wp-json\/wp\/v2\/posts\/39138\/revisions\/39459"}],"wp:featuredmedia":[{"embeddable":true,"href":"https:\/\/correiodoestado.audiencelabs.com.br\/wp-json\/wp\/v2\/media\/33373"}],"wp:attachment":[{"href":"https:\/\/correiodoestado.audiencelabs.com.br\/wp-json\/wp\/v2\/media?parent=39138"}],"wp:term":[{"taxonomy":"category","embeddable":true,"href":"https:\/\/correiodoestado.audiencelabs.com.br\/wp-json\/wp\/v2\/categories?post=39138"},{"taxonomy":"post_tag","embeddable":true,"href":"https:\/\/correiodoestado.audiencelabs.com.br\/wp-json\/wp\/v2\/tags?post=39138"}],"curies":[{"name":"wp","href":"https:\/\/api.w.org\/{rel}","templated":true}]}}