{"id":39149,"date":"2026-04-01T09:24:00","date_gmt":"2026-04-01T12:24:00","guid":{"rendered":"https:\/\/correiodoestado.audiencelabs.com.br\/?p=39149"},"modified":"2026-04-01T10:52:33","modified_gmt":"2026-04-01T13:52:33","slug":"enquanto-faustao-perdeu-40-quilos-seu-filho-foi-alem-e-emagreceu-quase-o-dobro","status":"publish","type":"post","link":"https:\/\/correiodoestado.audiencelabs.com.br\/enquanto-faustao-perdeu-40-quilos-seu-filho-foi-alem-e-emagreceu-quase-o-dobro\/","title":{"rendered":"Enquanto Faust\u00e3o perdeu 40 quilos, seu filho foi al\u00e9m e emagreceu quase o dobro"},"content":{"rendered":"\n<p>Em 2009, ap\u00f3s realizar uma cirurgia bari\u00e1trica (bypass g\u00e1strico), <a href=\"https:\/\/correiodoestado.com.br\/mix\/filho-de-faustao-nao-esconde-nada-sobre-o-estado-de-saude-do-apresentador\/\" target=\"_blank\" rel=\"noreferrer noopener\">Fausto Silva, o Faust\u00e3o<\/a>, perdeu aproximadamente 40 quilos. O apresentador precisou mudar sua alimenta\u00e7\u00e3o a fim de tratar doen\u00e7as como obesidade e diabetes. Seguindo os mesmos passos do pai, Jo\u00e3o Guilherme assumiu a responsabilidade de mudar os costumes de sua rotina, fator que o projetou a perder 72 quilos.<\/p>\n\n\n\n<p>Na \u00e9poca, com 17 anos, o herdeiro de Faust\u00e3o pesava 150 kg, o que impossibilitava a candidatura para a cirurgia bari\u00e1trica. &#8220;Sabe o que acontece? [Para] quem \u00e9 ex-gordo, cada quilinho faz diferen\u00e7a. Eu sempre fui feliz, nunca tive problema. Mas a gente n\u00e3o imagina como pode ser mais feliz por quest\u00e3o de sa\u00fade e autoestima&#8221;, disse o jovem, ao ser entrevistado pelo pai.<\/p>\n\n\n\n<figure class=\"wp-block-image size-large\"><img loading=\"lazy\" decoding=\"async\" width=\"1024\" height=\"531\" src=\"https:\/\/correiodoestado.audiencelabs.com.br\/wp-content\/uploads\/2026\/03\/luciana-cardoso-posta-foto-com-o-filho-877743-1-1024x531.jpg\" alt=\"\" class=\"wp-image-39152\" srcset=\"https:\/\/correiodoestado.audiencelabs.com.br\/wp-content\/uploads\/2026\/03\/luciana-cardoso-posta-foto-com-o-filho-877743-1-1024x531.jpg 1024w, https:\/\/correiodoestado.audiencelabs.com.br\/wp-content\/uploads\/2026\/03\/luciana-cardoso-posta-foto-com-o-filho-877743-1-300x156.jpg 300w, https:\/\/correiodoestado.audiencelabs.com.br\/wp-content\/uploads\/2026\/03\/luciana-cardoso-posta-foto-com-o-filho-877743-1-768x398.jpg 768w, https:\/\/correiodoestado.audiencelabs.com.br\/wp-content\/uploads\/2026\/03\/luciana-cardoso-posta-foto-com-o-filho-877743-1-750x389.jpg 750w, https:\/\/correiodoestado.audiencelabs.com.br\/wp-content\/uploads\/2026\/03\/luciana-cardoso-posta-foto-com-o-filho-877743-1-1140x591.jpg 1140w, https:\/\/correiodoestado.audiencelabs.com.br\/wp-content\/uploads\/2026\/03\/luciana-cardoso-posta-foto-com-o-filho-877743-1.jpg 1200w\" sizes=\"auto, (max-width: 1024px) 100vw, 1024px\" \/><figcaption class=\"wp-element-caption\">Cr\u00e9ditos: Reprodu\u00e7\u00e3o\/Instagram\/@lucard<\/figcaption><\/figure>\n\n\n\n<p>No per\u00edodo em que Jo\u00e3o esteve prestes a operar, Luciana Cardoso, a m\u00e3e do tamb\u00e9m apresentador, afirmou que a bari\u00e1trica foi uma indica\u00e7\u00e3o m\u00e9dica para que o jovem n\u00e3o s\u00f3 emagrecesse, como tamb\u00e9m pudesse prevenir problemas futuros de sa\u00fade. Como resultado, o procedimento envolveu o grampeamento de parte do est\u00f4mago, fator que reduz o espa\u00e7o para o alimento.<\/p>\n\n\n\n<h2 class=\"wp-block-heading\">Faust\u00e3o se afasta dos holofotes<\/h2>\n\n\n\n<p>Fazendo jus ao ditado &#8220;filho de peixe, peixinho \u00e9&#8221;, Jo\u00e3o assinou contrato com o Sistema Brasileiro de Televis\u00e3o (SBT) em junho de 2025, depois de ter encerrado sua estadia na Band. Por outro lado, Fausto Silva se mant\u00e9m fora dos holofotes. Isso porque foi submetido a sucessivas cirurgias, que foram iniciadas em agosto de 2023.<\/p>\n\n\n\n<p>&#8220;Meu pai est\u00e1 bem, gra\u00e7as a Deus. Acho que ele est\u00e1 na melhor fase desde tudo o que aconteceu, os tratamentos de sa\u00fade. Sempre quis trabalhar com comunica\u00e7\u00e3o. Na televis\u00e3o, comecei com 17 anos, quando meu pai saiu da Globo e foi para a Band. Quando voc\u00ea \u00e9 filho [de algu\u00e9m famoso], ou voc\u00ea quer fazer exatamente o que ele faz ou tem pavor da coisa. Eu fui o filho que sempre quis estar junto&#8221;, disse o herdeiro.<\/p>\n","protected":false},"excerpt":{"rendered":"<p>Seguindo os mesmos passos de Faust\u00e3o, seu filho, Jo\u00e3o Silva, perdeu dezenas de quilos ap\u00f3s procedimento cir\u00fargico. Confira o que aconteceu<\/p>\n","protected":false},"author":8,"featured_media":39151,"comment_status":"open","ping_status":"open","sticky":false,"template":"","format":"standard","meta":{"jnews-multi-image_gallery":[],"jnews_single_post":{"format":"standard"},"jnews_primary_category":[],"jnews_social_meta":[],"footnotes":""},"categories":[1],"tags":[],"class_list":["post-39149","post","type-post","status-publish","format-standard","has-post-thumbnail","hentry","category-mix"],"_links":{"self":[{"href":"https:\/\/correiodoestado.audiencelabs.com.br\/wp-json\/wp\/v2\/posts\/39149","targetHints":{"allow":["GET"]}}],"collection":[{"href":"https:\/\/correiodoestado.audiencelabs.com.br\/wp-json\/wp\/v2\/posts"}],"about":[{"href":"https:\/\/correiodoestado.audiencelabs.com.br\/wp-json\/wp\/v2\/types\/post"}],"author":[{"embeddable":true,"href":"https:\/\/correiodoestado.audiencelabs.com.br\/wp-json\/wp\/v2\/users\/8"}],"replies":[{"embeddable":true,"href":"https:\/\/correiodoestado.audiencelabs.com.br\/wp-json\/wp\/v2\/comments?post=39149"}],"version-history":[{"count":1,"href":"https:\/\/correiodoestado.audiencelabs.com.br\/wp-json\/wp\/v2\/posts\/39149\/revisions"}],"predecessor-version":[{"id":39153,"href":"https:\/\/correiodoestado.audiencelabs.com.br\/wp-json\/wp\/v2\/posts\/39149\/revisions\/39153"}],"wp:featuredmedia":[{"embeddable":true,"href":"https:\/\/correiodoestado.audiencelabs.com.br\/wp-json\/wp\/v2\/media\/39151"}],"wp:attachment":[{"href":"https:\/\/correiodoestado.audiencelabs.com.br\/wp-json\/wp\/v2\/media?parent=39149"}],"wp:term":[{"taxonomy":"category","embeddable":true,"href":"https:\/\/correiodoestado.audiencelabs.com.br\/wp-json\/wp\/v2\/categories?post=39149"},{"taxonomy":"post_tag","embeddable":true,"href":"https:\/\/correiodoestado.audiencelabs.com.br\/wp-json\/wp\/v2\/tags?post=39149"}],"curies":[{"name":"wp","href":"https:\/\/api.w.org\/{rel}","templated":true}]}}